{"id":10335,"global_id":"www.promendoza.com\/en?id=10335","global_id_lineage":["www.promendoza.com\/en?id=10335"],"author":"1","status":"publish","date":"2020-07-15 16:03:36","date_utc":"2020-07-15 16:03:36","modified":"2020-07-15 16:03:36","modified_utc":"2020-07-15 16:03:36","url":"https:\/\/www.promendoza.com\/en\/event\/puentes-con-el-mundo-capitulo-azerbaiyan\/","rest_url":"https:\/\/www.promendoza.com\/en\/wp-json\/tribe\/events\/v1\/events\/10335","title":"Puentes con el mundo: Cap\u00edtulo Azerbaiy\u00e1n","description":"<style type=\"text\/css\"><\/style><p>Seminario Virtual con la exposici\u00f3n de nuestro Coordinador de Promoci\u00f3n Comercial, Fernando Urdaniz<\/p>","excerpt":"","slug":"puentes-con-el-mundo-capitulo-azerbaiyan","image":{"url":"https:\/\/www.promendoza.com\/wp-content\/uploads\/2020\/07\/img-1.jpg","id":10336,"extension":"jpg","width":560,"height":402,"sizes":{"medium":{"width":300,"height":215,"mime-type":"image\/jpeg","url":"https:\/\/www.promendoza.com\/wp-content\/uploads\/2020\/07\/img-1-300x215.jpg"},"thumbnail":{"width":150,"height":150,"mime-type":"image\/jpeg","url":"https:\/\/www.promendoza.com\/wp-content\/uploads\/2020\/07\/img-1-150x150.jpg"},"post-thumbnail":{"width":560,"height":390,"mime-type":"image\/jpeg","url":"https:\/\/www.promendoza.com\/wp-content\/uploads\/2020\/07\/img-1-560x390.jpg"},"small-thumb":{"width":55,"height":55,"mime-type":"image\/jpeg","url":"https:\/\/www.promendoza.com\/wp-content\/uploads\/2020\/07\/img-1-55x55.jpg"},"square-thumb":{"width":250,"height":250,"mime-type":"image\/jpeg","url":"https:\/\/www.promendoza.com\/wp-content\/uploads\/2020\/07\/img-1-250x250.jpg"},"blog-masonry-thumb":{"width":560,"height":390,"mime-type":"image\/jpeg","url":"https:\/\/www.promendoza.com\/wp-content\/uploads\/2020\/07\/img-1-560x390.jpg"},"event-thumb":{"width":300,"height":300,"mime-type":"image\/jpeg","url":"https:\/\/www.promendoza.com\/wp-content\/uploads\/2020\/07\/img-1-300x300.jpg"}}},"all_day":false,"start_date":"2020-06-16 11:00:00","start_date_details":{"year":"2020","month":"06","day":"16","hour":"11","minutes":"00","seconds":"00"},"end_date":"2020-06-16 12:00:00","end_date_details":{"year":"2020","month":"06","day":"16","hour":"12","minutes":"00","seconds":"00"},"utc_start_date":"2020-06-16 11:00:00","utc_start_date_details":{"year":"2020","month":"06","day":"16","hour":"11","minutes":"00","seconds":"00"},"utc_end_date":"2020-06-16 12:00:00","utc_end_date_details":{"year":"2020","month":"06","day":"16","hour":"12","minutes":"00","seconds":"00"},"timezone":"UTC+0","timezone_abbr":"UTC+0","cost":"","cost_details":{"currency_symbol":"","currency_position":"prefix","values":[]},"website":"","show_map":false,"show_map_link":false,"hide_from_listings":false,"sticky":false,"featured":false,"categories":[{"name":"Multisectorial","slug":"multisectorial","term_group":0,"term_taxonomy_id":62,"taxonomy":"tribe_events_cat","description":"","parent":0,"count":22,"filter":"raw","id":62,"urls":{"self":"https:\/\/www.promendoza.com\/en\/wp-json\/tribe\/events\/v1\/categories\/62","collection":"https:\/\/www.promendoza.com\/en\/wp-json\/tribe\/events\/v1\/categories"}}],"tags":[],"venue":[],"organizer":[],"json_ld":{"@context":"http:\/\/schema.org","@type":"Event","name":"Puentes con el mundo: Cap\u00edtulo Azerbaiy\u00e1n","description":"&lt;p&gt;Seminario Virtual con la exposici\u00f3n de nuestro Coordinador de Promoci\u00f3n Comercial, Fernando Urdaniz&lt;\/p&gt;\\n","image":"https:\/\/www.promendoza.com\/wp-content\/uploads\/2020\/07\/img-1.jpg","url":"https:\/\/www.promendoza.com\/en\/event\/puentes-con-el-mundo-capitulo-azerbaiyan\/","startDate":"2020-06-16T08:00:00-03:00","endDate":"2020-06-16T09:00:00-03:00","performer":"Organization"}}