{"id":4336,"global_id":"www.promendoza.com\/en?id=4336","global_id_lineage":["www.promendoza.com\/en?id=4336"],"author":"1","status":"publish","date":"2017-08-25 11:14:46","date_utc":"2017-08-25 14:14:46","modified":"2017-08-25 11:14:46","modified_utc":"2017-08-25 14:14:46","url":"https:\/\/www.promendoza.com\/en\/event\/foro-industrial-mendoza\/","rest_url":"https:\/\/www.promendoza.com\/en\/wp-json\/tribe\/events\/v1\/events\/4336","title":"Foro Industrial Mendoza","description":"<style type=\"text\/css\"><\/style><p>El 25 Y 26 de septiembre se realizar\u00e1 en el Auditorio Angel Bustelo el Foro Industrial Mendoza, organizado por la Uni\u00f3n Industrial de Mendoza, que agrupa a las c\u00e1maras empresariales de la provincia. ProMendoza est\u00e1 organizando actualmente su participaci\u00f3n en el foro especialmente en cuanto a metalmec\u00e1nica relacionada al sector Oil &amp; Gas.    \t<\/p>","excerpt":"","slug":"foro-industrial-mendoza","image":{"url":"https:\/\/www.promendoza.com\/wp-content\/uploads\/2017\/08\/uim-2.png","id":8240,"extension":"png","width":840,"height":463,"sizes":{"thumbnail":{"width":150,"height":150,"mime-type":"image\/png","url":"https:\/\/www.promendoza.com\/wp-content\/uploads\/2017\/08\/uim-2-150x150.png"},"medium":{"width":300,"height":165,"mime-type":"image\/png","url":"https:\/\/www.promendoza.com\/wp-content\/uploads\/2017\/08\/uim-2-300x165.png"},"medium_large":{"width":768,"height":423,"mime-type":"image\/png","url":"https:\/\/www.promendoza.com\/wp-content\/uploads\/2017\/08\/uim-2-768x423.png"},"post-thumbnail":{"width":820,"height":390,"mime-type":"image\/png","url":"https:\/\/www.promendoza.com\/wp-content\/uploads\/2017\/08\/uim-2-820x390.png"},"small-thumb":{"width":55,"height":55,"mime-type":"image\/png","url":"https:\/\/www.promendoza.com\/wp-content\/uploads\/2017\/08\/uim-2-55x55.png"},"square-thumb":{"width":250,"height":250,"mime-type":"image\/png","url":"https:\/\/www.promendoza.com\/wp-content\/uploads\/2017\/08\/uim-2-250x250.png"},"blog-masonry-thumb":{"width":580,"height":390,"mime-type":"image\/png","url":"https:\/\/www.promendoza.com\/wp-content\/uploads\/2017\/08\/uim-2-580x390.png"},"project-thumb":{"width":580,"height":460,"mime-type":"image\/png","url":"https:\/\/www.promendoza.com\/wp-content\/uploads\/2017\/08\/uim-2-580x460.png"},"project-masonry-thumb":{"width":580,"height":320,"mime-type":"image\/png","url":"https:\/\/www.promendoza.com\/wp-content\/uploads\/2017\/08\/uim-2-580x320.png"},"masonry-thumb":{"width":820,"height":452,"mime-type":"image\/png","url":"https:\/\/www.promendoza.com\/wp-content\/uploads\/2017\/08\/uim-2-820x452.png"},"event-thumb":{"width":300,"height":300,"mime-type":"image\/png","url":"https:\/\/www.promendoza.com\/wp-content\/uploads\/2017\/08\/uim-2-300x300.png"}}},"all_day":true,"start_date":"2017-09-25 00:00:00","start_date_details":{"year":"2017","month":"09","day":"25","hour":"00","minutes":"00","seconds":"00"},"end_date":"2017-09-26 23:59:59","end_date_details":{"year":"2017","month":"09","day":"26","hour":"23","minutes":"59","seconds":"59"},"utc_start_date":"2017-09-25 03:00:00","utc_start_date_details":{"year":"2017","month":"09","day":"25","hour":"03","minutes":"00","seconds":"00"},"utc_end_date":"2017-09-27 02:59:59","utc_end_date_details":{"year":"2017","month":"09","day":"27","hour":"02","minutes":"59","seconds":"59"},"timezone":"UTC-3","timezone_abbr":"","cost":"","cost_details":{"currency_symbol":"","currency_position":"prefix","values":[]},"website":"http:\/\/uimendoza.org\/","show_map":false,"show_map_link":false,"hide_from_listings":false,"sticky":false,"featured":false,"categories":[{"name":"Metalmec\u00e1nica","slug":"metalmecanica","term_group":0,"term_taxonomy_id":67,"taxonomy":"tribe_events_cat","description":"","parent":0,"count":24,"filter":"raw","id":67,"urls":{"self":"https:\/\/www.promendoza.com\/en\/wp-json\/tribe\/events\/v1\/categories\/67","collection":"https:\/\/www.promendoza.com\/en\/wp-json\/tribe\/events\/v1\/categories"}},{"name":"Petr\u00f3leo","slug":"petroleo","term_group":0,"term_taxonomy_id":63,"taxonomy":"tribe_events_cat","description":"","parent":0,"count":4,"filter":"raw","id":63,"urls":{"self":"https:\/\/www.promendoza.com\/en\/wp-json\/tribe\/events\/v1\/categories\/63","collection":"https:\/\/www.promendoza.com\/en\/wp-json\/tribe\/events\/v1\/categories"}}],"tags":[],"venue":{"id":4399,"author":"1","status":"inherit","date":"2019-02-11 20:38:59","date_utc":"2019-02-11 20:38:59","modified":"2019-02-11 20:38:59","modified_utc":"2019-02-11 20:38:59","url":"https:\/\/www.promendoza.com\/en\/4393-revision-v1\/","venue":"Empresas Locales","description":"<style type=\"text\/css\"> \n#cmsms_row_69f2d677504f97_21415509 .cmsms_row_outer_parent { \n\tpadding-top: 0px; \n} \n\n#cmsms_row_69f2d677504f97_21415509 .cmsms_row_outer_parent { \n\tpadding-bottom: 0px; \n} \n\n\r\n\t\t\t#cmsms_gallery_69f2d677505eb1_07902778 .cmsms_gallery {\r\n\t\t\t\tmargin:0 0 0 -10px;\r\n\t\t\t}\r\n\t\t\t\r\n\t\t\t#cmsms_gallery_69f2d677505eb1_07902778 .cmsms_gallery .cmsms_gallery_item {\r\n\t\t\t\tpadding:0 0 10px 10px;\r\n\t\t\t}\r\n\t\t \n#cmsms_row_69f2d67750bda1_39267212 .cmsms_row_outer_parent { \n\tpadding-top: 0px; \n} \n\n#cmsms_row_69f2d67750bda1_39267212 .cmsms_row_outer_parent { \n\tpadding-bottom: 0px; \n} \n\n<\/style><div id=\"cmsms_row_69f2d677504f97_21415509\" class=\"cmsms_row cmsms_color_scheme_default\">\n<div class=\"cmsms_row_outer_parent\">\n<div class=\"cmsms_row_outer\">\n<div class=\"cmsms_row_inner\">\n<div class=\"cmsms_row_margin\">\n<div class=\"cmsms_column one_first\">\n<div id=\"cmsms_gallery_69f2d677505eb1_07902778\" class=\"cmsms_gallery_wrap\"><ul class=\"cmsms_gallery cmsms_1 cmsms_more_items_loader\"><li class=\"cmsms_gallery_item\"><figure><img width=\"808\" height=\"279\" src=\"https:\/\/www.promendoza.com\/wp-content\/uploads\/2019\/02\/cabecera-empresas-locales.jpg\" class=\"attachment-full size-full\" alt=\"\" loading=\"lazy\" srcset=\"https:\/\/www.promendoza.com\/wp-content\/uploads\/2019\/02\/cabecera-empresas-locales.jpg 808w, https:\/\/www.promendoza.com\/wp-content\/uploads\/2019\/02\/cabecera-empresas-locales-300x104.jpg 300w, https:\/\/www.promendoza.com\/wp-content\/uploads\/2019\/02\/cabecera-empresas-locales-768x265.jpg 768w, https:\/\/www.promendoza.com\/wp-content\/uploads\/2019\/02\/cabecera-empresas-locales-580x200.jpg 580w\" sizes=\"(max-width: 808px) 100vw, 808px\" \/><\/figure><\/li><\/ul><script type=\"text\/javascript\">\r\n\t\t\tjQuery(document).ready(function () {\r\n\t\t\t\t(function ($) {\r\n\t\t\t\t\tif ($('#cmsms_gallery_69f2d677505eb1_07902778').find('.cmsms_gallery_item').length == '0') {\r\n\t\t\t\t\t\treturn false;\r\n\t\t\t\t\t}\r\n\t\t\t\t\t\r\n\t\t\t\t\t\r\n\t\t\t\t\tstartGallery( \r\n\t\t\t\t\t\t'69f2d677505eb1_07902778', \r\n\t\t\t\t\t\t'grid', \r\n\t\t\t\t\t\t'false', \r\n\t\t\t\t\t\t'false' \r\n\t\t\t\t\t);\r\n\t\t\t\t} )(jQuery);\r\n\t\t\t} );\r\n\t\t<\/script>\r\n\t\t<\/div>\n<\/div>\n<\/div>\n<\/div>\n<\/div>\n<\/div>\n<\/div>\n<div id=\"cmsms_row_69f2d67750bda1_39267212\" class=\"cmsms_row cmsms_color_scheme_default\">\n<div class=\"cmsms_row_outer_parent\">\n<div class=\"cmsms_row_outer\">\n<div class=\"cmsms_row_inner\">\n<div class=\"cmsms_row_margin\">\n<div class=\"cmsms_column one_fourth\">\n<div class=\"custom_html\">\n<div style=\"height: 32px;\"><\/div>\n<\/div>\n<div class=\"cmsms_img  cmsms_image_n\">\n<img src=\"https:\/\/www.promendoza.com\/wp-content\/uploads\/2019\/02\/card-servicios-exportador-204x300.png\" \/>\n<\/div>\n<\/div>\n<div class=\"cmsms_column three_fourth\">\n<div class=\"cmsms_text\">\n<p class=\"western\"><span style=\"font-family: Helvetica, serif;\"><span style=\"color: #666666;\">Fomentamos el crecimiento de las Pymes locales a trav\u00e9s de programas de desarrollo y capacitaci\u00f3n espec\u00edficos para responder a las diversas necesidades de los emprendimientos mendocinos.<\/span><\/span><\/p>\n<p class=\"western\"><span style=\"font-family: Helvetica, serif;\"><span style=\"color: #666666;\">Generamos informaci\u00f3n estrat\u00e9gica, acciones de promoci\u00f3n y herramientas para facilitar la exportaci\u00f3n de las peque\u00f1as empresas: misiones comerciales y agendas de negocios, ferias internacionales, rondas inversas con importadores, entre otras.<\/span><\/span><\/p>\n<\/div>\n<\/div>\n<\/div>\n<\/div>\n<\/div>\n<\/div>\n<\/div>","slug":"4393-revision-v1","json_ld":{"@type":"Place","name":"Empresas Locales","description":"&lt;p&gt;4394|http:\/\/www.promendoza.com\/wp-content\/uploads\/2019\/02\/cabecera-empresas-locales-150x150.jpgPGRpdiBzdHlsZT0iaGVpZ2h0OiAzMnB4OyI+PC9kaXY+4397|http:\/\/www.promendoza.com\/wp-content\/uploads\/2019\/02\/card-servicios-exportador-204x300.png|medium Fomentamos el crecimiento de las Pymes locales a trav\u00e9s de programas de desarrollo y capacitaci\u00f3n espec\u00edficos para responder a las diversas necesidades de los emprendimientos mendocinos. Generamos informaci\u00f3n estrat\u00e9gica,...&lt;\/p&gt;\\n","url":"","address":{"@type":"PostalAddress"},"telephone":"","sameAs":""},"show_map":true,"show_map_link":true,"global_id":"www.promendoza.com\/en?id=4399","global_id_lineage":["www.promendoza.com\/en?id=4399"]},"organizer":[{"id":4500,"author":"1","status":"inherit","date":"2019-02-13 16:25:20","date_utc":"2019-02-13 16:25:20","modified":"2019-02-13 16:25:20","modified_utc":"2019-02-13 16:25:20","url":"https:\/\/www.promendoza.com\/en\/4492-revision-v1\/","organizer":"Nuevos exportadores","description":"<style type=\"text\/css\"> \n#cmsms_row_69f2d677518554_28515843 .cmsms_row_outer_parent { \n\tpadding-top: 0px; \n} \n\n#cmsms_row_69f2d677518554_28515843 .cmsms_row_outer_parent { \n\tpadding-bottom: 0px; \n} \n\n\r\n\t\t\t#cmsms_gallery_69f2d677518d11_43074485 .cmsms_gallery {\r\n\t\t\t\tmargin:0 0 0 -10px;\r\n\t\t\t}\r\n\t\t\t\r\n\t\t\t#cmsms_gallery_69f2d677518d11_43074485 .cmsms_gallery .cmsms_gallery_item {\r\n\t\t\t\tpadding:0 0 10px 10px;\r\n\t\t\t}\r\n\t\t \n#cmsms_row_69f2d67751dc63_32470207 .cmsms_row_outer_parent { \n\tpadding-top: 0px; \n} \n\n#cmsms_row_69f2d67751dc63_32470207 .cmsms_row_outer_parent { \n\tpadding-bottom: 0px; \n} \n\n \n#cmsms_heading_69f2d6775243e1_64764732 { \n\ttext-align:left; \n\tmargin-top:35px; \n\tmargin-bottom:10px; \n} \n\n#cmsms_heading_69f2d6775243e1_64764732 .cmsms_heading { \n\ttext-align:left; \n} \n\n#cmsms_heading_69f2d6775243e1_64764732 .cmsms_heading, #cmsms_heading_69f2d6775243e1_64764732 .cmsms_heading a { \n\tfont-weight:normal; \n\tfont-style:normal; \n\tcolor:#0075c9;\n} \n\n#cmsms_heading_69f2d6775243e1_64764732 .cmsms_heading_divider { \n} \n\n \n#cmsms_row_69f2d677524739_45834059 { \n\tbackground-color:#f7f7f7;\n} \n\n#cmsms_row_69f2d677524739_45834059 .cmsms_row_outer_parent { \n\tpadding-top: 10px; \n} \n\n#cmsms_row_69f2d677524739_45834059 .cmsms_row_outer_parent { \n\tpadding-bottom: 0px; \n} \n\n \n#cmsms_heading_69f2d6775250d4_17384524 { \n\ttext-align:left; \n\tmargin-top:35px; \n\tmargin-bottom:20px; \n} \n\n#cmsms_heading_69f2d6775250d4_17384524 .cmsms_heading { \n\ttext-align:left; \n} \n\n#cmsms_heading_69f2d6775250d4_17384524 .cmsms_heading, #cmsms_heading_69f2d6775250d4_17384524 .cmsms_heading a { \n\tfont-weight:normal; \n\tfont-style:normal; \n\tcolor:#0075c9;\n} \n\n#cmsms_heading_69f2d6775250d4_17384524 .cmsms_heading_divider { \n} \n\n \n#cmsms_heading_69f2d6775257c1_40762358 { \n\ttext-align:left; \n\tmargin-top:35px; \n\tmargin-bottom:20px; \n} \n\n#cmsms_heading_69f2d6775257c1_40762358 .cmsms_heading { \n\ttext-align:left; \n} \n\n#cmsms_heading_69f2d6775257c1_40762358 .cmsms_heading, #cmsms_heading_69f2d6775257c1_40762358 .cmsms_heading a { \n\tfont-weight:normal; \n\tfont-style:normal; \n\tcolor:#0075c9;\n} \n\n#cmsms_heading_69f2d6775257c1_40762358 .cmsms_heading_divider { \n} \n\n \n#cmsms_heading_69f2d677525f62_12229231 { \n\ttext-align:left; \n\tmargin-top:35px; \n\tmargin-bottom:20px; \n} \n\n#cmsms_heading_69f2d677525f62_12229231 .cmsms_heading { \n\ttext-align:left; \n} \n\n#cmsms_heading_69f2d677525f62_12229231 .cmsms_heading, #cmsms_heading_69f2d677525f62_12229231 .cmsms_heading a { \n\tfont-weight:normal; \n\tfont-style:normal; \n\tcolor:#0075c9;\n} \n\n#cmsms_heading_69f2d677525f62_12229231 .cmsms_heading_divider { \n} \n\n \n#cmsms_row_69f2d6775261f6_31880837 .cmsms_row_outer_parent { \n\tpadding-top: 40px; \n} \n\n#cmsms_row_69f2d6775261f6_31880837 .cmsms_row_outer_parent { \n\tpadding-bottom: 50px; \n} \n\n<\/style><div id=\"cmsms_row_69f2d677518554_28515843\" class=\"cmsms_row cmsms_color_scheme_default\">\n<div class=\"cmsms_row_outer_parent\">\n<div class=\"cmsms_row_outer\">\n<div class=\"cmsms_row_inner\">\n<div class=\"cmsms_row_margin\">\n<div class=\"cmsms_column one_first\">\n<div id=\"cmsms_gallery_69f2d677518d11_43074485\" class=\"cmsms_gallery_wrap\"><ul class=\"cmsms_gallery cmsms_1 cmsms_more_items_loader\"><li class=\"cmsms_gallery_item\"><figure><img width=\"1080\" height=\"374\" src=\"https:\/\/www.promendoza.com\/wp-content\/uploads\/2019\/02\/Imagen-de-cabecera-2.jpg\" class=\"attachment-full size-full\" alt=\"\" loading=\"lazy\" srcset=\"https:\/\/www.promendoza.com\/wp-content\/uploads\/2019\/02\/Imagen-de-cabecera-2.jpg 1080w, https:\/\/www.promendoza.com\/wp-content\/uploads\/2019\/02\/Imagen-de-cabecera-2-300x104.jpg 300w, https:\/\/www.promendoza.com\/wp-content\/uploads\/2019\/02\/Imagen-de-cabecera-2-768x266.jpg 768w, https:\/\/www.promendoza.com\/wp-content\/uploads\/2019\/02\/Imagen-de-cabecera-2-1024x355.jpg 1024w, https:\/\/www.promendoza.com\/wp-content\/uploads\/2019\/02\/Imagen-de-cabecera-2-580x201.jpg 580w, https:\/\/www.promendoza.com\/wp-content\/uploads\/2019\/02\/Imagen-de-cabecera-2-820x284.jpg 820w\" sizes=\"(max-width: 1080px) 100vw, 1080px\" \/><\/figure><\/li><\/ul><script type=\"text\/javascript\">\r\n\t\t\tjQuery(document).ready(function () {\r\n\t\t\t\t(function ($) {\r\n\t\t\t\t\tif ($('#cmsms_gallery_69f2d677518d11_43074485').find('.cmsms_gallery_item').length == '0') {\r\n\t\t\t\t\t\treturn false;\r\n\t\t\t\t\t}\r\n\t\t\t\t\t\r\n\t\t\t\t\t\r\n\t\t\t\t\tstartGallery( \r\n\t\t\t\t\t\t'69f2d677518d11_43074485', \r\n\t\t\t\t\t\t'grid', \r\n\t\t\t\t\t\t'false', \r\n\t\t\t\t\t\t'false' \r\n\t\t\t\t\t);\r\n\t\t\t\t} )(jQuery);\r\n\t\t\t} );\r\n\t\t<\/script>\r\n\t\t<\/div>\n<\/div>\n<\/div>\n<\/div>\n<\/div>\n<\/div>\n<\/div>\n<div id=\"cmsms_row_69f2d67751dc63_32470207\" class=\"cmsms_row cmsms_color_scheme_default\">\n<div class=\"cmsms_row_outer_parent\">\n<div class=\"cmsms_row_outer\">\n<div class=\"cmsms_row_inner\">\n<div class=\"cmsms_row_margin\">\n<div class=\"cmsms_column one_fourth\">\n<div class=\"custom_html\">\n<div style=\"height: 32px;\"><\/div>\n<\/div>\n<div class=\"cmsms_img  cmsms_image_n\">\n<img src=\"https:\/\/www.promendoza.com\/wp-content\/uploads\/2019\/02\/Tarjeta-1.png\" \/>\n<\/div>\n<\/div>\n<div class=\"cmsms_column three_fourth\">\n\n<div id=\"cmsms_heading_69f2d6775243e1_64764732\" class=\"cmsms_heading_wrap cmsms_heading_align_left\">\n\t<h4 class=\"cmsms_heading\">Programa de desarrollo de nuevos exportadores (NEX)<\/h4>\n<\/div><div class=\"cmsms_text\">\n<p>NEX impulsa la inserci\u00f3n y continuidad de las PyMes mendocinas en mercados internacionales mediante el asesoramiento de un especialista en comercio exterior que acompa\u00f1a a la empresa en su desarrollo exportador.<\/p>\n<\/div>\n<\/div>\n<\/div>\n<\/div>\n<\/div>\n<\/div>\n<\/div>\n<div id=\"cmsms_row_69f2d677524739_45834059\" class=\"cmsms_row cmsms_color_scheme_default\">\n<div class=\"cmsms_row_outer_parent\">\n<div class=\"cmsms_row_outer\">\n<div class=\"cmsms_row_inner\">\n<div class=\"cmsms_row_margin\">\n<div class=\"cmsms_column one_third\">\n\n<div id=\"cmsms_heading_69f2d6775250d4_17384524\" class=\"cmsms_heading_wrap cmsms_heading_align_left\">\n\t<h5 class=\"cmsms_heading\">Objetivos<\/h5>\n<\/div><div class=\"cmsms_text\">\n<ul>\n<li>Iniciar y formar a la empresa en comercio exterior<\/li>\n<li>Identificar necesidades, fortalezas y debilidades<\/li>\n<li>Asistir a las empresas para la prospecci\u00f3n, penetraci\u00f3n y consolidaci\u00f3n en los mercados externos<\/li>\n<li>Apoyar a las empresas para mejorar su productividad y competitividad a trav\u00e9s de asistencia t\u00e9cnica especializada y capacitaci\u00f3n<\/li>\n<\/ul>\n<\/div>\n<\/div>\n<div class=\"cmsms_column one_third\">\n\n<div id=\"cmsms_heading_69f2d6775257c1_40762358\" class=\"cmsms_heading_wrap cmsms_heading_align_left\">\n\t<h5 class=\"cmsms_heading\">Beneficiarios<\/h5>\n<\/div><div class=\"cmsms_text\">\n<ul>\n<li>Empresas PyME con establecimiento productivo en la provincia de Mendoza<\/li>\n<li>Empresas que no hayan exportado o lo hicieron de manera coyuntural o indirecta<\/li>\n<li>Empresas con voluntad exportadora<\/li>\n<\/ul>\n<\/div>\n<\/div>\n<div class=\"cmsms_column one_third\">\n\n<div id=\"cmsms_heading_69f2d677525f62_12229231\" class=\"cmsms_heading_wrap cmsms_heading_align_left\">\n\t<h5 class=\"cmsms_heading\">Funcionamiento<\/h5>\n<\/div><div class=\"cmsms_text\">\n<p>Este programa tiene una extensi\u00f3n de 12 meses. En cada etapa la empresa contar\u00e1 con la asistencia de un profesional preparado y formado al efecto que asistir\u00e1 a la empresa en su desarrollo exportador, realizando un diagn\u00f3stico de competitividad, definiendo las acciones de promoci\u00f3n y ejecutando el plan estrat\u00e9gico.<\/p>\n<ul>\n<li>Primera Etapa: Diagn\u00f3stico del potencial exportador<\/li>\n<li>Segunda Etapa: Elaboraci\u00f3n del plan de internacionalizaci\u00f3n<\/li>\n<li>Tercera Etapa: Ejecuci\u00f3n del plan estrat\u00e9gico<\/li>\n<\/ul>\n<\/div>\n<\/div>\n<\/div>\n<\/div>\n<\/div>\n<\/div>\n<\/div>\n<div id=\"cmsms_row_69f2d6775261f6_31880837\" class=\"cmsms_row cmsms_color_scheme_default\">\n<div class=\"cmsms_row_outer_parent\">\n<div class=\"cmsms_row_outer\">\n<div class=\"cmsms_row_inner\">\n<div class=\"cmsms_row_margin\">\n<div class=\"cmsms_column one_first\">\n<div class=\"cmsms_text\">\n<address style=\"text-align: center;\">Para mayor informaci\u00f3n escribinos a <a href=\"mailto:pymexporta@promendoza.com\">nex@promendoza.com<\/a><\/address>\n<\/div>\n<\/div>\n<\/div>\n<\/div>\n<\/div>\n<\/div>\n<\/div>","slug":"4492-revision-v1","json_ld":{"@type":"Person","name":"Nuevos exportadores","description":"&lt;p&gt;4493|http:\/\/www.promendoza.com\/wp-content\/uploads\/2019\/02\/Imagen-de-cabecera-2-150x150.jpgPGRpdiBzdHlsZT0iaGVpZ2h0OiAzMnB4OyI+PC9kaXY+4494|http:\/\/www.promendoza.com\/wp-content\/uploads\/2019\/02\/Tarjeta-1.png|fullPrograma de desarrollo de nuevos exportadores (NEX) NEX impulsa la inserci\u00f3n y continuidad de las PyMes mendocinas en mercados internacionales mediante el asesoramiento de un especialista en comercio exterior que...&lt;\/p&gt;\\n","url":"","telephone":"","email":"","sameAs":""},"global_id":"www.promendoza.com\/en?id=4500","global_id_lineage":["www.promendoza.com\/en?id=4500"]}],"json_ld":{"@context":"http:\/\/schema.org","@type":"Event","name":"Foro Industrial Mendoza","description":"&lt;p&gt;El 25 Y 26 de septiembre se realizar\u00e1 en el Auditorio Angel Bustelo el Foro Industrial Mendoza, organizado por la Uni\u00f3n Industrial de Mendoza, que agrupa a las c\u00e1maras empresariales...&lt;\/p&gt;\\n","image":"https:\/\/www.promendoza.com\/wp-content\/uploads\/2017\/08\/uim-2.png","url":"https:\/\/www.promendoza.com\/en\/event\/foro-industrial-mendoza\/","startDate":"2017-09-25T00:00:00-03:00","endDate":"2017-09-26T23:59:59-03:00","location":{"@type":"Place","name":"Empresas Locales","description":"&lt;p&gt;4394|http:\/\/www.promendoza.com\/wp-content\/uploads\/2019\/02\/cabecera-empresas-locales-150x150.jpgPGRpdiBzdHlsZT0iaGVpZ2h0OiAzMnB4OyI+PC9kaXY+4397|http:\/\/www.promendoza.com\/wp-content\/uploads\/2019\/02\/card-servicios-exportador-204x300.png|medium Fomentamos el crecimiento de las Pymes locales a trav\u00e9s de programas de desarrollo y capacitaci\u00f3n espec\u00edficos para responder a las diversas necesidades de los emprendimientos mendocinos. Generamos informaci\u00f3n estrat\u00e9gica,...&lt;\/p&gt;\\n","url":"","address":{"@type":"PostalAddress"},"telephone":"","sameAs":""},"organizer":{"@type":"Person","name":"Nuevos exportadores","description":"&lt;p&gt;4493|http:\/\/www.promendoza.com\/wp-content\/uploads\/2019\/02\/Imagen-de-cabecera-2-150x150.jpgPGRpdiBzdHlsZT0iaGVpZ2h0OiAzMnB4OyI+PC9kaXY+4494|http:\/\/www.promendoza.com\/wp-content\/uploads\/2019\/02\/Tarjeta-1.png|fullPrograma de desarrollo de nuevos exportadores (NEX) NEX impulsa la inserci\u00f3n y continuidad de las PyMes mendocinas en mercados internacionales mediante el asesoramiento de un especialista en comercio exterior que...&lt;\/p&gt;\\n","url":"","telephone":"","email":"","sameAs":""},"performer":"Organization"}}