{"id":8409,"global_id":"www.promendoza.com\/en?id=8409","global_id_lineage":["www.promendoza.com\/en?id=8409"],"author":"1","status":"publish","date":"2017-07-12 11:11:59","date_utc":"2017-07-12 14:11:59","modified":"2017-07-12 11:11:59","modified_utc":"2017-07-12 14:11:59","url":"https:\/\/www.promendoza.com\/en\/event\/escenario-mundial-y-el-desafio-de-internacionalizar-tu-empresa\/","rest_url":"https:\/\/www.promendoza.com\/en\/wp-json\/tribe\/events\/v1\/events\/8409","title":"Escenario mundial y el desaf\u00edo de internacionalizar tu empresa","description":"<style type=\"text\/css\"><\/style><p>Durante el mi\u00e9rcoles 12 de julio se organizar\u00e1n 2 charlas en el Valle de Uco, en las cuales el gerente general de ProMendoza hablar\u00e1 sobre el escenario mundial y el desaf\u00edo de internacionalizar una empresa. Adem\u00e1s, se presentar\u00e1n las herramientas de financiamiento que ofrece la Fundaci\u00f3n, que son los Programas Pymexporta y de Desarrollo de Nuevos Exportadores (NEX).<\/p>\n<p>Durante la jornada el primer encuentro se desarrollar\u00e1 en la C\u00e1mara de Comercio de Tunuy\u00e1n, Irigoyen 745, de 9 a 10:30 horas.<\/p>\n<p>Luego la segunda reuni\u00f3n ser\u00e1 en Hotel Turismo de Tupungato, Av. Belgrano 1.060, de 11:30 a 13:00 horas.<\/p>\n<p>Los interesados podr\u00e1n confirmar su presencia con el Sr. Javier Rojas, al mail: regionaluco2@promendoza.com o al tel\u00e9fono (02622) 425543.    \t<\/p>","excerpt":"","slug":"escenario-mundial-y-el-desafio-de-internacionalizar-tu-empresa","image":{"url":"https:\/\/www.promendoza.com\/wp-content\/uploads\/2017\/07\/mapa-mano-2-3.png","id":8190,"extension":"png","width":422,"height":240,"sizes":{"thumbnail":{"width":150,"height":150,"mime-type":"image\/png","url":"https:\/\/www.promendoza.com\/wp-content\/uploads\/2017\/07\/mapa-mano-2-3-150x150.png"},"medium":{"width":300,"height":171,"mime-type":"image\/png","url":"https:\/\/www.promendoza.com\/wp-content\/uploads\/2017\/07\/mapa-mano-2-3-300x171.png"},"small-thumb":{"width":55,"height":55,"mime-type":"image\/png","url":"https:\/\/www.promendoza.com\/wp-content\/uploads\/2017\/07\/mapa-mano-2-3-55x55.png"},"square-thumb":{"width":250,"height":240,"mime-type":"image\/png","url":"https:\/\/www.promendoza.com\/wp-content\/uploads\/2017\/07\/mapa-mano-2-3-250x240.png"},"event-thumb":{"width":300,"height":240,"mime-type":"image\/png","url":"https:\/\/www.promendoza.com\/wp-content\/uploads\/2017\/07\/mapa-mano-2-3-300x240.png"}}},"all_day":false,"start_date":"2017-07-12 09:00:00","start_date_details":{"year":"2017","month":"07","day":"12","hour":"09","minutes":"00","seconds":"00"},"end_date":"2017-07-12 13:00:00","end_date_details":{"year":"2017","month":"07","day":"12","hour":"13","minutes":"00","seconds":"00"},"utc_start_date":"2017-07-12 12:00:00","utc_start_date_details":{"year":"2017","month":"07","day":"12","hour":"12","minutes":"00","seconds":"00"},"utc_end_date":"2017-07-12 16:00:00","utc_end_date_details":{"year":"2017","month":"07","day":"12","hour":"16","minutes":"00","seconds":"00"},"timezone":"UTC-3","timezone_abbr":"","cost":"","cost_details":{"currency_symbol":"","currency_position":"prefix","values":[]},"website":"","show_map":false,"show_map_link":false,"hide_from_listings":false,"sticky":false,"featured":false,"categories":[{"name":"Multisectorial","slug":"multisectorial","term_group":0,"term_taxonomy_id":62,"taxonomy":"tribe_events_cat","description":"","parent":0,"count":22,"filter":"raw","id":62,"urls":{"self":"https:\/\/www.promendoza.com\/en\/wp-json\/tribe\/events\/v1\/categories\/62","collection":"https:\/\/www.promendoza.com\/en\/wp-json\/tribe\/events\/v1\/categories"}}],"tags":[],"venue":[],"organizer":[{"id":3720,"author":"1","status":"publish","date":"2017-06-21 00:43:26","date_utc":"2017-06-21 03:43:26","modified":"2017-06-21 00:43:26","modified_utc":"2017-06-21 03:43:26","url":"https:\/\/www.promendoza.com\/en\/organizer\/promendoza-2\/","organizer":"ProMendoza","description":"<style type=\"text\/css\"><\/style>","slug":"promendoza-2","json_ld":{"@type":"Person","name":"ProMendoza","description":"","url":"","telephone":"","email":"","sameAs":""},"global_id":"www.promendoza.com\/en?id=3720","global_id_lineage":["www.promendoza.com\/en?id=3720"]}],"json_ld":{"@context":"http:\/\/schema.org","@type":"Event","name":"Escenario mundial y el desaf\u00edo de internacionalizar tu empresa","description":"&lt;p&gt;Durante el mi\u00e9rcoles 12 de julio se organizar\u00e1n 2 charlas en el Valle de Uco, en las cuales el gerente general de ProMendoza hablar\u00e1 sobre el escenario mundial y el...&lt;\/p&gt;\\n","image":"https:\/\/www.promendoza.com\/wp-content\/uploads\/2017\/07\/mapa-mano-2-3.png","url":"https:\/\/www.promendoza.com\/en\/event\/escenario-mundial-y-el-desafio-de-internacionalizar-tu-empresa\/","startDate":"2017-07-12T09:00:00-03:00","endDate":"2017-07-12T13:00:00-03:00","organizer":{"@type":"Person","name":"ProMendoza","description":"","url":"","telephone":"","email":"","sameAs":""},"performer":"Organization"}}