{"id":8420,"global_id":"www.promendoza.com\/en?id=8420","global_id_lineage":["www.promendoza.com\/en?id=8420"],"author":"1","status":"publish","date":"2017-08-25 11:26:34","date_utc":"2017-08-25 14:26:34","modified":"2017-08-25 11:26:34","modified_utc":"2017-08-25 14:26:34","url":"https:\/\/www.promendoza.com\/en\/event\/visita-directora-de-promexico\/","rest_url":"https:\/\/www.promendoza.com\/en\/wp-json\/tribe\/events\/v1\/events\/8420","title":"Visita Directora de ProM\u00e9xico","description":"<style type=\"text\/css\"><\/style><p>Visita de la directora ProM\u00e9xico    \t<\/p>","excerpt":"","slug":"visita-directora-de-promexico","image":false,"all_day":false,"start_date":"2017-08-29 12:00:00","start_date_details":{"year":"2017","month":"08","day":"29","hour":"12","minutes":"00","seconds":"00"},"end_date":"2017-08-29 12:00:00","end_date_details":{"year":"2017","month":"08","day":"29","hour":"12","minutes":"00","seconds":"00"},"utc_start_date":"2017-08-29 15:00:00","utc_start_date_details":{"year":"2017","month":"08","day":"29","hour":"15","minutes":"00","seconds":"00"},"utc_end_date":"2017-08-29 04:00:00","utc_end_date_details":{"year":"2017","month":"08","day":"29","hour":"04","minutes":"00","seconds":"00"},"timezone":"UTC-3","timezone_abbr":"","cost":"","cost_details":{"currency_symbol":"","currency_position":"prefix","values":[]},"website":"","show_map":false,"show_map_link":false,"hide_from_listings":false,"sticky":false,"featured":false,"categories":[{"name":"Negocios","slug":"negocios","term_group":0,"term_taxonomy_id":72,"taxonomy":"tribe_events_cat","description":"","parent":0,"count":6,"filter":"raw","id":72,"urls":{"self":"https:\/\/www.promendoza.com\/en\/wp-json\/tribe\/events\/v1\/categories\/72","collection":"https:\/\/www.promendoza.com\/en\/wp-json\/tribe\/events\/v1\/categories"}}],"tags":[],"venue":{"id":4340,"author":"1","status":"inherit","date":"2018-09-04 14:54:04","date_utc":"2018-09-04 14:54:04","modified":"2018-09-04 14:54:04","modified_utc":"2018-09-04 14:54:04","url":"https:\/\/www.promendoza.com\/en\/4048-revision-v1\/","venue":"Programa de desarrollo de nuevos exportadores","description":"<style type=\"text\/css\"> \n#cmsms_row_69f2d4b6181f90_66974172 .cmsms_row_outer_parent { \n\tpadding-top: 0px; \n} \n\n#cmsms_row_69f2d4b6181f90_66974172 .cmsms_row_outer_parent { \n\tpadding-bottom: 0px; \n} \n\n \n#cmsms_divider_69f2d4b618b275_50006837 { \n\tborder-bottom-width:0px; \n\tborder-bottom-style:solid; \n\tpadding-top:40px; \n\tmargin-bottom:0px; \n} \n \n#cmsms_heading_69f2d4b618b858_90796251 { \n\ttext-align:left; \n\tmargin-top:15px; \n\tmargin-bottom:0px; \n} \n\n#cmsms_heading_69f2d4b618b858_90796251 .cmsms_heading { \n\ttext-align:left; \n} \n\n#cmsms_heading_69f2d4b618b858_90796251 .cmsms_heading, #cmsms_heading_69f2d4b618b858_90796251 .cmsms_heading a { \n\tfont-weight:normal; \n\tfont-style:normal; \n\tcolor:#0075c9;\n} \n\n#cmsms_heading_69f2d4b618b858_90796251 .cmsms_heading_divider { \n} \n\n \n#cmsms_divider_69f2d4b618bbe2_62188769 { \n\tborder-bottom-width:0px; \n\tborder-bottom-style:solid; \n\tpadding-top:10px; \n\tmargin-bottom:0px; \n} \n \n#cmsms_row_69f2d4b618bf55_28149897 .cmsms_row_outer_parent { \n\tpadding-top: 0px; \n} \n\n#cmsms_row_69f2d4b618bf55_28149897 .cmsms_row_outer_parent { \n\tpadding-bottom: 30px; \n} \n\n \n#cmsms_heading_69f2d4b618caa6_21844365 { \n\ttext-align:left; \n\tmargin-top:0px; \n\tmargin-bottom:0px; \n} \n\n#cmsms_heading_69f2d4b618caa6_21844365 .cmsms_heading { \n\ttext-align:left; \n} \n\n#cmsms_heading_69f2d4b618caa6_21844365 .cmsms_heading, #cmsms_heading_69f2d4b618caa6_21844365 .cmsms_heading a { \n\tfont-weight:normal; \n\tfont-style:normal; \n\tcolor:#0075c9;\n} \n\n#cmsms_heading_69f2d4b618caa6_21844365 .cmsms_heading_divider { \n} \n\n \n#cmsms_divider_69f2d4b618cec8_43949877 { \n\tborder-bottom-width:0px; \n\tborder-bottom-style:solid; \n\tpadding-top:10px; \n\tmargin-bottom:0px; \n} \n \n#cmsms_heading_69f2d4b618d564_31499339 { \n\ttext-align:left; \n\tmargin-top:15px; \n\tmargin-bottom:0px; \n} \n\n#cmsms_heading_69f2d4b618d564_31499339 .cmsms_heading { \n\ttext-align:left; \n} \n\n#cmsms_heading_69f2d4b618d564_31499339 .cmsms_heading, #cmsms_heading_69f2d4b618d564_31499339 .cmsms_heading a { \n\tfont-weight:normal; \n\tfont-style:normal; \n\tcolor:#0075c9;\n} \n\n#cmsms_heading_69f2d4b618d564_31499339 .cmsms_heading_divider { \n} \n\n \n#cmsms_divider_69f2d4b618d8a2_33317219 { \n\tborder-bottom-width:0px; \n\tborder-bottom-style:solid; \n\tpadding-top:10px; \n\tmargin-bottom:0px; \n} \n<\/style><div id=\"cmsms_row_69f2d4b6181f90_66974172\" class=\"cmsms_row cmsms_color_scheme_default\">\n<div class=\"cmsms_row_outer_parent\">\n<div class=\"cmsms_row_outer\">\n<div class=\"cmsms_row_inner\">\n<div class=\"cmsms_row_margin\">\n<div class=\"cmsms_column one_fourth\">\n<div class=\"custom_html\">\n<div style=\"height: 32px;\"><\/div>\n<\/div>\n<div class=\"cmsms_img  cmsms_image_n\">\n<img src=\"https:\/\/www.promendoza.com\/wp-content\/uploads\/2018\/09\/exportadores_204.png\" \/>\n<\/div>\n<\/div>\n<div class=\"cmsms_column three_fourth\">\n\n<div id=\"cmsms_divider_69f2d4b618b275_50006837\" class=\"cl\"><\/div>\n<div class=\"cmsms_text\">\n<p>El programa de Desarrollo de Nuevos Exportadores (NEX) impulsa la inserci\u00f3n y continuidad de las PyMes mendocinas en mercados internacionales mediante el asesoramiento de un especialista en comercio exterior que acompa\u00f1a a la empresa en su desarrollo exportador.<\/p>\n<\/div>\n\n<div id=\"cmsms_heading_69f2d4b618b858_90796251\" class=\"cmsms_heading_wrap cmsms_heading_align_left\">\n\t<h4 class=\"cmsms_heading\">Objetivos<\/h4>\n<\/div>\n\n<div id=\"cmsms_divider_69f2d4b618bbe2_62188769\" class=\"cl\"><\/div>\n<div class=\"cmsms_text\">\n<p>&#8211; Iniciar y formar a la empresa en comercio exterior<br \/>\n&#8211; Identificar necesidades, fortalezas y debilidades<br \/>\n&#8211; Asistir a las empresas para la prospecci\u00f3n, penetraci\u00f3n y consolidaci\u00f3n en los mercados externos<br \/>\n&#8211; Apoyar a las empresas para mejorar su productividad y competitividad a trav\u00e9s de asistencia t\u00e9cnica especializada y capacitaci\u00f3n<\/p>\n<\/div>\n<\/div>\n<\/div>\n<\/div>\n<\/div>\n<\/div>\n<\/div>\n<div id=\"cmsms_row_69f2d4b618bf55_28149897\" class=\"cmsms_row cmsms_color_scheme_default\">\n<div class=\"cmsms_row_outer_parent\">\n<div class=\"cmsms_row_outer\">\n<div class=\"cmsms_row_inner\">\n<div class=\"cmsms_row_margin\">\n<div class=\"cmsms_column one_first\">\n\n<div id=\"cmsms_heading_69f2d4b618caa6_21844365\" class=\"cmsms_heading_wrap cmsms_heading_align_left\">\n\t<h4 class=\"cmsms_heading\">Beneficiarios<\/h4>\n<\/div>\n\n<div id=\"cmsms_divider_69f2d4b618cec8_43949877\" class=\"cl\"><\/div>\n<div class=\"cmsms_text\">\n<p>&#8211; Empresas PyME con establecimiento productivo en la provincia de Mendoza<br \/>\n&#8211; Empresas que no hayan exportado o lo hicieron de manera coyuntural o indirecta<br \/>\n&#8211; Empresas con voluntad exportadora<\/p>\n<\/div>\n\n<div id=\"cmsms_heading_69f2d4b618d564_31499339\" class=\"cmsms_heading_wrap cmsms_heading_align_left\">\n\t<h4 class=\"cmsms_heading\">Funcionamiento<\/h4>\n<\/div>\n\n<div id=\"cmsms_divider_69f2d4b618d8a2_33317219\" class=\"cl\"><\/div>\n<div class=\"cmsms_text\">\n<p>Este programa tiene una extensi\u00f3n de 12 meses. En cada etapa la empresa contar\u00e1 con la asistencia de un profesional preparado y formado al efecto que asistir\u00e1 a la empresa en su desarrollo exportador, realizando un diagn\u00f3stico de competitividad, definiendo las acciones de promoci\u00f3n y ejecutando el plan estrat\u00e9gico.<\/p>\n<p>&#8211; Primera Etapa: Diagn\u00f3stico del potencial exportador<br \/>\n&#8211; Segunda Etapa: Elaboraci\u00f3n del plan de internacionalizaci\u00f3n.<br \/>\n&#8211; Tercera Etapa: Ejecuci\u00f3n del plan estrat\u00e9gico.<\/p>\n<\/div>\n<\/div>\n<\/div>\n<\/div>\n<\/div>\n<\/div>\n<\/div>\n<div id=\"cmsms_row_69f2d4b618db66_12835125\" class=\"cmsms_row cmsms_color_scheme_default\">\n<div class=\"cmsms_row_outer_parent\">\n<div class=\"cmsms_row_outer\">\n<div class=\"cmsms_row_inner\">\n<div class=\"cmsms_row_margin\">\n<div class=\"cmsms_column one_first\">\n<div class=\"cmsms_text\">\n<p>&nbsp;<\/p>\n<\/div>\n<\/div>\n<\/div>\n<\/div>\n<\/div>\n<\/div>\n<\/div>","slug":"4048-revision-v1","json_ld":{"@type":"Place","name":"Programa de desarrollo de nuevos exportadores","description":"&lt;p&gt;PGRpdiBzdHlsZT0iaGVpZ2h0OiAzMnB4OyI+PC9kaXY+4320|http:\/\/www.promendoza.com\/wp-content\/uploads\/2018\/09\/exportadores_204.png|full El programa de Desarrollo de Nuevos Exportadores (NEX) impulsa la inserci\u00f3n y continuidad de las PyMes mendocinas en mercados internacionales mediante el asesoramiento de un especialista en comercio exterior...&lt;\/p&gt;\\n","url":"","address":{"@type":"PostalAddress"},"telephone":"","sameAs":""},"show_map":true,"show_map_link":true,"global_id":"www.promendoza.com\/en?id=4340","global_id_lineage":["www.promendoza.com\/en?id=4340"]},"organizer":[{"id":4341,"author":"1","status":"publish","date":"2017-08-25 11:26:37","date_utc":"2017-08-25 14:26:37","modified":"2017-08-25 11:26:37","modified_utc":"2017-08-25 14:26:37","url":"https:\/\/www.promendoza.com\/en\/organizer\/promendoza\/","organizer":"ProMendoza","description":"<style type=\"text\/css\"><\/style>","slug":"promendoza","json_ld":{"@type":"Person","name":"ProMendoza","description":"","url":"","telephone":"","email":"","sameAs":""},"global_id":"www.promendoza.com\/en?id=4341","global_id_lineage":["www.promendoza.com\/en?id=4341"]}],"json_ld":{"@context":"http:\/\/schema.org","@type":"Event","name":"Visita Directora de ProM\u00e9xico","description":"&lt;p&gt;Visita de la directora ProM\u00e9xico&lt;\/p&gt;\\n","url":"https:\/\/www.promendoza.com\/en\/event\/visita-directora-de-promexico\/","startDate":"2017-08-29T12:00:00-03:00","endDate":"2017-08-29T01:00:00-03:00","location":{"@type":"Place","name":"Programa de desarrollo de nuevos exportadores","description":"&lt;p&gt;PGRpdiBzdHlsZT0iaGVpZ2h0OiAzMnB4OyI+PC9kaXY+4320|http:\/\/www.promendoza.com\/wp-content\/uploads\/2018\/09\/exportadores_204.png|full El programa de Desarrollo de Nuevos Exportadores (NEX) impulsa la inserci\u00f3n y continuidad de las PyMes mendocinas en mercados internacionales mediante el asesoramiento de un especialista en comercio exterior...&lt;\/p&gt;\\n","url":"","address":{"@type":"PostalAddress"},"telephone":"","sameAs":""},"organizer":{"@type":"Person","name":"ProMendoza","description":"","url":"","telephone":"","email":"","sameAs":""},"performer":"Organization"}}