{"id":10259,"date":"2020-05-14T12:07:47","date_gmt":"2020-05-14T12:07:47","guid":{"rendered":"https:\/\/www.promendoza.com\/es\/?p=10259"},"modified":"2021-03-06T16:01:17","modified_gmt":"2021-03-06T16:01:17","slug":"promendoza-y-los-municipios-trabajaran-de-manera-conjunta-para-llegar-a-mas-empresas","status":"publish","type":"post","link":"https:\/\/www.promendoza.com\/en\/promendoza-y-los-municipios-trabajaran-de-manera-conjunta-para-llegar-a-mas-empresas\/","title":{"rendered":"PROMENDOZA Y LOS MUNICIPIOS TRABAJAR\u00c1N DE MANERA CONJUNTA PARA LLEGAR A M\u00c1S EMPRESAS"},"content":{"rendered":"<style type=\"text\/css\"><\/style><h3>El gerente de ProMendoza, Mario L\u00e1zzaro, junto al equipo de Promoci\u00f3n Comercial de la Fundaci\u00f3n, se reunieron hoy con los directores de Desarrollo Econ\u00f3mico de las intendencias de Mendoza, a fin de informarles los principales Ejes de trabajo que se hab\u00edan fijado para el a\u00f1o 2020 y en la adaptaci\u00f3n a las circunstancias presentarles las actividades de promoci\u00f3n comercial que se realizar\u00e1n en cuarentena.<\/h3>\n<p>Haciendo uso obligado de lo virtual el coraz\u00f3n entonces de la reuni\u00f3n fue informar las acciones de Promoci\u00f3n Comercial m\u00e1s importantes que ser\u00e1n ejecutadas por ProMendoza en este contexto de la pandemia del COVID 19.<\/p>\n<p>\u201cDesde la virtualidad obligada se busca recrear y generar las condiciones de una verdadera oportunidad de negociar con clientes del exterior y cerrar negocios\u201d explic\u00f3 Mario L\u00e1zzaro.<\/p>\n<p>\u201cA trav\u00e9s de los directores departamentales, se espera llegar a m\u00e1s empresas relacionadas con los municipios, y que pretendan incrementar sus negocios en el exterior o exportar por primera vez\u201d agreg\u00f3 el gerente.<\/p>\n<p>Participaron directores y representantes de los municipios de Capital, Las Heras, Godoy Cruz, Guaymall\u00e9n, Luj\u00e1n de Cuyo, Maip\u00fa, Rivadavia, San Mart\u00edn, Santa Rosa, La Paz, Tunuy\u00e1n, San Carlos, Tupungato, San Rafael, General Alvear y Malarg\u00fce. Adem\u00e1s, estuvo presente el Delegado del Ministerios de Econom\u00eda en el sur de la provincia, Edgar Rodr\u00edguez.<\/p>\n<p>All\u00ed se explicaron las pr\u00f3ximas actividades que desarrollar\u00e1 ProMendoza en el primer semestre seguramente signado en gran parte por la cuarentena, a fin de ampliar la convocatoria de empresas con la participaci\u00f3n activa de los municipios. Estas actividades son:<\/p>\n<ul>\n<li>Seminario sobre Hub para vinos en EEUU. Proyecto de Lovemark (19 de Mayo)<\/li>\n<li>Ronda de negocios con Brasil (Junio)<\/li>\n<li>Ronda de vinos a granel (Junio)<\/li>\n<li>Kroger\u00b4s importador de vinos y alimentos de EEUU (Junio \u2013 Julio)<\/li>\n<li>Chile: Hub Puente Andino en Los Andes (Junio)<\/li>\n<\/ul>\n<p>&nbsp;<\/p>\n<p>Se destac\u00f3 en la reuni\u00f3n el protagonismo que tendr\u00e1n las Oficinas regionales de ProMendoza tanto en la vinculaci\u00f3n como la coordinaci\u00f3n para abarcar en la acci\u00f3n a la mayor cantidad de potenciales exportadores en todos los rubros.<\/p>\n","protected":false},"excerpt":{"rendered":"<p>El gerente de ProMendoza, Mario L\u00e1zzaro, junto al equipo de Promoci\u00f3n Comercial de la Fundaci\u00f3n, se reunieron hoy con los directores de Desarrollo Econ\u00f3mico de las intendencias de Mendoza, a&#8230;<\/p>\n","protected":false},"author":1,"featured_media":10260,"comment_status":"closed","ping_status":"open","sticky":false,"template":"","format":"image","meta":[],"categories":[54],"tags":[],"_links":{"self":[{"href":"https:\/\/www.promendoza.com\/en\/wp-json\/wp\/v2\/posts\/10259"}],"collection":[{"href":"https:\/\/www.promendoza.com\/en\/wp-json\/wp\/v2\/posts"}],"about":[{"href":"https:\/\/www.promendoza.com\/en\/wp-json\/wp\/v2\/types\/post"}],"author":[{"embeddable":true,"href":"https:\/\/www.promendoza.com\/en\/wp-json\/wp\/v2\/users\/1"}],"replies":[{"embeddable":true,"href":"https:\/\/www.promendoza.com\/en\/wp-json\/wp\/v2\/comments?post=10259"}],"version-history":[{"count":2,"href":"https:\/\/www.promendoza.com\/en\/wp-json\/wp\/v2\/posts\/10259\/revisions"}],"predecessor-version":[{"id":10262,"href":"https:\/\/www.promendoza.com\/en\/wp-json\/wp\/v2\/posts\/10259\/revisions\/10262"}],"wp:featuredmedia":[{"embeddable":true,"href":"https:\/\/www.promendoza.com\/en\/wp-json\/wp\/v2\/media\/10260"}],"wp:attachment":[{"href":"https:\/\/www.promendoza.com\/en\/wp-json\/wp\/v2\/media?parent=10259"}],"wp:term":[{"taxonomy":"category","embeddable":true,"href":"https:\/\/www.promendoza.com\/en\/wp-json\/wp\/v2\/categories?post=10259"},{"taxonomy":"post_tag","embeddable":true,"href":"https:\/\/www.promendoza.com\/en\/wp-json\/wp\/v2\/tags?post=10259"}],"curies":[{"name":"wp","href":"https:\/\/api.w.org\/{rel}","templated":true}]}}