{"id":10713,"date":"2021-06-02T19:37:30","date_gmt":"2021-06-02T19:37:30","guid":{"rendered":"https:\/\/www.promendoza.com\/es\/?p=10713"},"modified":"2021-06-14T19:41:15","modified_gmt":"2021-06-14T19:41:15","slug":"luis-abrego-nuevo-presidente-de-promendoza","status":"publish","type":"post","link":"https:\/\/www.promendoza.com\/en\/luis-abrego-nuevo-presidente-de-promendoza\/","title":{"rendered":"Luis Abrego nuevo presidente de ProMendoza"},"content":{"rendered":"<style type=\"text\/css\"><\/style>\n<figure class=\"wp-block-image\"><img alt=\"\"\/><\/figure>\n\n\n\n<p><strong>En una nueva reuni\u00f3n de Consejo de Administraci\u00f3n, se concret\u00f3 la asamblea anual y asumi\u00f3 el cargo como nuevo presidente de Fundaci\u00f3n ProMendoza Luis Abrego, contador y actual titular de la Bolsa de Comercio.<\/strong><\/p>\n\n\n\n<p><br>La Fundaci\u00f3n ProMendoza es un organismo mixto conformado por el Gobierno de la provincia, la Uni\u00f3n Comercial e Industrial de Mendoza (UCIM), la Federaci\u00f3n Econ\u00f3mica de Mendoza (FEM) y la Bolsa de Comercio de Mendoza. Prev\u00e9 en su estatuto el cambio anual de autoridades, con rotaci\u00f3n del ministro de Econom\u00eda y Energ\u00eda y de los presidentes de cada una de las instituciones privadas.<\/p>\n\n\n\n<p>En esta ocasi\u00f3n, ante la presencia de los miembros del Consejo de Administraci\u00f3n de la Fundaci\u00f3n y del gerente de ProMendoza, Mario L\u00e1zzaro, asumieron:<\/p>\n\n\n\n<p>Presidente: Luis Abrego \u2013 Bolsa de Comercio de Mendoza SA.<br>Vicepresidente 1\u00ba: Enrique Vaqui\u00e9 \u2013 Gobierno de Mendoza.<br>Vicepresidente 2\u00ba: Alfredo Cecchi \u2013 FEM.<br>Vicepresidente 3\u00ba: Daniel Ariosto \u2013 UCIM.<br>Secretario General: David Crocco \u2013 Bolsa de Comercio de Mendoza SA.<br>Tesorero: Juan Enrique Jos\u00e9 Viciana \u2013 UCIM.<br>Pro-Tesorero: Marcelo Japaz \u2013 Gobierno de Mendoza<br>Vocal: Sebasti\u00e1n Lafalla \u2013 FEM.<br>Suplente: Facundo Leandro Biffi \u2013 Gobierno de Mendoza<\/p>\n\n\n\n<p><br>Luego de su asunci\u00f3n, el flamante presidente destac\u00f3: \u201cUna vez m\u00e1s le toca a la Bolsa de Comercio asumir la presidencia de ProMendoza, instituci\u00f3n que, junto a otros actores econ\u00f3micos y al Gobierno de la provincia, ayudamos a fundar y gestionar para, despu\u00e9s de 25 a\u00f1os, encontrarnos frente a un organismo consolidado, en funcionamiento y con un claro prestigio nacional e internacional\u201d.<\/p>\n\n\n\n<p>\u201cSon innumerables los aportes, ideas y proyectos que han surgido desde esta entidad para el desarrollo de la provincia, siempre basados en el trabajo, la informaci\u00f3n y un conocimiento acabado de los distintos escenarios que marcan la realidad del mundo, del pa\u00eds y la regi\u00f3n\u201d, asegur\u00f3 Abrego.<\/p>\n\n\n\n<p>\u201cDesde el lugar que nos toque, pero con esfuerzo, gesti\u00f3n y constancia, debemos insistir en corregir aquellos aspectos econ\u00f3micos y financieros del pa\u00eds que de alguna manera obstaculizan el proceso normal, virtuoso y estrat\u00e9gico de colocar nuestros productos en los diferentes mercados del mundo\u201d, culmin\u00f3 el nuevo presidente.<\/p>\n","protected":false},"excerpt":{"rendered":"<p>En una nueva reuni\u00f3n de Consejo de Administraci\u00f3n, se concret\u00f3 la asamblea anual y asumi\u00f3 el cargo como nuevo presidente de Fundaci\u00f3n ProMendoza Luis Abrego, contador y actual titular de&#8230;<\/p>\n","protected":false},"author":1,"featured_media":10678,"comment_status":"closed","ping_status":"open","sticky":false,"template":"","format":"image","meta":[],"categories":[54],"tags":[],"_links":{"self":[{"href":"https:\/\/www.promendoza.com\/en\/wp-json\/wp\/v2\/posts\/10713"}],"collection":[{"href":"https:\/\/www.promendoza.com\/en\/wp-json\/wp\/v2\/posts"}],"about":[{"href":"https:\/\/www.promendoza.com\/en\/wp-json\/wp\/v2\/types\/post"}],"author":[{"embeddable":true,"href":"https:\/\/www.promendoza.com\/en\/wp-json\/wp\/v2\/users\/1"}],"replies":[{"embeddable":true,"href":"https:\/\/www.promendoza.com\/en\/wp-json\/wp\/v2\/comments?post=10713"}],"version-history":[{"count":3,"href":"https:\/\/www.promendoza.com\/en\/wp-json\/wp\/v2\/posts\/10713\/revisions"}],"predecessor-version":[{"id":10716,"href":"https:\/\/www.promendoza.com\/en\/wp-json\/wp\/v2\/posts\/10713\/revisions\/10716"}],"wp:featuredmedia":[{"embeddable":true,"href":"https:\/\/www.promendoza.com\/en\/wp-json\/wp\/v2\/media\/10678"}],"wp:attachment":[{"href":"https:\/\/www.promendoza.com\/en\/wp-json\/wp\/v2\/media?parent=10713"}],"wp:term":[{"taxonomy":"category","embeddable":true,"href":"https:\/\/www.promendoza.com\/en\/wp-json\/wp\/v2\/categories?post=10713"},{"taxonomy":"post_tag","embeddable":true,"href":"https:\/\/www.promendoza.com\/en\/wp-json\/wp\/v2\/tags?post=10713"}],"curies":[{"name":"wp","href":"https:\/\/api.w.org\/{rel}","templated":true}]}}