{"id":11619,"date":"2021-12-16T16:39:44","date_gmt":"2021-12-16T16:39:44","guid":{"rendered":"https:\/\/www.promendoza.com\/es\/?p=11619"},"modified":"2021-12-16T16:40:22","modified_gmt":"2021-12-16T16:40:22","slug":"presentaron-herramientas-de-chile-y-mendoza-para-potenciar-emprendedores-de-impacto","status":"publish","type":"post","link":"https:\/\/www.promendoza.com\/en\/presentaron-herramientas-de-chile-y-mendoza-para-potenciar-emprendedores-de-impacto\/","title":{"rendered":"Presentaron herramientas de Chile y Mendoza para potenciar emprendedores de impacto"},"content":{"rendered":"<style type=\"text\/css\"><\/style>\n<figure class=\"wp-block-image\"><img alt=\"\"\/><\/figure>\n\n\n\n<p>El evento fue organizado por ProChile, Fundaci\u00f3n ProMendoza, Direcci\u00f3n de Emprendedores y Direcci\u00f3n de Innovaci\u00f3n y Desarrollo Econ\u00f3mico del Ministerio de Econom\u00eda y Energ\u00eda y Consulado General de Chile en Mendoza, con el objeto de dar a conocer herramientas para apoyar emprendimientos de impacto, de ambos pa\u00edses.<br>Alrededor de 40 emprendedores mendocinos se reunieron de manera presencial para conocer las herramientas mendocinas y chilenas que potencian a los emprendedores de impacto social, apostando por un futuro de integraci\u00f3n en el comercio exterior que requiere cada d\u00eda de empresarios capaces de transformar sus sue\u00f1os en objetivos y metas.<\/p>\n\n\n\n<p>Adem\u00e1s, de las herramientas para el desarrollo de los emprendimientos de impacto, se ahond\u00f3 en las estrategias para interactuar con empresas de triple impacto de Chile.<\/p>\n\n\n\n<p>El evento fue organizado por ProChile, Fundaci\u00f3n ProMendoza, Direcci\u00f3n de Emprendedores y Direcci\u00f3n de Innovaci\u00f3n y Desarrollo Econ\u00f3mico del Ministerio de Econom\u00eda y Energ\u00eda y Consulado General de Chile en Mendoza, con el objeto de dar a conocer herramientas para apoyar emprendimientos de impacto, de ambos pa\u00edses.<\/p>\n\n\n\n<p>El encuentro cont\u00f3 con el apoyo de Corfo, Start-Up Chile, ASEA, Endeavor, Comunidad B Mendoza, Trivento, Valos, Carbula.com, Impact Latam, Sistema B y Tucuota.com.<\/p>\n\n\n\n<p>En la apertura, Eduardo Schott Stolzenbach, c\u00f3nsul chileno en Mendoza, destac\u00f3 \u201cel beneficio del impacto emprendedor, que es un punto de inflexi\u00f3n en el mundo y que ha logrado un cambio significativo en Europa, por lo que se espera que en Latinoam\u00e9rica ocurra lo mismo\u201d.<\/p>\n\n\n\n<p>Mario L\u00e1zzaro, gerente general de ProMendoza, asegur\u00f3 que \u201cdesde Mendoza se busca apoyar a empresas que quieran lograr un impacto positivo en nuestro entorno, por lo que, articular con ProChile y el Consulado, es imprescindible, para hacer sinergia y ampliar la zona de influencia. Es por ello que ProMendoza ofrece herramientas para que las empresas puedan vincularse e internacionalizarse. Trabajando para alcanzar nuestro mayor objetivo, que es conformar la Macrorregi\u00f3n Mendoza- Santiago- Quinta Regi\u00f3n, beneficiando los negocios de los emprendedores de ambos lados de la Cordillera\u201d.<\/p>\n\n\n\n<p>Raimundo Swett, Agregado Comercial de Chile en Argentina, explic\u00f3 que \u201cel mundo pide m\u00e1s empresas B, por eso desde Chile buscamos la asociaci\u00f3n, para convertir en una oportunidad para Mendoza los tratados chilenos que abren puertas a muchos otros pa\u00edses\u201d.<\/p>\n\n\n\n<p>Swett destac\u00f3 que \u201cChile es un mercado de 19 millones de personas, pero los tratados abarcan a m\u00e1s de 5.000 millones, por lo que tenemos que crear un ecosistema que ayude a las empresas al softlanding -aterrizaje suave- en ambos pa\u00edses y a la conexi\u00f3n de los emprendedores con el mercado y con el mundo\u201d.<\/p>\n\n\n\n<p>\u201cTener cadenas de suministro estables a largo plazo, integrando lo p\u00fablico con lo privado, generando un ecosistema conectado y coordinado, pero para ello necesitamos ser conscientes del impacto mundial de nuestra forma de hacer negocios\u201d expres\u00f3 Swett.<\/p>\n\n\n\n<p>Expusieron, adem\u00e1s, Manuel Garc\u00eda Binimelis, de Developer, Start up Chile; el Director de Emprendedores, Emilio Aguil\u00f3 y Director de Innovaci\u00f3n y Desarrollo Econ\u00f3mico, Federico Mor\u00e1bito del Ministerio de Econom\u00eda y Energ\u00eda. Por ASEA Provincial, Germ\u00e1n Gim\u00e9nez; en representaci\u00f3n de Endeavor y por Programas HIT, Mar\u00eda Jos\u00e9 Rubio Nanclares.<br>Viviana Araneda disert\u00f3 sobre Cadenas Globales de Valor de ProChile; el CEO de Trivento, Marcos Jofr\u00e9 sobre el camino de Empresa B y para culminar, Mart\u00edn Salassa, sobre la experiencia Start up: Carbula.com.<\/p>\n","protected":false},"excerpt":{"rendered":"<p>El evento fue organizado por ProChile, Fundaci\u00f3n ProMendoza, Direcci\u00f3n de Emprendedores y Direcci\u00f3n de Innovaci\u00f3n y Desarrollo Econ\u00f3mico del Ministerio de Econom\u00eda y Energ\u00eda y Consulado General de Chile en&#8230;<\/p>\n","protected":false},"author":1,"featured_media":11620,"comment_status":"closed","ping_status":"open","sticky":false,"template":"","format":"image","meta":[],"categories":[97],"tags":[],"_links":{"self":[{"href":"https:\/\/www.promendoza.com\/en\/wp-json\/wp\/v2\/posts\/11619"}],"collection":[{"href":"https:\/\/www.promendoza.com\/en\/wp-json\/wp\/v2\/posts"}],"about":[{"href":"https:\/\/www.promendoza.com\/en\/wp-json\/wp\/v2\/types\/post"}],"author":[{"embeddable":true,"href":"https:\/\/www.promendoza.com\/en\/wp-json\/wp\/v2\/users\/1"}],"replies":[{"embeddable":true,"href":"https:\/\/www.promendoza.com\/en\/wp-json\/wp\/v2\/comments?post=11619"}],"version-history":[{"count":2,"href":"https:\/\/www.promendoza.com\/en\/wp-json\/wp\/v2\/posts\/11619\/revisions"}],"predecessor-version":[{"id":11622,"href":"https:\/\/www.promendoza.com\/en\/wp-json\/wp\/v2\/posts\/11619\/revisions\/11622"}],"wp:featuredmedia":[{"embeddable":true,"href":"https:\/\/www.promendoza.com\/en\/wp-json\/wp\/v2\/media\/11620"}],"wp:attachment":[{"href":"https:\/\/www.promendoza.com\/en\/wp-json\/wp\/v2\/media?parent=11619"}],"wp:term":[{"taxonomy":"category","embeddable":true,"href":"https:\/\/www.promendoza.com\/en\/wp-json\/wp\/v2\/categories?post=11619"},{"taxonomy":"post_tag","embeddable":true,"href":"https:\/\/www.promendoza.com\/en\/wp-json\/wp\/v2\/tags?post=11619"}],"curies":[{"name":"wp","href":"https:\/\/api.w.org\/{rel}","templated":true}]}}