{"id":11850,"date":"2022-03-16T16:45:48","date_gmt":"2022-03-16T16:45:48","guid":{"rendered":"https:\/\/www.promendoza.com\/es\/?p=11850"},"modified":"2022-03-16T16:48:40","modified_gmt":"2022-03-16T16:48:40","slug":"juntas-exportamos-mas-promendoza-organizo-un-encuentro-para-potenciar-la-sinergia-femenina-en-las-exportaciones","status":"publish","type":"post","link":"https:\/\/www.promendoza.com\/en\/juntas-exportamos-mas-promendoza-organizo-un-encuentro-para-potenciar-la-sinergia-femenina-en-las-exportaciones\/","title":{"rendered":"Juntas exportamos m\u00e1s: ProMendoza organiz\u00f3 un encuentro para potenciar la sinergia femenina en EL EXTERIOR"},"content":{"rendered":"<style type=\"text\/css\"><\/style>\n<figure class=\"wp-block-image\"><img alt=\"\"\/><\/figure>\n\n\n\n<p><br>ProMendoza realiz\u00f3 un encuentro de mujeres exportadoras en el marco de la Conmemoraci\u00f3n del 8 de marzo por una sociedad m\u00e1s justa e igualitaria. El lema de la reuni\u00f3n fue \u201cJuntas exportamos m\u00e1s\u201d y tuvo como motivo principal lograr una sinergia femenina en materia de internacionalizaci\u00f3n, propiciando la solidaridad natural entre todas las mujeres que se encuentran conduciendo una PyME o en alg\u00fan punto de la cadena de ventas en el exterior.<br>La excusa de la reuni\u00f3n fue conocer, con una exposici\u00f3n de Graciela Rovera, presidenta de la Comisi\u00f3n de Comercio Exterior de la FEM y directora de ProMendoza, la cl\u00e1usula de G\u00e9nero que tienen muchos tratados y acuerdos de libre comercio.<\/p>\n\n\n\n<p>Aprovechando la oportunidad, Virginia Donati, del equipo de ProMendoza, dio a conocer el programa Argentinas al mundo, que promueve el liderazgo y la participaci\u00f3n equitativa de las mujeres argentinas y de la comunidad LGTB, en los negocios internacionales y lo lleva a cabo la Agencia Argentina de Inversiones y Comercio.<\/p>\n\n\n\n<p>Para finalizar el gerente Mario L\u00e1zzaro felicit\u00f3 a las 26 mujeres presentes por sus emprendimientos y por su capacidad de diversificar la matriz exportadora, llevando al exterior desde franquicias de peluquer\u00edas infantiles, software, alimentos y bebidas, joyas, productos ecol\u00f3gicos y dise\u00f1o, entre otros.<\/p>\n\n\n\n<p>\u201cCada vez cobra m\u00e1s visibilidad la acci\u00f3n de la mujer en la oferta exportadora, esto se puede apreciar en todas las actividades, y se hace m\u00e1s notable en las relacionadas con las industrias creativas. Se van formando un ecosistema con mujeres exportadoras, que se vinculan entre s\u00ed, se potencian y hacen sinergia en las distintas regiones generando oportunidades de negocios en todos los sectores que alimentan el comercio exterior\u201d.<\/p>\n\n\n\n<p>Participaron adem\u00e1s del encuentro: Leticia Marchetti propietaria de Colsa (software); Anah\u00ed Barrera Angelelli, presidenta del Consorcio Audiovisual Film Andes; Silvina Astegiano y Carolina Gili socias de SC MoreThanWine dedicada a la exportaci\u00f3n de vinos; Carolina Pessotti creadora de la franquicia Tijeritas; Antonella Croce de la empresa de log\u00edstica internacional Savino del Bene; Pilar Bustelo de Centauro; Mar\u00eda Eugenia Rom\u00e1 dedicada a las joyas artesanales con materia prima argentina; Patricia Vel\u00e1zquez de Todo Eco empresa de Bolsas Ecol\u00f3gicas; Graciela Roca de Bodegas Roca; Romina Carparelli, propietaria y en\u00f3loga de Calisto Wines; Mirtha Corval\u00e1n y Mar\u00eda Florencia Maldonado de la empresa Fro-zen que vende productos de panader\u00eda congelados. Por ProMendoza, participaron las tutoras de empresas: Roc\u00edo G\u00f3mez, Sandra Neme, Silvina Santi y Nora Figueras que trabajan como asesoras para ayudar a las PyMEs a comenzar a exportar o crecer en alg\u00fan mercado y las t\u00e9cnicas Carolina Su\u00e1rez Garc\u00e9s, Laura Cicchitti, Florencia Rebudero, Virginia Donati, Dania Bonadeo y Ana Nu\u00f1ez.<\/p>\n","protected":false},"excerpt":{"rendered":"<p>ProMendoza realiz\u00f3 un encuentro de mujeres exportadoras en el marco de la Conmemoraci\u00f3n del 8 de marzo por una sociedad m\u00e1s justa e igualitaria. El lema de la reuni\u00f3n fue&#8230;<\/p>\n","protected":false},"author":1,"featured_media":11851,"comment_status":"closed","ping_status":"open","sticky":false,"template":"","format":"image","meta":[],"categories":[52],"tags":[],"_links":{"self":[{"href":"https:\/\/www.promendoza.com\/en\/wp-json\/wp\/v2\/posts\/11850"}],"collection":[{"href":"https:\/\/www.promendoza.com\/en\/wp-json\/wp\/v2\/posts"}],"about":[{"href":"https:\/\/www.promendoza.com\/en\/wp-json\/wp\/v2\/types\/post"}],"author":[{"embeddable":true,"href":"https:\/\/www.promendoza.com\/en\/wp-json\/wp\/v2\/users\/1"}],"replies":[{"embeddable":true,"href":"https:\/\/www.promendoza.com\/en\/wp-json\/wp\/v2\/comments?post=11850"}],"version-history":[{"count":3,"href":"https:\/\/www.promendoza.com\/en\/wp-json\/wp\/v2\/posts\/11850\/revisions"}],"predecessor-version":[{"id":11854,"href":"https:\/\/www.promendoza.com\/en\/wp-json\/wp\/v2\/posts\/11850\/revisions\/11854"}],"wp:featuredmedia":[{"embeddable":true,"href":"https:\/\/www.promendoza.com\/en\/wp-json\/wp\/v2\/media\/11851"}],"wp:attachment":[{"href":"https:\/\/www.promendoza.com\/en\/wp-json\/wp\/v2\/media?parent=11850"}],"wp:term":[{"taxonomy":"category","embeddable":true,"href":"https:\/\/www.promendoza.com\/en\/wp-json\/wp\/v2\/categories?post=11850"},{"taxonomy":"post_tag","embeddable":true,"href":"https:\/\/www.promendoza.com\/en\/wp-json\/wp\/v2\/tags?post=11850"}],"curies":[{"name":"wp","href":"https:\/\/api.w.org\/{rel}","templated":true}]}}