{"id":11867,"date":"2022-04-12T16:13:53","date_gmt":"2022-04-12T16:13:53","guid":{"rendered":"https:\/\/www.promendoza.com\/es\/?p=11867"},"modified":"2022-04-12T16:14:44","modified_gmt":"2022-04-12T16:14:44","slug":"mendoza-busca-diversificar-mercados-de-frutas-y-hortalizas-frescas-en-berlin","status":"publish","type":"post","link":"https:\/\/www.promendoza.com\/en\/mendoza-busca-diversificar-mercados-de-frutas-y-hortalizas-frescas-en-berlin\/","title":{"rendered":"Mendoza busca diversificar mercados de frutas y hortalizas frescas en Berl\u00edn"},"content":{"rendered":"<style type=\"text\/css\"><\/style>\n<figure class=\"wp-block-image\"><img alt=\"\"\/><\/figure>\n\n\n\n<p>Culmin\u00f3 la feria Fruit Log\u00edstica que desarroll\u00f3 en Berl\u00edn, Alemania la semana pasada. Empresas de la provincia viajaron con ProMendoza y el Consejo Federal de Inversiones para asistir a una de las ferias de frutas y hortalizas frescas m\u00e1s grandes del mundo, que este a\u00f1o tuvo 2 mil expositores de 87 pa\u00edses.<br>\u201cEl objetivo de participar en esta feria europea, es diversificar el mercado para frutas y hortalizas de la provincia, para no estar pendiente s\u00f3lo de las ventas a Brasil, buscando competir por calidad y no s\u00f3lo por precio\u201d explic\u00f3 el gerente Mario L\u00e1zzaro.<\/p>\n\n\n\n<p>Mendoza ofreci\u00f3 ajo org\u00e1nico, frutas frescas y cebolla dulce. Esta \u00faltima comenz\u00f3 como producto de manera incipiente en 2021 y ya ampli\u00f3 10 veces su producci\u00f3n y exportaci\u00f3n. Es por ello que estuvieron presentes \u2013de la Asociaci\u00f3n de Cebolla Dulce- Emilio Fern\u00e1ndez y Nicol\u00e1s Musa, Nicol\u00e1s Gim\u00e9nez de Puente Blanco y Tob\u00edas Gerihng de Vitamina Vida.<\/p>\n\n\n\n<p>La presencia en Berl\u00edn nos permite promocionar las ventas internacionales de alimentos en este mercado, el cual es de gran relevancia, ya que all\u00ed se encuentra el principal puerto de ingreso a la Uni\u00f3n Europea. Este tipo de acciones permiten a Mendoza trabajar en el posicionamiento de los productos provinciales con compradores mundiales.\u201cEsta feria fue de mucha importancia para los participantes de Mendoza, ya que generamos gran cantidad de reuniones. A partir de este evento, la cebolla dulce tiene oportunidades concretas con Canad\u00e1, Francia y de trabajar de manera conjunta con productores de Espa\u00f1a, pa\u00eds que cultiva gran cantidad de cebolla y que busca ampliar mercados incorporando nuestro producto\u201d explic\u00f3 Gerardo Arribas, especialista del sector de Frescos de ProMendoza.<\/p>\n\n\n\n<p>Entusiasmo en las empresas participantes<\/p>\n\n\n\n<p>\u201cLa experiencia fue gratificante, me ha servido mucho para consolidar los v\u00ednculos con mis clientes de siempre y conocer nuevos importadores para futuros negocios\u201d, asegur\u00f3 Nicol\u00e1s Gim\u00e9nez.<\/p>\n\n\n\n<p>Por su parte, Nicol\u00e1s Musa coment\u00f3 que \u201chemos tenido reuniones con potenciales clientes europeos y avanzado sobre peque\u00f1os programas de carga que realizaremos en 2022 para que prueben nuestra cebolla. La presencialidad en la feria y las reuniones cara a cara concretaron nuevas posibilidades de negocios\u201d.<\/p>\n\n\n\n<p>Emilio Fern\u00e1ndez, agreg\u00f3 \u201ccreo que tenemos las herramientas necesarias para abrirnos al mundo como econom\u00eda regional. Participar en eventos internacionales brinda oportunidad de crecimiento para los productores, que a su vez crean mano de obra genuina para la provincia\u201d.<\/p>\n\n\n\n<p>Tobias Gerihng de Vitamina Vida manifest\u00f3 gran satisfacci\u00f3n por la participaci\u00f3n de Vitamina Vida en la feria y dijo \u201cavanzamos en conversaciones con importadores de Espa\u00f1a, Italia, Alemania, tambi\u00e9n de EE.UU., Qatar, India y nos ha ido muy bien presentando nuestros productos\u201d.<\/p>\n\n\n\n<p>La Asociaci\u00f3n de Cebolla Dulce, se encuentra actualmente en conformaci\u00f3n, y espera convocar, en los pr\u00f3ximos meses, a productores interesados en diversificar la matriz productiva con la implantaci\u00f3n de este producto, tanto para difundir la marca pa\u00eds y ampliar las ventas en el exterior como para insertarlo en el mercado interno.<\/p>\n\n\n\n<p>Puente Blanco, comenz\u00f3 en 2004, como respuesta a la creciente demanda de los mercados internacionales en el sector de exportaci\u00f3n. Certificando procesos y normas internacionales que los hacen competitivos a nivel global con alt\u00edsimos niveles de exigencia. Posee \u00fanica planta hort\u00edcola de la regi\u00f3n que es operador aduanero en planta de exportaci\u00f3n\u201d esto es una ventaja log\u00edstica y un gran reconocimiento a su impecable trayectoria. Desarrolla productos org\u00e1nicos y biodin\u00e1micos y posee el reconocimiento del prestigio logrado en todo el mundo, con una presencia efectiva en m\u00e1s de 30 pa\u00edses.<\/p>\n\n\n\n<p>Vitamina Vida es una empresa que se dedicada a la comercializaci\u00f3n de frutas y hortalizas. Desde el a\u00f1o 2003, ha apostado al constante crecimiento, mejorando en tecnolog\u00eda y calidad en todos los procesos de producci\u00f3n, distribuci\u00f3n y log\u00edstica. Ha logrado extenderse con \u00e9xito hacia el mercado internacional, principalmente en Latinoam\u00e9rica y Europa.<\/p>\n","protected":false},"excerpt":{"rendered":"<p>Culmin\u00f3 la feria Fruit Log\u00edstica que desarroll\u00f3 en Berl\u00edn, Alemania la semana pasada. Empresas de la provincia viajaron con ProMendoza y el Consejo Federal de Inversiones para asistir a una&#8230;<\/p>\n","protected":false},"author":1,"featured_media":11868,"comment_status":"closed","ping_status":"open","sticky":false,"template":"","format":"image","meta":[],"categories":[98],"tags":[],"_links":{"self":[{"href":"https:\/\/www.promendoza.com\/en\/wp-json\/wp\/v2\/posts\/11867"}],"collection":[{"href":"https:\/\/www.promendoza.com\/en\/wp-json\/wp\/v2\/posts"}],"about":[{"href":"https:\/\/www.promendoza.com\/en\/wp-json\/wp\/v2\/types\/post"}],"author":[{"embeddable":true,"href":"https:\/\/www.promendoza.com\/en\/wp-json\/wp\/v2\/users\/1"}],"replies":[{"embeddable":true,"href":"https:\/\/www.promendoza.com\/en\/wp-json\/wp\/v2\/comments?post=11867"}],"version-history":[{"count":2,"href":"https:\/\/www.promendoza.com\/en\/wp-json\/wp\/v2\/posts\/11867\/revisions"}],"predecessor-version":[{"id":11870,"href":"https:\/\/www.promendoza.com\/en\/wp-json\/wp\/v2\/posts\/11867\/revisions\/11870"}],"wp:featuredmedia":[{"embeddable":true,"href":"https:\/\/www.promendoza.com\/en\/wp-json\/wp\/v2\/media\/11868"}],"wp:attachment":[{"href":"https:\/\/www.promendoza.com\/en\/wp-json\/wp\/v2\/media?parent=11867"}],"wp:term":[{"taxonomy":"category","embeddable":true,"href":"https:\/\/www.promendoza.com\/en\/wp-json\/wp\/v2\/categories?post=11867"},{"taxonomy":"post_tag","embeddable":true,"href":"https:\/\/www.promendoza.com\/en\/wp-json\/wp\/v2\/tags?post=11867"}],"curies":[{"name":"wp","href":"https:\/\/api.w.org\/{rel}","templated":true}]}}