{"id":11880,"date":"2022-04-20T18:41:34","date_gmt":"2022-04-20T18:41:34","guid":{"rendered":"https:\/\/www.promendoza.com\/es\/?p=11880"},"modified":"2022-04-20T18:42:14","modified_gmt":"2022-04-20T18:42:14","slug":"alfredo-cecchi-nuevo-presidente-de-promendoza","status":"publish","type":"post","link":"https:\/\/www.promendoza.com\/en\/alfredo-cecchi-nuevo-presidente-de-promendoza\/","title":{"rendered":"Alfredo Cecchi nuevo presidente de ProMendoza"},"content":{"rendered":"<style type=\"text\/css\"><\/style>\n<figure class=\"wp-block-image\"><img alt=\"\"\/><\/figure>\n\n\n\n<p>Como cada a\u00f1o, se realiz\u00f3 el cambio de autoridades de ProMendoza y asumi\u00f3 el cargo de presidente Alfredo Cecchi, autoridad m\u00e1xima de la Federaci\u00f3n Econ\u00f3mica de Mendoza e integrante del Consejo Directivo de la Confederaci\u00f3n Argentina de Mediana Empresa.<br>Cecchi, adem\u00e1s, es presidente de la Federaci\u00f3n Argentina de Parques Industriales y de Parques y Zonas Industriales de Mendoza (PAZIM). Forma parte de la Asociaci\u00f3n Industrial de San Carlos y participa de la actividad oliv\u00edcola con Aceites del Valle Trading SA, ubicada en la zona industrial de ese departamento. Es director de la Asociaci\u00f3n Oliv\u00edcola de Mendoza (ASOLMEN) y administra una empresa chilena dedicada al rubro de la aceituna.<br>Luego de su asunci\u00f3n, el flamante presidente destac\u00f3 que \u201cser\u00e1 un a\u00f1o decisivo para las exportaciones y fundamentalmente para las econom\u00edas regionales. Imagino 12 meses muy intensos, despu\u00e9s de una ca\u00edda importante de las exportaciones, producida por la crisis de los contenedores, el transporte internacional y un cambio en los mercados mundiales\u201d.<br>\u201cVamos a tener que trabajar mucho para ubicarnos en este nuevo escenario de oferta y demanda, provocado por la crisis del transporte y por el bajo tr\u00e1nsito mar\u00edtimo, con aumentos de costos casi insostenibles. Trabajaremos con todo el apoyo de CAME, por eso nos acompa\u00f1a su secretario General, Ricardo Diab, apoyando nuestra gesti\u00f3n firmemente y esta posibilidad que tenemos cada 4 a\u00f1os de presidir la Fundaci\u00f3n ProMendoza\u201d, culmin\u00f3 Cecchi.<br>Por su parte, Ricardo Diab, que adem\u00e1s de su funci\u00f3n en CAME, es c\u00f3nsul Honorario de Brasil, expres\u00f3 que, desde su organismo, \u201cacompa\u00f1aremos las iniciativas de ProMendoza, fundamentalmente en las relaciones con Brasil, con acuerdos que ya est\u00e1n vigentes, con una agenda de actividades que ya est\u00e1n programadas, presentando Argentina en el pa\u00eds vecino y facilitando los negocios entre ambos estados\u201d.<br>La nueva conformaci\u00f3n de autoridades<br>En esta ocasi\u00f3n, ante la presencia de los miembros del Consejo de Administraci\u00f3n de la Fundaci\u00f3n, asumieron:<br>\u2022 Presidente ALFREDO CECCHI F.E.M.<br>\u2022 Vicepresidente 1\u00ba ENRIQUE ANDR\u00c9S VAQUI\u00c9 Gobierno de Mendoza<br>\u2022 Vicepresidente 2\u00ba DANIEL ARIOSTO U.C.I.M.<br>\u2022 Vicepresidente 3\u00ba LUIS ABREGO Bolsa de Comercio de Mendoza S.A.<br>\u2022 Secretario General LUIS STEINDL Bolsa de Comercio de Mendoza S.A.<br>\u2022 Tesorero JUAN ENRIQUE JOS\u00c9 VICIANA U.C.I.M<br>\u2022 Pro-Tesorero MARCELO DANIEL JAPAZ Gobierno de Mendoza<br>\u2022 Vocal GRACIELA ROVERA F.E.M.<\/p>\n\n\n\n<p>\u2022 Gerente General MARIO L\u00c1ZZARO<\/p>\n\n\n\n<p>Es importante aclarar que Fundaci\u00f3n ProMendoza, es un organismo mixto conformado por el Gobierno de la provincia, la Uni\u00f3n Comercial e Industrial de Mendoza, la Federaci\u00f3n Econ\u00f3mica de Mendoza y la Bolsa de Comercio de Mendoza, y prev\u00e9 en su estatuto el cambio anual de autoridades, con rotaci\u00f3n del Ministro Econom\u00eda y Energ\u00eda y de los presidentes de cada una de las instituciones privadas.<\/p>\n","protected":false},"excerpt":{"rendered":"<p>Como cada a\u00f1o, se realiz\u00f3 el cambio de autoridades de ProMendoza y asumi\u00f3 el cargo de presidente Alfredo Cecchi, autoridad m\u00e1xima de la Federaci\u00f3n Econ\u00f3mica de Mendoza e integrante del&#8230;<\/p>\n","protected":false},"author":1,"featured_media":11881,"comment_status":"closed","ping_status":"open","sticky":false,"template":"","format":"image","meta":[],"categories":[54],"tags":[],"_links":{"self":[{"href":"https:\/\/www.promendoza.com\/en\/wp-json\/wp\/v2\/posts\/11880"}],"collection":[{"href":"https:\/\/www.promendoza.com\/en\/wp-json\/wp\/v2\/posts"}],"about":[{"href":"https:\/\/www.promendoza.com\/en\/wp-json\/wp\/v2\/types\/post"}],"author":[{"embeddable":true,"href":"https:\/\/www.promendoza.com\/en\/wp-json\/wp\/v2\/users\/1"}],"replies":[{"embeddable":true,"href":"https:\/\/www.promendoza.com\/en\/wp-json\/wp\/v2\/comments?post=11880"}],"version-history":[{"count":2,"href":"https:\/\/www.promendoza.com\/en\/wp-json\/wp\/v2\/posts\/11880\/revisions"}],"predecessor-version":[{"id":11883,"href":"https:\/\/www.promendoza.com\/en\/wp-json\/wp\/v2\/posts\/11880\/revisions\/11883"}],"wp:featuredmedia":[{"embeddable":true,"href":"https:\/\/www.promendoza.com\/en\/wp-json\/wp\/v2\/media\/11881"}],"wp:attachment":[{"href":"https:\/\/www.promendoza.com\/en\/wp-json\/wp\/v2\/media?parent=11880"}],"wp:term":[{"taxonomy":"category","embeddable":true,"href":"https:\/\/www.promendoza.com\/en\/wp-json\/wp\/v2\/categories?post=11880"},{"taxonomy":"post_tag","embeddable":true,"href":"https:\/\/www.promendoza.com\/en\/wp-json\/wp\/v2\/tags?post=11880"}],"curies":[{"name":"wp","href":"https:\/\/api.w.org\/{rel}","templated":true}]}}