{"id":11912,"date":"2022-05-16T14:26:03","date_gmt":"2022-05-16T14:26:03","guid":{"rendered":"https:\/\/www.promendoza.com\/es\/?p=11912"},"modified":"2022-05-16T14:26:50","modified_gmt":"2022-05-16T14:26:50","slug":"mendoza-vuelve-a-alemania-para-participar-en-la-feria-de-vinos-mas-importante-del-mundo","status":"publish","type":"post","link":"https:\/\/www.promendoza.com\/en\/mendoza-vuelve-a-alemania-para-participar-en-la-feria-de-vinos-mas-importante-del-mundo\/","title":{"rendered":"Mendoza vuelve a Alemania para participar en la feria de vinos m\u00e1s importante del mundo"},"content":{"rendered":"<style type=\"text\/css\"><\/style>\n<figure class=\"wp-block-image\"><img alt=\"\"\/><\/figure>\n\n\n\n<p><br>Del 15 al 18 de mayo, el ministro de Econom\u00eda y Energ\u00eda, Enrique Vaqui\u00e9, participar\u00e1 junto a 125 bodegas de ProWein 2022, una de las ferias l\u00edderes en vinos y licores y el mayor encuentro de la industria para profesionales de la viticultura, la producci\u00f3n, el comercio y la gastronom\u00eda.<br>La exhibici\u00f3n mantuvo sus puertas cerradas durante los dos a\u00f1os de pandemia, para regresar este fin de semana con grandes expectativas en el verano europeo. ProWein ofrece tres d\u00edas de negocios concentrados y un programa complementario. Los organismos argentinos brindar\u00e1n dos seminarios con degustaci\u00f3n, para acercar informaci\u00f3n a los visitantes de todas las nacionalidades sobre las novedades en la vitivinicultura argentina y estilos y diversidad de los vinos tintos y blancos.<\/p>\n\n\n\n<p>Durante su estad\u00eda en Alemania, el ministro Vaqui\u00e9 se reunir\u00e1 con el embajador en Alemania, Pedro Villagra Delgado, para seguir coordinando acciones conjuntas para la promoci\u00f3n de productos mendocinos en ese pa\u00eds. Su agenda contempla tambi\u00e9n reuniones con organizaciones que impactan a nivel global, con el objetivo de darle continuidad al desarrollo de la estrategia de fomento comercial que se ha fijado Mendoza para el complejo vitivin\u00edcola.<\/p>\n\n\n\n<p>El gerente de ProMendoza, Mario L\u00e1zzaro, quien har\u00e1 un seguimiento detallado del evento desde Mendoza, asegur\u00f3 que \u201cel mundo del vino esperaba esta feria, porque es la m\u00e1s grande del mundo. All\u00ed confluyen los grandes compradores, se propician grandes contactos, que se convierten en importantes negocios. Tambi\u00e9n participan quienes marcan tendencia en la elaboraci\u00f3n, el consumo, el dise\u00f1o de etiquetas, y la innovaci\u00f3n en la industria del vino\u201d.<\/p>\n\n\n\n<p>Los datos de feria<\/p>\n\n\n\n<p>Durante m\u00e1s de 25 a\u00f1os de actividad, ProWein ha logrado ser el evento n\u00famero 1 de la industria del vino fraccionado. Su \u00e9xito se basa en un concepto de visitante \u00fanico y en una gama de productos y servicios inmejorablemente amplia. En la 27 edici\u00f3n de la feria de bebidas espirituosas y vinos, se espera la presencia de al menos 6.000 expositores de m\u00e1s de 60 pa\u00edses participantes en pabellones nacionales.<\/p>\n\n\n\n<p>Participar\u00e1n expertos de comercio especializado de vinos y bebidas espirituosa, gastronom\u00eda y hosteler\u00eda, minorista y mayorista de productos alimentarios, importaci\u00f3n y exportaci\u00f3n.<\/p>\n\n\n\n<p>La franquicia se ha expandido a otras ciudades, como Shanghai, Hong Kong, Mumbai-India y Brasil, en donde se realizar\u00e1 pr\u00f3ximamente, en septiembre la ProWein San Pablo.<\/p>\n\n\n\n<p>Bodegas CFI \u2013 ProMendoza<\/p>\n\n\n\n<p>Carelli<\/p>\n\n\n\n<p>Mosquita Muerta Wines<\/p>\n\n\n\n<p>Cinco Sentidos<\/p>\n\n\n\n<p>Mendel Wines<\/p>\n\n\n\n<p>Bodegas Luis Segundo Correas<\/p>\n\n\n\n<p>Almabras Wine Estate<\/p>\n\n\n\n<p>Cicchitti<\/p>\n\n\n\n<p>Bodega Tukma y Finca Las Nubes<\/p>\n\n\n\n<p>Familia Cassone<\/p>\n\n\n\n<p>Domiciano<\/p>\n\n\n\n<p>Dante Robino<\/p>\n\n\n\n<p>Monte Quieto<\/p>\n\n\n\n<p>Valle de la Puerta<\/p>\n\n\n\n<p>Don Crist\u00f3bal<\/p>\n\n\n\n<p>Putruele<\/p>\n\n\n\n<p>Renacer<\/p>\n\n\n\n<p>Anaia Wines<\/p>\n\n\n\n<p>Iaccarini<\/p>\n\n\n\n<p>Bodega del Desierto<\/p>\n\n\n\n<p>Pulenta Estate<\/p>\n\n\n\n<p>Foster Lorca<\/p>\n\n\n\n<p>Lamadrid Estate Wines<\/p>\n\n\n\n<p>La Riojana Wines<\/p>\n\n\n\n<p>Los Clop<\/p>\n\n\n\n<p>Jorge Alberto Rubio<\/p>\n\n\n\n<p>San Huberto<\/p>\n\n\n\n<p>Otronia Patagonia Extrema<\/p>\n\n\n\n<p>Domingo Molina<\/p>\n\n\n\n<p>Somewhere Else Vineyards<\/p>\n\n\n\n<p>Vinos de Potrero<\/p>\n\n\n\n<p>Araujo<\/p>\n\n\n\n<p>Fincas Patag\u00f3nicas S.A.<\/p>\n\n\n\n<p>Goyenechea<\/p>\n\n\n\n<p>Iltico<\/p>\n\n\n\n<p>Montlaiz<\/p>\n\n\n\n<p>Bodegas WOFA<\/p>\n\n\n\n<p>El Porvenir de Cafayate<\/p>\n\n\n\n<p>Jasmine Monet Organic Vineyard<\/p>\n\n\n\n<p>RPB SA<\/p>\n\n\n\n<p>DiamAndes<\/p>\n\n\n\n<p>Bodega Polo<\/p>\n\n\n\n<p>Lagarde<\/p>\n\n\n\n<p>Bodega del Fin del Mundo \u2013 Patagonia Argentina<\/p>\n\n\n\n<p>Vinos de la Luz<\/p>\n\n\n\n<p>Bodega Benegas<\/p>\n\n\n\n<p>Casa de Uco<\/p>\n\n\n\n<p>Humberto Canale<\/p>\n\n\n\n<p>Nieto Senetiner<\/p>\n\n\n\n<p>Casarena<\/p>\n\n\n\n<p>Alta Vista<\/p>\n\n\n\n<p>Bodega Vistalba<\/p>\n\n\n\n<p>Desquiciado Wines<\/p>\n\n\n\n<p>Lui Wines<\/p>\n\n\n\n<p>Finca Agostino<\/p>\n\n\n\n<p>Juviar<\/p>\n\n\n\n<p>Familia Schroeder<\/p>\n\n\n\n<p>Proemio Wines<\/p>\n\n\n\n<p>Zorzal Wines<\/p>\n\n\n\n<p>Bodegas Escorihuela<\/p>\n\n\n\n<p>Finca Quara<\/p>\n\n\n\n<p>Spielmann Estates<\/p>\n\n\n\n<p>Belhara Estate<\/p>\n\n\n\n<p>Alchimia Wines<\/p>\n\n\n\n<p>Bodega Mevi<\/p>\n\n\n\n<p>Felipe Staiti Wines<\/p>\n\n\n\n<p>Mi Terru\u00f1o<\/p>\n\n\n\n<p>Bodega y cavas de Weinert<\/p>\n\n\n\n<p>Vi\u00f1a Las Perdices<\/p>\n\n\n\n<p>Grupo Avinea<\/p>\n\n\n\n<p>Finca Sophenia<\/p>\n\n\n\n<p>Uco Valley Wines<\/p>\n\n\n\n<p>Bodega Cielo Y Tierra<\/p>\n\n\n\n<p>Tittarelli Wines<\/p>\n\n\n\n<p>Gauchezco Vineyard &#038; Winery<\/p>\n\n\n\n<p>Domaine Bousquet<\/p>\n\n\n\n<p>Familia Mill\u00e1n Wines<\/p>\n\n\n\n<p>Bodega Familia Cecchin<\/p>\n\n\n\n<p>Belasco de Baquedano<\/p>\n\n\n\n<p>Antigal Winery &#038; Estates<\/p>\n\n\n\n<p>Chakana<\/p>\n\n\n\n<p>Luca Wines<\/p>\n\n\n\n<p>Bodegas Staphyle<\/p>\n\n\n\n<p>Bodegas Fabre<\/p>\n\n\n\n<p>Lorenzo de Agrelo<\/p>\n\n\n\n<p>Familia Blanco Wines<\/p>\n\n\n\n<p>Kalos Wines<\/p>\n\n\n\n<p>Bodega Altocedro<\/p>\n\n\n\n<p>Bodega Aleanna \u2013 El Enemigo Wines<\/p>\n\n\n\n<p>Andeluna<\/p>\n\n\n\n<p>Marcelo Pelleriti Wines<\/p>\n\n\n\n<p>Calyptra Vineyards &#038; Winery<\/p>\n\n\n\n<p>Alpamanta Estate Organic &#038; Biodynamic<\/p>\n\n\n\n<p>Bodega Malma \u2013 Patagonia<\/p>\n\n\n\n<p>Garbin Estate<\/p>\n\n\n\n<p>Vinecol<\/p>\n\n\n\n<p>La Coste de los Andes<\/p>\n\n\n\n<p>Durigutti Family Winemakers<\/p>\n\n\n\n<p>Barberis<\/p>\n\n\n\n<p>Corbeau Wines<\/p>\n\n\n\n<p>A16<\/p>\n\n\n\n<p>Bodega de Arte Claroscuro<\/p>\n\n\n\n<p>Achaval Ferrer<\/p>\n\n\n\n<p>4 gatos locos<\/p>\n\n\n\n<p>Monteviejo<\/p>\n\n\n\n<p>Bodegas Krontiras<\/p>\n\n\n\n<p>Las estelas<\/p>\n\n\n\n<p>Bodegas Crotta<\/p>\n","protected":false},"excerpt":{"rendered":"<p>Del 15 al 18 de mayo, el ministro de Econom\u00eda y Energ\u00eda, Enrique Vaqui\u00e9, participar\u00e1 junto a 125 bodegas de ProWein 2022, una de las ferias l\u00edderes en vinos y&#8230;<\/p>\n","protected":false},"author":1,"featured_media":11913,"comment_status":"closed","ping_status":"open","sticky":false,"template":"","format":"image","meta":[],"categories":[98],"tags":[],"_links":{"self":[{"href":"https:\/\/www.promendoza.com\/en\/wp-json\/wp\/v2\/posts\/11912"}],"collection":[{"href":"https:\/\/www.promendoza.com\/en\/wp-json\/wp\/v2\/posts"}],"about":[{"href":"https:\/\/www.promendoza.com\/en\/wp-json\/wp\/v2\/types\/post"}],"author":[{"embeddable":true,"href":"https:\/\/www.promendoza.com\/en\/wp-json\/wp\/v2\/users\/1"}],"replies":[{"embeddable":true,"href":"https:\/\/www.promendoza.com\/en\/wp-json\/wp\/v2\/comments?post=11912"}],"version-history":[{"count":2,"href":"https:\/\/www.promendoza.com\/en\/wp-json\/wp\/v2\/posts\/11912\/revisions"}],"predecessor-version":[{"id":11915,"href":"https:\/\/www.promendoza.com\/en\/wp-json\/wp\/v2\/posts\/11912\/revisions\/11915"}],"wp:featuredmedia":[{"embeddable":true,"href":"https:\/\/www.promendoza.com\/en\/wp-json\/wp\/v2\/media\/11913"}],"wp:attachment":[{"href":"https:\/\/www.promendoza.com\/en\/wp-json\/wp\/v2\/media?parent=11912"}],"wp:term":[{"taxonomy":"category","embeddable":true,"href":"https:\/\/www.promendoza.com\/en\/wp-json\/wp\/v2\/categories?post=11912"},{"taxonomy":"post_tag","embeddable":true,"href":"https:\/\/www.promendoza.com\/en\/wp-json\/wp\/v2\/tags?post=11912"}],"curies":[{"name":"wp","href":"https:\/\/api.w.org\/{rel}","templated":true}]}}