{"id":11923,"date":"2022-05-20T21:20:00","date_gmt":"2022-05-20T21:20:00","guid":{"rendered":"https:\/\/www.promendoza.com\/es\/?p=11923"},"modified":"2022-05-24T14:07:47","modified_gmt":"2022-05-24T14:07:47","slug":"las-bodegas-de-mendoza-vuelven-de-alemania-con-grandes-expectativas-de-negocios","status":"publish","type":"post","link":"https:\/\/www.promendoza.com\/en\/las-bodegas-de-mendoza-vuelven-de-alemania-con-grandes-expectativas-de-negocios\/","title":{"rendered":"Las bodegas de Mendoza vuelven de Alemania con grandes expectativas de negocios"},"content":{"rendered":"<style type=\"text\/css\"><\/style>\n<figure class=\"wp-block-image\"><img alt=\"\"\/><\/figure>\n\n\n\n<p>Alrededor de 100 bodegas de Mendoza participaron esta semana en ProWein D\u00fcsseldorf, en Alemania, una de las ferias de vinos m\u00e1s importante del mundo. A pesar de la disminuci\u00f3n del p\u00fablico asistente \u2013alrededor del 30%\u2013, aument\u00f3 la calidad de las reuniones, con participantes especializados tanto en compra como en venta.<br>Argentina pospand\u00e9mica sorprendi\u00f3 con el dise\u00f1o de nuevos productos y propuestas y con precios aceptables. El pabell\u00f3n del Nuevo Mundo -donde particip\u00f3 Mendoza- tuvo gran afluencia de p\u00fablico, por lo que hay grandes expectativas de negocios.<\/p>\n\n\n\n<p>Mauricio Lorca, socio de la Bodega Foster Lorca, sostuvo: \u201cDespu\u00e9s de dos a\u00f1os, ten\u00edamos grandes expectativas de reencontrarnos con nuestros clientes, mostrarles las nuevas a\u00f1adas y los nuevos vinos. Volvemos con una expectativa importante de crecimiento y estamos analizando estar en el hub log\u00edstico de ProMendoza en Barcelona, porque es una gran alternativa para acercar nuestros vinos al mercado europeo\u201d.<\/p>\n\n\n\n<p>Se consolida la tendencia del consumo de vinos org\u00e1nicos, lo cual fue ratificado por la presencia de algunas de nuestras bodegas. Al respecto, Adriano Vivas, de Bodega Montlaiz y representante del grupo exportador NOW (Natural &#038; Organic Winegrowers), asegur\u00f3 que la feria fue \u201cbuena, muchos visitantes de Europa, buen punto de contacto luego de varios a\u00f1os de virtualidad, mostrando productos nuevos y con algunos vinos 2022\u201d.<\/p>\n\n\n\n<p>Marcelo Licanic, director comercial de Vinos de Potrero, dijo que \u201cha sido una gran oportunidad para retomar el contacto con los clientes en Europa, planificando una agenda hacia adelante. Hemos detectado muchas oportunidades de negocios y nuevos requisitos para seguir siendo competitivos en el mercado\u201d.<\/p>\n\n\n\n<p>Asimismo, participar en estos eventos otorga a las bodegas una visi\u00f3n m\u00e1s amplia del mercado global y de la competencia. En ese sentido, algunas bodegas expresaron lo que significa estar presentes en ferias de esta magnitud.<\/p>\n\n\n\n<p>Patricia Serizola, directora Ejecutiva y sommelier de Bodega Anaia, coment\u00f3: \u201cEstamos contentos y agradecidos de poder estar aqu\u00ed, participar y darle visibilidad a nuestro proyecto\u201d. Agust\u00edn Palazzo, gerente de Ventas y Exportaciones de Bodega Anaia, explic\u00f3: \u201cEsta es nuestra primera experiencia en una feria internacional y ha superado nuestras expectativas\u201d.<\/p>\n\n\n\n<p>Por su parte, Agustina Artola, export manager de Bodega Jorge Rubio, de General Alvear, expres\u00f3 que \u201ces un honor presentar por primera vez en esta feria internacional nuestros vinos de General Alvear y participar con los m\u00e1s grandes del mundo\u201d.<\/p>\n","protected":false},"excerpt":{"rendered":"<p>Alrededor de 100 bodegas de Mendoza participaron esta semana en ProWein D\u00fcsseldorf, en Alemania, una de las ferias de vinos m\u00e1s importante del mundo. A pesar de la disminuci\u00f3n del&#8230;<\/p>\n","protected":false},"author":1,"featured_media":11924,"comment_status":"closed","ping_status":"open","sticky":false,"template":"","format":"image","meta":[],"categories":[98],"tags":[],"_links":{"self":[{"href":"https:\/\/www.promendoza.com\/en\/wp-json\/wp\/v2\/posts\/11923"}],"collection":[{"href":"https:\/\/www.promendoza.com\/en\/wp-json\/wp\/v2\/posts"}],"about":[{"href":"https:\/\/www.promendoza.com\/en\/wp-json\/wp\/v2\/types\/post"}],"author":[{"embeddable":true,"href":"https:\/\/www.promendoza.com\/en\/wp-json\/wp\/v2\/users\/1"}],"replies":[{"embeddable":true,"href":"https:\/\/www.promendoza.com\/en\/wp-json\/wp\/v2\/comments?post=11923"}],"version-history":[{"count":3,"href":"https:\/\/www.promendoza.com\/en\/wp-json\/wp\/v2\/posts\/11923\/revisions"}],"predecessor-version":[{"id":11932,"href":"https:\/\/www.promendoza.com\/en\/wp-json\/wp\/v2\/posts\/11923\/revisions\/11932"}],"wp:featuredmedia":[{"embeddable":true,"href":"https:\/\/www.promendoza.com\/en\/wp-json\/wp\/v2\/media\/11924"}],"wp:attachment":[{"href":"https:\/\/www.promendoza.com\/en\/wp-json\/wp\/v2\/media?parent=11923"}],"wp:term":[{"taxonomy":"category","embeddable":true,"href":"https:\/\/www.promendoza.com\/en\/wp-json\/wp\/v2\/categories?post=11923"},{"taxonomy":"post_tag","embeddable":true,"href":"https:\/\/www.promendoza.com\/en\/wp-json\/wp\/v2\/tags?post=11923"}],"curies":[{"name":"wp","href":"https:\/\/api.w.org\/{rel}","templated":true}]}}