{"id":12114,"date":"2022-08-03T13:20:37","date_gmt":"2022-08-03T13:20:37","guid":{"rendered":"https:\/\/www.promendoza.com\/es\/?p=12114"},"modified":"2022-08-03T13:21:00","modified_gmt":"2022-08-03T13:21:00","slug":"promendoza-presento-en-san-rafael-herramientas-de-competitividad-para-pymes","status":"publish","type":"post","link":"https:\/\/www.promendoza.com\/en\/promendoza-presento-en-san-rafael-herramientas-de-competitividad-para-pymes\/","title":{"rendered":"ProMendoza present\u00f3 en San Rafael herramientas de competitividad para pymes"},"content":{"rendered":"<style type=\"text\/css\"><\/style>\n<figure class=\"wp-block-image\"><img alt=\"\"\/><\/figure>\n\n\n\n<p><br>El gerente de ProMendoza, Mario L\u00e1zzaro, visit\u00f3 San Rafael, invitado por el presidente de la C\u00e1mara de Comercio, Industria y Agropecuaria, Hugo Tornaghi.<br>Ambos se reunieron con pymes locales para contarles c\u00f3mo potenciar su capacidad exportadora a trav\u00e9s de herramientas financieras que se encuentran disponibles para las empresas de la provincia.<\/p>\n\n\n\n<p>\u201cQueremos generar nuevos exportadores y hacer que quienes exportan, incrementen sus ventas y lleguen a m\u00e1s mercados\u201d, explic\u00f3 Mario L\u00e1zzaro, gerente general de ProMendoza.<\/p>\n\n\n\n<p>\u201cCon nuestros programas y acompa\u00f1ados por un profesional que hace las veces de tutor para las empresas, sabemos que podemos darle mayor impulso y competitividad a las pymes mendocinas\u201d, dijo L\u00e1zzaro.<\/p>\n\n\n\n<p>Como novedad para todas las pymes, L\u00e1zzaro explic\u00f3 que \u201cProMendoza y Mendoza Fiduciaria dise\u00f1aron una nueva herramienta que har\u00e1 m\u00e1s competitiva y permitir\u00e1 realizar ventas al exterior m\u00e1s seguras a las peque\u00f1as y medianas empresas\u201d.<\/p>\n\n\n\n<p>Se trata del Seguro de Cr\u00e9dito de Exportaci\u00f3n, que adem\u00e1s de resguardar de los impagos, permite crecer como empresa. Por ser una p\u00f3liza colectiva, las empresas reducen significativamente su cuota mensual, sin perder los beneficios completos de un seguro.<\/p>\n\n\n\n<p><strong>Ventajas al contratar la p\u00f3liza colectiva<\/strong><\/p>\n\n\n\n<p>Reducci\u00f3n de costos. La p\u00f3liza colectiva disminuye el costo para cada empresa haci\u00e9ndola \u201caccesible\u201d para las pymes.<\/p>\n\n\n\n<p>Prevenci\u00f3n. Contribuye a identificar y conservar clientes confiables a trav\u00e9s de su calificaci\u00f3n y seguimiento en todo el mundo.<\/p>\n\n\n\n<p>Protecci\u00f3n. El seguro responde ante el no pago del cliente en el extranjero. Cobra el 90% de la deuda en un plazo de entre 30 a 180 d\u00edas. El 10% restante lo paga Coface cuando le cobra al deudor.<\/p>\n\n\n\n<p>Recobro. El seguro se encarga de los procedimientos de cobranza, tanto amistosos como judiciales, en Argentina y en el extranjero para terminar de cobrar al cliente, lo cual, para cualquier empresa a\u00fan de cierto tama\u00f1o litigar y hacer juicios en el exterior, resulta inalcanzable.<\/p>\n\n\n\n<p><strong>Beneficios adicionales del seguro de exportaci\u00f3n<\/strong><\/p>\n\n\n\n<p>El seguro como herramienta financiera.<\/p>\n\n\n\n<p>Permite dar plazo de hasta 180 d\u00edas para pagar con lo cual se convierte en una palanca de venta muy poderosa.<\/p>\n\n\n\n<p>Remplaza casi todas las funciones de la carta de cr\u00e9dito y el cliente tiene plazo para pagar sin los costos bancarios y financieros que implica la misma.<\/p>\n\n\n\n<p>En el caso de bienes de capital, permite ofrecer plazos de pago de hasta 270 d\u00edas.<\/p>\n\n\n\n<p>En caso de anticipos a proveedores por importaciones, permite su uso como seguro de cauci\u00f3n.<\/p>\n\n\n\n<p>Es un instrumento que, al dar garant\u00eda de cobro a la factura que cubre, hace atractiva y facilita su descuento por los bancos; o puede ser utilizado como garant\u00eda en las SGR, como por ejemplo Cuyo Aval.<\/p>\n\n\n\n<p><strong>Programas de internacionalizaci\u00f3n<\/strong><\/p>\n\n\n\n<p><strong>NEX<\/strong>. El Programa NEX (Desarrollo de Nuevos Exportadores) busca incentivar y apoyar la incorporaci\u00f3n de empresas peque\u00f1as y medianas a mercados internacionales. El esquema de funcionamiento del programa contiene tres etapas: Diagn\u00f3stico de Potencial de Internacionalizaci\u00f3n; Elaboraci\u00f3n del Plan de Marketing Internacional y Ejecuci\u00f3n. Ofrece el apoyo necesario para comenzar a exportar de la mano de un especialista, con metodolog\u00eda a la medida de cada empresa para su producto o servicio.<\/p>\n\n\n\n<p><strong>PYMEXPORTA.<\/strong> Es una herramienta destinada a las pymes con el fin de facilitarles la posibilidad de promocionar sus productos en el exterior, conseguir nuevos clientes y concretar exportaciones. El programa otorga reintegros de hasta el 50% de los gastos en promoci\u00f3n comercial. Entre las actividades que se pueden incluir dentro de este programa, podemos destacar: dise\u00f1o, predise\u00f1o e impresi\u00f3n de folletos, puntos de venta, sitios web; participaci\u00f3n en Ferias Comerciales y Rondas de Negocios; env\u00edos de muestras y viajes de ejecutivos.<\/p>\n\n\n\n<p><strong>DIMEX.<\/strong> Destinado a impulsar a las pymes mendocinas en la b\u00fasqueda de nuevos destinos de exportaci\u00f3n. La Fundaci\u00f3n se hace cargo del 50% de los honorarios del tutor\/asesor durante 12 meses de duraci\u00f3n del Programa, quien acompa\u00f1ar\u00e1 a las empresas exportadoras, concentradas en pocos mercados internacionales, en la apertura de nuevos destinos de exportaci\u00f3n para sus productos y servicios, obteniendo as\u00ed las ventajas de una demanda externa m\u00e1s diversificada.<\/p>\n\n\n\n<p>Acerca de ProMendoza. Trabaja en cinco ejes de acci\u00f3n: promoci\u00f3n comercial, programas de capacitaci\u00f3n para exportar, herramientas para mejorar la Competitividad, negociaciones Internacionales y atracci\u00f3n de Inversiones.<\/p>\n\n\n\n<p>Desde hace m\u00e1s de 25 a\u00f1os coordina la participaci\u00f3n de empresas en ferias internacionales, organiza misiones comerciales y rondas de negocios inversas, reuniendo a importadores con empresas dentro de la provincia.<\/p>\n","protected":false},"excerpt":{"rendered":"<p>El gerente de ProMendoza, Mario L\u00e1zzaro, visit\u00f3 San Rafael, invitado por el presidente de la C\u00e1mara de Comercio, Industria y Agropecuaria, Hugo Tornaghi.Ambos se reunieron con pymes locales para contarles&#8230;<\/p>\n","protected":false},"author":1,"featured_media":12115,"comment_status":"closed","ping_status":"open","sticky":false,"template":"","format":"image","meta":[],"categories":[54,49],"tags":[],"_links":{"self":[{"href":"https:\/\/www.promendoza.com\/en\/wp-json\/wp\/v2\/posts\/12114"}],"collection":[{"href":"https:\/\/www.promendoza.com\/en\/wp-json\/wp\/v2\/posts"}],"about":[{"href":"https:\/\/www.promendoza.com\/en\/wp-json\/wp\/v2\/types\/post"}],"author":[{"embeddable":true,"href":"https:\/\/www.promendoza.com\/en\/wp-json\/wp\/v2\/users\/1"}],"replies":[{"embeddable":true,"href":"https:\/\/www.promendoza.com\/en\/wp-json\/wp\/v2\/comments?post=12114"}],"version-history":[{"count":2,"href":"https:\/\/www.promendoza.com\/en\/wp-json\/wp\/v2\/posts\/12114\/revisions"}],"predecessor-version":[{"id":12117,"href":"https:\/\/www.promendoza.com\/en\/wp-json\/wp\/v2\/posts\/12114\/revisions\/12117"}],"wp:featuredmedia":[{"embeddable":true,"href":"https:\/\/www.promendoza.com\/en\/wp-json\/wp\/v2\/media\/12115"}],"wp:attachment":[{"href":"https:\/\/www.promendoza.com\/en\/wp-json\/wp\/v2\/media?parent=12114"}],"wp:term":[{"taxonomy":"category","embeddable":true,"href":"https:\/\/www.promendoza.com\/en\/wp-json\/wp\/v2\/categories?post=12114"},{"taxonomy":"post_tag","embeddable":true,"href":"https:\/\/www.promendoza.com\/en\/wp-json\/wp\/v2\/tags?post=12114"}],"curies":[{"name":"wp","href":"https:\/\/api.w.org\/{rel}","templated":true}]}}