{"id":12130,"date":"2022-08-25T16:25:43","date_gmt":"2022-08-25T16:25:43","guid":{"rendered":"https:\/\/www.promendoza.com\/es\/?p=12130"},"modified":"2022-08-25T16:38:00","modified_gmt":"2022-08-25T16:38:00","slug":"las-pymes-de-mendoza-pueden-potenciar-sus-exportaciones-con-la-asistencia-de-un-programa-federal","status":"publish","type":"post","link":"https:\/\/www.promendoza.com\/en\/las-pymes-de-mendoza-pueden-potenciar-sus-exportaciones-con-la-asistencia-de-un-programa-federal\/","title":{"rendered":"Las pymes de Mendoza pueden potenciar sus exportaciones con la asistencia de un programa federal"},"content":{"rendered":"<style type=\"text\/css\"><\/style>\n<figure class=\"wp-block-image\"><img alt=\"\"\/><\/figure>\n\n\n\n<p><br>La Agencia Argentina de Comercio Internacional e Inversiones present\u00f3 en ProMendoza el Programa Federal Desaf\u00edo Exportador y otras herramientas disponibles para potenciar las exportaciones de la pymes mendocinas.<br>El gerente de ProMendoza, Mario L\u00e1zzaro, recibi\u00f3 a la comitiva integrada por la gerenta de Asistencia T\u00e9cnica, Fernanda Maciel; el director del programa Desaf\u00edo Exportador, Marcelo Yasky, y Mayte Galaburri, referente del programa.<\/p>\n\n\n\n<p>Con el fin de lograr un mayor alcance, la presentaci\u00f3n se realiz\u00f3 de manera h\u00edbrida \u2013presencial y virtual\u2013 ante m\u00e1s de 40 participantes: los directores de Desarrollo Econ\u00f3mico de los municipios de la provincia y empresas interesadas en fomentar sus exportaciones.<\/p>\n\n\n\n<p>El programa Desaf\u00edo Exportador est\u00e1 dirigido a peque\u00f1as y medianas empresas con potencial exportador \u2013o que vendan en el exterior de manera eventual\u2013 para desarrollar o potenciar su oferta exportable.<\/p>\n\n\n\n<p>De esta manera, la agencia pone a disposici\u00f3n de cada empresa participante un profesional calificado para formular e implementar un plan de negocios internacional a su medida.<\/p>\n\n\n\n<p>Un asistente t\u00e9cnico acompa\u00f1a el proceso<\/p>\n\n\n\n<p>El programa Desaf\u00edo Exportador es destacadamente federal, ya que posee 21 provincias participantes. Cuenta con una asistencia t\u00e9cnica inicial para empresas que comienzan sus primeros pasos en el desaf\u00edo exportador. Tambi\u00e9n, un desarrollo de un plan de negocios, para quienes buscan fortalecer sus exportaciones. Y promoci\u00f3n internacional, para las empresas que ya tienen definida su oferta exportable.<\/p>\n\n\n\n<p>Los asesores t\u00e9cnicos son formados a trav\u00e9s del curso superior de negocios internacionales, una diplomatura dise\u00f1ada por la misma agencia, con docentes de todo el pa\u00eds, y desarrollada en la Facultad de Ingenier\u00eda de la Universidad Nacional de Lomas de Zamora (UNLZ).<\/p>\n\n\n\n<p>Luego de un diagn\u00f3stico exportador, los profesionales desarrollan un plan de negocios internacional de acuerdo con el potencial y la necesidad de cada empresa.<\/p>\n\n\n\n<p>Logros de Desaf\u00edo Exportador<\/p>\n\n\n\n<p>\u00b7 M\u00e1s de 350 asesores t\u00e9cnicos en todo el pa\u00eds se formaron en el Curso Superior de Negocios Internacionales.<\/p>\n\n\n\n<p>\u00b7 M\u00e1s de 1.100 pymes argentinas ya se inscribieron en el programa Desaf\u00edo Exportador.<\/p>\n\n\n\n<p>\u00b7 M\u00e1s de 850 pymes disponen de su Diagn\u00f3stico Exportador.<\/p>\n\n\n\n<p>\u00b7 M\u00e1s de 1.000 estudios de mercado realizados.<\/p>\n\n\n\n<p>\u00b7 M\u00e1s de 360 pymes ya elaboraron su Plan de Negocios Internacionales.<\/p>\n","protected":false},"excerpt":{"rendered":"<p>La Agencia Argentina de Comercio Internacional e Inversiones present\u00f3 en ProMendoza el Programa Federal Desaf\u00edo Exportador y otras herramientas disponibles para potenciar las exportaciones de la pymes mendocinas.El gerente de&#8230;<\/p>\n","protected":false},"author":1,"featured_media":12131,"comment_status":"closed","ping_status":"open","sticky":false,"template":"","format":"image","meta":[],"categories":[52,110],"tags":[],"_links":{"self":[{"href":"https:\/\/www.promendoza.com\/en\/wp-json\/wp\/v2\/posts\/12130"}],"collection":[{"href":"https:\/\/www.promendoza.com\/en\/wp-json\/wp\/v2\/posts"}],"about":[{"href":"https:\/\/www.promendoza.com\/en\/wp-json\/wp\/v2\/types\/post"}],"author":[{"embeddable":true,"href":"https:\/\/www.promendoza.com\/en\/wp-json\/wp\/v2\/users\/1"}],"replies":[{"embeddable":true,"href":"https:\/\/www.promendoza.com\/en\/wp-json\/wp\/v2\/comments?post=12130"}],"version-history":[{"count":2,"href":"https:\/\/www.promendoza.com\/en\/wp-json\/wp\/v2\/posts\/12130\/revisions"}],"predecessor-version":[{"id":12133,"href":"https:\/\/www.promendoza.com\/en\/wp-json\/wp\/v2\/posts\/12130\/revisions\/12133"}],"wp:featuredmedia":[{"embeddable":true,"href":"https:\/\/www.promendoza.com\/en\/wp-json\/wp\/v2\/media\/12131"}],"wp:attachment":[{"href":"https:\/\/www.promendoza.com\/en\/wp-json\/wp\/v2\/media?parent=12130"}],"wp:term":[{"taxonomy":"category","embeddable":true,"href":"https:\/\/www.promendoza.com\/en\/wp-json\/wp\/v2\/categories?post=12130"},{"taxonomy":"post_tag","embeddable":true,"href":"https:\/\/www.promendoza.com\/en\/wp-json\/wp\/v2\/tags?post=12130"}],"curies":[{"name":"wp","href":"https:\/\/api.w.org\/{rel}","templated":true}]}}