{"id":12157,"date":"2022-09-21T16:35:00","date_gmt":"2022-09-21T16:35:00","guid":{"rendered":"https:\/\/www.promendoza.com\/es\/?p=12157"},"modified":"2022-09-22T16:37:37","modified_gmt":"2022-09-22T16:37:37","slug":"suarez-encabezara-el-mes-de-mendoza-en-brasil","status":"publish","type":"post","link":"https:\/\/www.promendoza.com\/en\/suarez-encabezara-el-mes-de-mendoza-en-brasil\/","title":{"rendered":"Suarez encabezar\u00e1 el \u201cMes de Mendoza\u201d en Brasil"},"content":{"rendered":"<style type=\"text\/css\"><\/style>\n<figure class=\"wp-block-image\"><img alt=\"\"\/><\/figure>\n\n\n\n<p><br>Mendoza despliega en Brasil su oferta de productos y servicios en tres ferias, que tienen como escenario los estados de San Pablo, R\u00edo Grande del Sur y R\u00edo de Janeiro.<\/p>\n\n\n\n<p>Wines of South Am\u00e9rica, en Rio Grande Do Sul, comenz\u00f3 el 20 de septiembre y finalizar\u00e1 el 24, con la participaci\u00f3n de empresas del sector de metalmec\u00e1nica, servicios y vinos. Del 26 al 29, en San Pablo, Mendoza participar\u00e1 con sus vinos y alimentos en Prowines.<\/p>\n\n\n\n<p>Paralelamente, en la misma fecha y en el estado de R\u00edo de Janeiro, la provincia estar\u00e1 presente en la feria Oil and Gas, a la que asistir\u00e1n empresas de petr\u00f3leo y energ\u00eda que operan en Mendoza.<\/p>\n\n\n\n<p>As\u00ed, al cabo de 15 d\u00edas intensos y con acciones de promoci\u00f3n comercial impulsadas por ProMendoza, estar\u00e1n representados en Brasil los sectores locales de metalmec\u00e1nica y energ\u00eda, vinos, alimentos y servicios.<\/p>\n\n\n\n<p>El dato a resaltar es que en las ferias de San Pablo y en R\u00edo de Janeiro participar\u00e1 el Gobernador, acompa\u00f1ado por la ministra de Cultura y Turismo, Nora Vicario, encabezar\u00e1 la comitiva integrada por funcionarios y empresarios. En ese contexto, el ministro de Econom\u00eda y Energ\u00eda, Enrique Vaqui\u00e9, presentar\u00e1 a Mendoza como destino de inversiones, ante las autoridades de la Federaci\u00f3n de Industrias del Estado de San Pablo.<\/p>\n\n\n\n<p>Por su parte, el Ministerio de Turismo de la Provincia har\u00e1 lo propio al desplegar la oferta mendocina entre el p\u00fablico brasile\u00f1o, tanto en San Pablo como en R\u00edo de Janeiro.<\/p>\n\n\n\n<p>A la vez, participar\u00e1n empresarios de distintos sectores. En R\u00edo desembarcar\u00e1n unas 10 empresas de petr\u00f3leo y energ\u00eda. Y a San Pablo llegar\u00e1n 25 a 30 a bodegas locales.<\/p>\n\n\n\n<p>Mendoza exporta a Brasil<\/p>\n\n\n\n<p>Del total exportado por Argentina a Brasil, los productos mendocinos representaron en 2021 un total 350.000.000 millones de d\u00f3lares: 21,5% de las exportaciones totales de la provincia al mundo.<\/p>\n\n\n\n<p>Las exportaciones de Mendoza con destino a Brasil se distribuyen en tres rubros:<\/p>\n\n\n\n<p>-Productos primarios: con el ajo a la cabeza, siguen las peras y luego las hortalizas y legumbres.<\/p>\n\n\n\n<p>\u2013Manufacturas de origen agropecuario, donde lidera el vino, seguido de las frutas secas o procesadas, y en tercer t\u00e9rmino, preparados de legumbres, hortalizas y frutas.<\/p>\n\n\n\n<p>\u2013Manufacturas de origen industrial, donde se destacan las materias pl\u00e1sticas y sus manufacturas, como un producto casi exclusivo de esta categor\u00eda.<\/p>\n\n\n\n<p>En s\u00edntesis, los principales rubros exportados de Mendoza con destino a Brasil en el per\u00edodo 2017-2021 son: aceite de oliva, ajos, frutas secas o procesadas, materias pl\u00e1sticas y sus manufacturas, vinos, as\u00ed como preparados de legumbres, hortalizas y frutas.<\/p>\n\n\n\n<p>Hub log\u00edstico y estrategia de penetraci\u00f3n<\/p>\n\n\n\n<p>La estrategia de promoci\u00f3n tiene su contraparte en la penetraci\u00f3n dentro del mercado brasilero, que consiste precisamente en la apertura de tres hubs log\u00edsticos.<\/p>\n\n\n\n<p>El primero de ellos funciona en Itaja\u00ed desde 2021 y supera expectativas en los resultados comerciales. Situado al Sur de Brasil y a unos 2.500 km de Mendoza, logr\u00f3 ventas en vinos US$ 750.000.<\/p>\n\n\n\n<p>El segundo hub tendr\u00e1 como escenario comercial el Centro-Oeste del pa\u00eds, m\u00e1s precisamente en Goiania \u2013cerca de Brasilia<\/p>\n\n\n\n<p>El segundo hub tendr\u00e1 como escenario comercial el Centro-Oeste del pa\u00eds, m\u00e1s precisamente en Goiania \u2013cerca de Brasilia\u2013, y el tercero en el Nordeste brasile\u00f1o y a unos 5.000 kil\u00f3metros de la provincia. De acuerdo con el resultado en el desarrollo de la estrategia, podr\u00eda evaluarse un cuarto punto en el Norte del pa\u00eds vecino.<\/p>\n\n\n\n<p>Recordemos que los hubs son plataformas log\u00edsticas y comerciales donde las empresas depositan sus productos y una comercializadora desarrolla la estrategia. Inserta en el mercado, conocedora de sus necesidades y del conocimiento de la idiosincrasia del consumidor as\u00ed como del potencial, la comercializadora est\u00e1 en condiciones de desarrollar una estrategia que abarque productos, embalajes, marca y todo lo que hace a una distribuci\u00f3n exitosa.<\/p>\n\n\n\n<p>De este modo, se resuelven dos asuntos muy importantes para las empresas mendocinas, por un lado el log\u00edstico: almacenaje de productos, y, por otro lado, el comercial: estrategias de comercializaci\u00f3n).<\/p>\n\n\n\n<p>El marketing y la comunicaci\u00f3n tambi\u00e9n son instrumentos que no pueden dejar de estar, sobre todo en mercados extranjeros. Las empresas participantes conectan con especialistas en difundir marcas. Tambi\u00e9n se les facilitan herramientas financieras a trav\u00e9s de Cuyo Aval y del Banco Naci\u00f3n para insertar sus productos en la oferta exportable.<\/p>\n","protected":false},"excerpt":{"rendered":"<p>Mendoza despliega en Brasil su oferta de productos y servicios en tres ferias, que tienen como escenario los estados de San Pablo, R\u00edo Grande del Sur y R\u00edo de Janeiro&#8230;.<\/p>\n","protected":false},"author":1,"featured_media":12158,"comment_status":"closed","ping_status":"open","sticky":false,"template":"","format":"image","meta":[],"categories":[96],"tags":[],"_links":{"self":[{"href":"https:\/\/www.promendoza.com\/en\/wp-json\/wp\/v2\/posts\/12157"}],"collection":[{"href":"https:\/\/www.promendoza.com\/en\/wp-json\/wp\/v2\/posts"}],"about":[{"href":"https:\/\/www.promendoza.com\/en\/wp-json\/wp\/v2\/types\/post"}],"author":[{"embeddable":true,"href":"https:\/\/www.promendoza.com\/en\/wp-json\/wp\/v2\/users\/1"}],"replies":[{"embeddable":true,"href":"https:\/\/www.promendoza.com\/en\/wp-json\/wp\/v2\/comments?post=12157"}],"version-history":[{"count":2,"href":"https:\/\/www.promendoza.com\/en\/wp-json\/wp\/v2\/posts\/12157\/revisions"}],"predecessor-version":[{"id":12160,"href":"https:\/\/www.promendoza.com\/en\/wp-json\/wp\/v2\/posts\/12157\/revisions\/12160"}],"wp:featuredmedia":[{"embeddable":true,"href":"https:\/\/www.promendoza.com\/en\/wp-json\/wp\/v2\/media\/12158"}],"wp:attachment":[{"href":"https:\/\/www.promendoza.com\/en\/wp-json\/wp\/v2\/media?parent=12157"}],"wp:term":[{"taxonomy":"category","embeddable":true,"href":"https:\/\/www.promendoza.com\/en\/wp-json\/wp\/v2\/categories?post=12157"},{"taxonomy":"post_tag","embeddable":true,"href":"https:\/\/www.promendoza.com\/en\/wp-json\/wp\/v2\/tags?post=12157"}],"curies":[{"name":"wp","href":"https:\/\/api.w.org\/{rel}","templated":true}]}}