{"id":12171,"date":"2022-10-19T23:04:35","date_gmt":"2022-10-19T23:04:35","guid":{"rendered":"https:\/\/www.promendoza.com\/es\/?p=12171"},"modified":"2022-10-19T23:05:05","modified_gmt":"2022-10-19T23:05:05","slug":"luego-de-4-anos-17-pymes-participan-en-la-sial-paris","status":"publish","type":"post","link":"https:\/\/www.promendoza.com\/en\/luego-de-4-anos-17-pymes-participan-en-la-sial-paris\/","title":{"rendered":"Luego de 4 a\u00f1os, 17 pymes participan en la SIAL Par\u00eds"},"content":{"rendered":"<style type=\"text\/css\"><\/style>\n<figure class=\"wp-block-image\"><img alt=\"\"\/><\/figure>\n\n\n\n<p>En el marco de una misi\u00f3n comercial que comienza en Francia y se extender\u00e1 luego a los pa\u00edses n\u00f3rdicos, ProMendoza participa en una de las ferias de alimentos m\u00e1s grandes del mundo en la capital francesa. Hasta el mi\u00e9rcoles, se realiza SIAL Par\u00eds, una exhibici\u00f3n dedicada a la innovaci\u00f3n en alimentaci\u00f3n. Los pasillos desbordan de visitantes, luego de varios a\u00f1os sin abrir sus puertas.<br>Diecisiete empresas de Mendoza dijeron presente, con el fin de seguir ampliando el mercado europeo en la venta de aceite de oliva, frutos secos, conservas y pulpas de frutas, mosto concentrado y vinos.<\/p>\n\n\n\n<p>Se encuentran en la feria Straven, Pietrelli Fruit, Argensun, Trador, F\u00e9nix, Cirexa, Jugos Australes, Presidente, Ava, Kineta, Prugna, Nevada Argentina, Chaquepe, Natural Fruit, Finca El Pehuen, La Delmira y Bodegas L\u00f3pez.<\/p>\n\n\n\n<p>En la feria se vive buen clima de negocios con la gran afluencia de importadores europeos que esperaban esta feria luego de la pandemia. Inesperadamente, se sumaron a \u00faltimo momento compradores chinos -que a\u00fan poseen grandes restricciones por el COVID-19- y rusos -atravesados por el conflicto b\u00e9lico con Ucrania-, con gran demanda de alimentos y bebidas.<\/p>\n\n\n\n<p>Este encuentro, que se celebra en el recinto ferial Par\u00eds Nord Villapinte con periodicidad bianual, se ha convertido en un punto de encuentro ineludible para las empresas alimentarias interesadas en buscar nuevos mercados internacionales despu\u00e9s de que la \u00faltima edici\u00f3n se suspendiera por los efectos de la pandemia.<\/p>\n\n\n\n<p>La feria representa a 21 sectores de productos, cuenta con 7.200 expositores de 119 pa\u00edses y recibe a m\u00e1s de 160.000 visitantes profesionales. Sus m\u00e1s de 250.000 m2 de exposiciones la convierten en un lugar de encuentro para las principales empresas agroalimentarias de todo el mundo.<\/p>\n","protected":false},"excerpt":{"rendered":"<p>En el marco de una misi\u00f3n comercial que comienza en Francia y se extender\u00e1 luego a los pa\u00edses n\u00f3rdicos, ProMendoza participa en una de las ferias de alimentos m\u00e1s grandes&#8230;<\/p>\n","protected":false},"author":1,"featured_media":12172,"comment_status":"closed","ping_status":"open","sticky":false,"template":"","format":"image","meta":[],"categories":[103,98],"tags":[],"_links":{"self":[{"href":"https:\/\/www.promendoza.com\/en\/wp-json\/wp\/v2\/posts\/12171"}],"collection":[{"href":"https:\/\/www.promendoza.com\/en\/wp-json\/wp\/v2\/posts"}],"about":[{"href":"https:\/\/www.promendoza.com\/en\/wp-json\/wp\/v2\/types\/post"}],"author":[{"embeddable":true,"href":"https:\/\/www.promendoza.com\/en\/wp-json\/wp\/v2\/users\/1"}],"replies":[{"embeddable":true,"href":"https:\/\/www.promendoza.com\/en\/wp-json\/wp\/v2\/comments?post=12171"}],"version-history":[{"count":2,"href":"https:\/\/www.promendoza.com\/en\/wp-json\/wp\/v2\/posts\/12171\/revisions"}],"predecessor-version":[{"id":12174,"href":"https:\/\/www.promendoza.com\/en\/wp-json\/wp\/v2\/posts\/12171\/revisions\/12174"}],"wp:featuredmedia":[{"embeddable":true,"href":"https:\/\/www.promendoza.com\/en\/wp-json\/wp\/v2\/media\/12172"}],"wp:attachment":[{"href":"https:\/\/www.promendoza.com\/en\/wp-json\/wp\/v2\/media?parent=12171"}],"wp:term":[{"taxonomy":"category","embeddable":true,"href":"https:\/\/www.promendoza.com\/en\/wp-json\/wp\/v2\/categories?post=12171"},{"taxonomy":"post_tag","embeddable":true,"href":"https:\/\/www.promendoza.com\/en\/wp-json\/wp\/v2\/tags?post=12171"}],"curies":[{"name":"wp","href":"https:\/\/api.w.org\/{rel}","templated":true}]}}