{"id":12198,"date":"2022-11-14T13:33:12","date_gmt":"2022-11-14T13:33:12","guid":{"rendered":"https:\/\/www.promendoza.com\/es\/?p=12198"},"modified":"2022-11-14T13:46:25","modified_gmt":"2022-11-14T13:46:25","slug":"tijeritas-inauguro-su-primera-franquicia-en-espana","status":"publish","type":"post","link":"https:\/\/www.promendoza.com\/en\/tijeritas-inauguro-su-primera-franquicia-en-espana\/","title":{"rendered":"Tijeritas inaugur\u00f3 su primera franquicia en Espa\u00f1a"},"content":{"rendered":"<style type=\"text\/css\"><\/style>\n<figure class=\"wp-block-image\"><img alt=\"\"\/><\/figure>\n\n\n\n<p><br>La marca de peluquer\u00eda infantil, que se hizo franquicia a trav\u00e9s del cl\u00faster conformado en ProMendoza, logr\u00f3 el objetivo de penetrar el mercado europeo con la primera sucursal inaugurada recientemente en Alicante, Espa\u00f1a. Adem\u00e1s, abrir\u00e1 en el pr\u00f3ximo mes su segundo local en el shopping Gran V\u00eda de la misma ciudad.<br>\u201cLa marca Tijeritas ser\u00e1 gerenciada en Alicante por una pareja de bonaerenses que viven en Espa\u00f1a y encontraron en nuestra marca una excelente oportunidad de inversi\u00f3n\u201d explic\u00f3 Carolina Pessotti, creadora de la franquicia. \u201cTuvimos un proceso legal que termin\u00f3 con \u00e9xito, ya que hoy tienen montada su empresa en Alicante, pronta a inaugurar el segundo local\u201d.<\/p>\n\n\n\n<p>Este salto internacional hizo posible tambi\u00e9n el ingreso de la marca al mercado chileno, donde Tijeritas pondr\u00e1 en marcha su primera franquicia en el Mallplaza Vespucio en Santiago, cadena que est\u00e1 interesada en incorporar el concepto en todos sus malls.<\/p>\n\n\n\n<p>\u201cEstamos en la Era de Est\u00e9tica, tanto infantil como adulta, las modas y las tendencias son globales, los personajes que le gustan a los ni\u00f1os son los mismos en todo el mundo, por lo tanto, todo esto ayuda a que nuestra marca pueda adaptarse a los diferentes mercados sin tantas diferencias culturales como se cree\u201d explic\u00f3 Carolina Pessotti, fundadora de una de las peluquer\u00edas m\u00e1s famosas,<\/p>\n\n\n\n<p>Carolina Pessotti recalc\u00f3 que su marca ha sido elegida como negocio en el exterior \u201cpor dos razones fundamentales, el concepto \u00fanicoy marca fuerte. Cuando alguien piensa en invertir en una marca, no solo compra el modelo de negocio, compra la pasi\u00f3n que le genera esa marca y como se ve como parte integrante de la misma.\u201d<\/p>\n\n\n\n<p>Al decir un concepto \u00fanico, no quiere decir que no all\u00e1 competencia o peluquer\u00edas infantiles, sino que \u201cnosotros hemos logrado un negocio escalable en los centros comerciales, a trav\u00e9s de locales o islas, que tiene que ver m\u00e1s con retail que con un servicio en s\u00ed mismo. Como tambi\u00e9n, el concepto se expresa a trav\u00e9s del modo en que se dise\u00f1a la arquitectura de la marca y como se establece el modelo de atenci\u00f3n\u201d.<\/p>\n\n\n\n<p>\u201cTrabajamos, junto a nuestra agencia RYA, en la creaci\u00f3n de una marca con fuertes bases en su estrategia, en su percepci\u00f3n y en su proyecci\u00f3n, no pensamos en cuantos seguidores tenemos, sino en generar una gran marca y eso se siente cuando te miran a la hora de pensar en una franquicia, destac\u00f3.<\/p>\n\n\n\n<p>Pessoti resalt\u00f3 que \u201cLas marcas argentinas son atractivas en el exterior, porque los argentinos somos creativos por naturaleza y nuestras marcas son a prueba de todo tipo de situaciones econ\u00f3micas, y eso lo sabe un inversionista extranjero. Si Tijeritas tiene 20 a\u00f1os, esa persona es consciente de que el modelo de negocio es adaptativo y exitoso, a pesar de las circunstancias. Cuando una marca argentina est\u00e1 en un mercado externo, demuestra que tiene agilidad y rapidez de acci\u00f3n en forma constante\u201d.<\/p>\n\n\n\n<p>\u201cEn este momento Tijeritas tiene una gran oportunidad en Chile, porque es un mercado al que le gusta consumir en shopping, donde nuestra marca se puede mostrar r\u00e1pidamente y tenemos propuestas concretas, estamos en la b\u00fasqueda de inversores chilenos o argentinos que quieran apostar. La primera franquicia abrir\u00e1 en dos meses, en este momento est\u00e1 en ejecuci\u00f3n, y ya estamos a punto de concretar la segunda. Hemos realizado una alianza con el laboratorio de productos infantiles m\u00e1s importante del vecino pa\u00eds que nos acompa\u00f1ar\u00e1 fuertemente\u201d asegur\u00f3 la l\u00edder de la marca, y agreg\u00f3 \u201cotro mercado interesante, que estamos analizando y escuchando propuestas es Brasil, cuando te relacionas con consultoras de ese pa\u00eds y te hablan de proyecciones de crecimiento, estiman 100 aperturas como si eso fuera poco, as\u00ed que es otro lugar donde estamos poniendo foco\u201d.<\/p>\n\n\n\n<p>Si bien las inversiones var\u00edan seg\u00fan el pa\u00eds, ya que est\u00e1 directamente relacionada con el costo del corte de pelo, Pessoti aclar\u00f3 \u201cen Argentina una franquicia ronda los 17 mil d\u00f3lares y el corte ser\u00e1 pagado por nuestros clientes a casi 5 d\u00f3lares, mientras que en Espa\u00f1a la inversi\u00f3n es de 40 mil euros y el corte cuesta 15 euros. Por otro lado en Chile, la inversi\u00f3n es de 40 mil d\u00f3lares y el corte saldr\u00e1 14 d\u00f3lares. Digamos que cada econom\u00eda tiene su din\u00e1mica, pero en la proyecci\u00f3n el tiempo de recupero de la inversi\u00f3n es similar como en el comportamiento del consumidor respecto a la marca y el precio\u201d.<\/p>\n","protected":false},"excerpt":{"rendered":"<p>La marca de peluquer\u00eda infantil, que se hizo franquicia a trav\u00e9s del cl\u00faster conformado en ProMendoza, logr\u00f3 el objetivo de penetrar el mercado europeo con la primera sucursal inaugurada recientemente&#8230;<\/p>\n","protected":false},"author":1,"featured_media":12199,"comment_status":"closed","ping_status":"open","sticky":false,"template":"","format":"image","meta":[],"categories":[93],"tags":[],"_links":{"self":[{"href":"https:\/\/www.promendoza.com\/en\/wp-json\/wp\/v2\/posts\/12198"}],"collection":[{"href":"https:\/\/www.promendoza.com\/en\/wp-json\/wp\/v2\/posts"}],"about":[{"href":"https:\/\/www.promendoza.com\/en\/wp-json\/wp\/v2\/types\/post"}],"author":[{"embeddable":true,"href":"https:\/\/www.promendoza.com\/en\/wp-json\/wp\/v2\/users\/1"}],"replies":[{"embeddable":true,"href":"https:\/\/www.promendoza.com\/en\/wp-json\/wp\/v2\/comments?post=12198"}],"version-history":[{"count":2,"href":"https:\/\/www.promendoza.com\/en\/wp-json\/wp\/v2\/posts\/12198\/revisions"}],"predecessor-version":[{"id":12201,"href":"https:\/\/www.promendoza.com\/en\/wp-json\/wp\/v2\/posts\/12198\/revisions\/12201"}],"wp:featuredmedia":[{"embeddable":true,"href":"https:\/\/www.promendoza.com\/en\/wp-json\/wp\/v2\/media\/12199"}],"wp:attachment":[{"href":"https:\/\/www.promendoza.com\/en\/wp-json\/wp\/v2\/media?parent=12198"}],"wp:term":[{"taxonomy":"category","embeddable":true,"href":"https:\/\/www.promendoza.com\/en\/wp-json\/wp\/v2\/categories?post=12198"},{"taxonomy":"post_tag","embeddable":true,"href":"https:\/\/www.promendoza.com\/en\/wp-json\/wp\/v2\/tags?post=12198"}],"curies":[{"name":"wp","href":"https:\/\/api.w.org\/{rel}","templated":true}]}}