{"id":12202,"date":"2022-11-11T15:56:00","date_gmt":"2022-11-11T18:56:00","guid":{"rendered":"https:\/\/www.promendoza.com\/es\/?p=12202"},"modified":"2025-06-11T11:03:08","modified_gmt":"2025-06-11T14:03:08","slug":"sinergia-entre-came-fem-y-promendoza","status":"publish","type":"post","link":"https:\/\/www.promendoza.com\/en\/sinergia-entre-came-fem-y-promendoza\/","title":{"rendered":"Sinergia entre CAME, FEM y ProMendoza"},"content":{"rendered":"<style type=\"text\/css\"><\/style>\n<figure class=\"wp-block-image\"><img alt=\"\"\/><\/figure>\n\n\n\n<p>El viernes 11 de noviembre recibimos en ProMendoza al presidente de la Red CAME, Alfredo Gonz\u00e1lez, junto al presidente de la Federaci\u00f3n Econ\u00f3mica de Mendoza (FEM), Alfredo Cecchi, para avanzar en acciones comerciales que posicionen los productos mendocinos en el sur de Brasil. Estuvo presente tambi\u00e9n el Ministro de Econom\u00eda y Energ\u00eda, Enrique Vaqui\u00e9.<br>La comitiva de la Confederaci\u00f3n Argentina de la Mediana Empresa (CAME) encabezada por su presidente, Alfredo Gonz\u00e1lez y su Secretario General Ricardo Diab, se reuni\u00f3, adem\u00e1s, en la sede de la Federaci\u00f3n Econ\u00f3mica de Mendoza con autoridades y directivos de la c\u00e1maras territoriales y sectoriales de la provincia, a fin de analizar los distintos temas que preocupan a pymes, comercio y sector productivo mendocino. Tambi\u00e9n fueron parte de la jornada los Vicepresidentes Fabi\u00e1n Castillo (FECOBA) y Claudia Fern\u00e1ndez (C\u00e1mara de Comercio de Ushuaia) y el Secretario de Hacienda Blas Taladrid (UCIP).<br>Entre los asuntos abordados en las reuniones, estuvieron las recientes heladas tard\u00edas, su impacto en los oasis productivos y las medidas anunciadas, tanto a nivel nacional como provincial.<\/p>\n","protected":false},"excerpt":{"rendered":"<p>El viernes 11 de noviembre recibimos en ProMendoza al presidente de la Red CAME, Alfredo Gonz\u00e1lez, junto al presidente de la Federaci\u00f3n Econ\u00f3mica de Mendoza (FEM), Alfredo Cecchi, para avanzar&#8230;<\/p>\n","protected":false},"author":1,"featured_media":12203,"comment_status":"closed","ping_status":"open","sticky":false,"template":"","format":"image","meta":[],"categories":[46],"tags":[],"_links":{"self":[{"href":"https:\/\/www.promendoza.com\/en\/wp-json\/wp\/v2\/posts\/12202"}],"collection":[{"href":"https:\/\/www.promendoza.com\/en\/wp-json\/wp\/v2\/posts"}],"about":[{"href":"https:\/\/www.promendoza.com\/en\/wp-json\/wp\/v2\/types\/post"}],"author":[{"embeddable":true,"href":"https:\/\/www.promendoza.com\/en\/wp-json\/wp\/v2\/users\/1"}],"replies":[{"embeddable":true,"href":"https:\/\/www.promendoza.com\/en\/wp-json\/wp\/v2\/comments?post=12202"}],"version-history":[{"count":3,"href":"https:\/\/www.promendoza.com\/en\/wp-json\/wp\/v2\/posts\/12202\/revisions"}],"predecessor-version":[{"id":15880,"href":"https:\/\/www.promendoza.com\/en\/wp-json\/wp\/v2\/posts\/12202\/revisions\/15880"}],"wp:featuredmedia":[{"embeddable":true,"href":"https:\/\/www.promendoza.com\/en\/wp-json\/wp\/v2\/media\/12203"}],"wp:attachment":[{"href":"https:\/\/www.promendoza.com\/en\/wp-json\/wp\/v2\/media?parent=12202"}],"wp:term":[{"taxonomy":"category","embeddable":true,"href":"https:\/\/www.promendoza.com\/en\/wp-json\/wp\/v2\/categories?post=12202"},{"taxonomy":"post_tag","embeddable":true,"href":"https:\/\/www.promendoza.com\/en\/wp-json\/wp\/v2\/tags?post=12202"}],"curies":[{"name":"wp","href":"https:\/\/api.w.org\/{rel}","templated":true}]}}