{"id":12207,"date":"2022-11-18T15:22:00","date_gmt":"2022-11-18T15:22:00","guid":{"rendered":"https:\/\/www.promendoza.com\/es\/?p=12207"},"modified":"2022-11-23T15:32:33","modified_gmt":"2022-11-23T15:32:33","slug":"promendoza-vinculo-a-camaras-de-eslovenia-con-la-fem-y-la-ucim","status":"publish","type":"post","link":"https:\/\/www.promendoza.com\/en\/promendoza-vinculo-a-camaras-de-eslovenia-con-la-fem-y-la-ucim\/","title":{"rendered":"ProMendoza vincul\u00f3 a c\u00e1maras de Eslovenia con la FEM y la UCIM"},"content":{"rendered":"<style type=\"text\/css\"><\/style>\n<figure class=\"wp-block-image\"><img alt=\"\"\/><\/figure>\n\n\n\n<p><br>Fue en el marco del Primer Encuentro Internacional de Eslovenos en Mendoza.<br>Se realiza en nuestra provincia el Primer Encuentro Internacional de Eslovenos en Mendoza, que tiene como fin facilitar las posibilidades de negocios entre empresas locales y el pa\u00eds europeo para favorecer el desarrollo econ\u00f3mico de esa comunidad en Mendoza.<\/p>\n\n\n\n<p>En el encuentro participan Robert Rakar, de la C\u00e1mara de comercio Primorska Gospodarska Zbornica de Eslovenia; Mat\u00edas Jako\u0161, de SLOAR, la C\u00e1mara de Comercio Eslovena Argentina; Graciela Rovera y Ver\u00f3nica Zabek, por la Federaci\u00f3n Econ\u00f3mica de Mendoza (FEM); Walter Carvalho, Alejandro Fern\u00e1ndez y Juan Ignacio Rez Masud, por la Uni\u00f3n Comercial e Industrial de Mendoza (UCIM), junto a Noelia de la Rosa y Carolina Suarez Garc\u00e9s, por ProMendoza.<\/p>\n\n\n\n<p>La reuni\u00f3n reserva un momento especial para las Jornadas de Negocios que se desarrollar\u00e1n en el Centro de Congresos y Exposiciones y fueron organizadas por la C\u00e1mara Eslovena.<\/p>\n\n\n\n<p>Una comunidad que cumple 70 a\u00f1os en Mendoza<\/p>\n\n\n\n<p>La Sociedad Eslovena de Mendoza fue fundada en 1949 para conservar valores culturales de la comunidad. Despu\u00e9s de la segunda guerra mundial hubo una revoluci\u00f3n comunista en Eslovenia que llev\u00f3 a muchos al \u00e9xodo. Primero hacia Italia y Austria y luego a Argentina.<\/p>\n\n\n\n<p>Los primeros llegaron a Mendoza en 1948 y ya en ese entonces formaron el primer coro. En 1953 decidieron construir su sede propia con aportes de la comunidad eslovena. En 1957, cuatro socios de la sociedad adquirieron una casona en Urquiza 335 de Ciudad y la ofrecieron a la sociedad en usufructo. Con el terremoto de 1978 hubo que remplazar el antiguo edificio de adobe por una nueva construcci\u00f3n que comenz\u00f3 en 1979 y se realiz\u00f3 en tres etapas, que fueron concluidas en 1993.<\/p>\n\n\n\n<p>En 1991, a pocos meses de la Independencia de la Rep\u00fablica de Eslovenia, se construy\u00f3 junto a la Municipalidad de la Ciudad de Mendoza la Plazoleta Rep\u00fablica de Eslovenia, en Ar\u00edstides Villanueva y Paso de los Andes de Ciudad.<\/p>\n\n\n\n<p>Entre las actividades de la comunidad eslovena, se destaca la actividad coral, con m\u00faltiples proyectos a lo largo del tiempo, desde que comenzaron, en 1948. Tambi\u00e9n, la ense\u00f1anza del idioma y la cultura eslovena. Las clases comenzaron en 1948 y se extienden hasta hoy. La comunidad se organiza tambi\u00e9n en conjuntos de baile folcl\u00f3rico, grupos de teatro y una subcomisi\u00f3n de arte.<\/p>\n\n\n\n<p>En 1974, los j\u00f3venes construyeron un refugio en Los Penitentes para disfrutar de las monta\u00f1as. Hasta el d\u00eda de hoy, la sociedad cuenta con una Subcomisi\u00f3n de Andinismo.<\/p>\n\n\n\n<p>Cabe destacar la creaci\u00f3n del Colegio Esloveno Anton Mart\u00edn Slomsek, que funciona en la Parroquia de F\u00e1tima, en Joaqu\u00edn V. Gonz\u00e1lez 163 de Godoy Cruz. La instituci\u00f3n p\u00fablica de gesti\u00f3n privada comenz\u00f3 a funcionar en 2009 con salitas de 4 y 5 a\u00f1os y ya tiene primaria completa. Es el \u00fanico colegio esloveno de su tipo en Am\u00e9rica Latina.<\/p>\n\n\n\n<p>Actualmente, la comunidad est\u00e1 conformada por unos 800 ciudadanos eslovenos y sus descendientes.<\/p>\n","protected":false},"excerpt":{"rendered":"<p>Fue en el marco del Primer Encuentro Internacional de Eslovenos en Mendoza.Se realiza en nuestra provincia el Primer Encuentro Internacional de Eslovenos en Mendoza, que tiene como fin facilitar las&#8230;<\/p>\n","protected":false},"author":1,"featured_media":12208,"comment_status":"closed","ping_status":"open","sticky":false,"template":"","format":"image","meta":[],"categories":[54],"tags":[],"_links":{"self":[{"href":"https:\/\/www.promendoza.com\/en\/wp-json\/wp\/v2\/posts\/12207"}],"collection":[{"href":"https:\/\/www.promendoza.com\/en\/wp-json\/wp\/v2\/posts"}],"about":[{"href":"https:\/\/www.promendoza.com\/en\/wp-json\/wp\/v2\/types\/post"}],"author":[{"embeddable":true,"href":"https:\/\/www.promendoza.com\/en\/wp-json\/wp\/v2\/users\/1"}],"replies":[{"embeddable":true,"href":"https:\/\/www.promendoza.com\/en\/wp-json\/wp\/v2\/comments?post=12207"}],"version-history":[{"count":2,"href":"https:\/\/www.promendoza.com\/en\/wp-json\/wp\/v2\/posts\/12207\/revisions"}],"predecessor-version":[{"id":12210,"href":"https:\/\/www.promendoza.com\/en\/wp-json\/wp\/v2\/posts\/12207\/revisions\/12210"}],"wp:featuredmedia":[{"embeddable":true,"href":"https:\/\/www.promendoza.com\/en\/wp-json\/wp\/v2\/media\/12208"}],"wp:attachment":[{"href":"https:\/\/www.promendoza.com\/en\/wp-json\/wp\/v2\/media?parent=12207"}],"wp:term":[{"taxonomy":"category","embeddable":true,"href":"https:\/\/www.promendoza.com\/en\/wp-json\/wp\/v2\/categories?post=12207"},{"taxonomy":"post_tag","embeddable":true,"href":"https:\/\/www.promendoza.com\/en\/wp-json\/wp\/v2\/tags?post=12207"}],"curies":[{"name":"wp","href":"https:\/\/api.w.org\/{rel}","templated":true}]}}