{"id":12935,"date":"2023-03-23T13:36:26","date_gmt":"2023-03-23T13:36:26","guid":{"rendered":"https:\/\/www.promendoza.com\/es\/?p=12935"},"modified":"2023-04-06T16:28:05","modified_gmt":"2023-04-06T16:28:05","slug":"nuevas-tendencias-del-vino-y-expectativas-de-negocios-para-las-bodegas-de-mendoza-que-participaron-de-prowein","status":"publish","type":"post","link":"https:\/\/www.promendoza.com\/en\/nuevas-tendencias-del-vino-y-expectativas-de-negocios-para-las-bodegas-de-mendoza-que-participaron-de-prowein\/","title":{"rendered":"Nuevas tendencias del vino y expectativas de negocios para las bodegas de Mendoza que participaron de ProWein"},"content":{"rendered":"<style type=\"text\/css\"><\/style>\n<figure class=\"wp-block-image\"><img alt=\"\"\/><\/figure>\n\n\n\n<p>ProMendoza y el Consejo Federal de Inversiones (CFI) acompa\u00f1aron a 21 bodegas de Mendoza que participaron de ProWein D\u00fcsseldorf 2023, una de las ferias l\u00edderes en vinos y licores y el mayor encuentro de la industria para profesionales de la vitivinicultura, la producci\u00f3n, el comercio y la gastronom\u00eda.<br>La feria que se desarroll\u00f3 en Alemania y que cada a\u00f1o se consolida como uno de los principales puntos de encuentro de la industria, ofreci\u00f3 tres d\u00edas de negocios concentrados y un programa complementario que incluy\u00f3 clases magistrales, \u00e1reas de degustaci\u00f3n, isla de vinos org\u00e1nicos, pabell\u00f3n de champagne y los m\u00e1s novedoso, la Zona World of Zero, con oferta de vinos sin alcohol.<br>El embajador argentino en Alemania, Fernando Brun visit\u00f3 a las bodegas mendocinas y asegur\u00f3 sentirse privilegiado \u201cno s\u00f3lo por representar, sino tambi\u00e9n acompa\u00f1ar a los sectores productivos argentinos, sobre todo a aquellos que por la impronta federal tienen un impacto en las exportaciones de las econom\u00edas regionales\u201d y agreg\u00f3 que \u201cla participaci\u00f3n en esta feria nos da un panorama de las tendencias en Europa sobre vinos\u201d para seguir creciendo como industria.<br>Por nuestra provincia participaron bodegas habitu\u00e9s de estos eventos y tambi\u00e9n varias bodegas pymes que buscan progresar en los mercados internacionales. Un testimonio de ello lo brind\u00f3 Fernando Vera de Coen Wines coment\u00f3 que es la primera vez que participa en ProWein, \u201ces una experiencia fabulosa, tenemos un proyecto joven que arranc\u00f3 hace 4 a\u00f1os y este a\u00f1o hemos logrado la certificaci\u00f3n de vinos org\u00e1nicos para Europa, por eso quer\u00edamos participar en esta feria. Se nos han generado varias oportunidades de negocios y nos hemos presentando con interesantes importadores de vinos\u201d por lo que el retorno conlleva grandes expectativas de ventas.<br>Los datos de feria<br>En su edici\u00f3n 2023 ProWein cont\u00f3 con la presencia de 6.000 expositores de 60 pa\u00edses, entre los cuales se encuentran 135 bodegas argentinas. Como novedades y temas de tendencia en la feria se destacaron:<br>\u2022 Mundo Org\u00e1nico con 120 proveedores de vino org\u00e1nico, m\u00e1s de 300 productores, importadores y exportadores.<br>\u2022 Sal\u00f3n de champagne con alrededor de 1.000 expositores de todas las regiones de cultivo de Francia.<br>\u2022 Espirituosas: con m\u00e1s de 500 proveedores de todo el mundo que presentan bebidas alcoh\u00f3licas que no entran en la categor\u00eda de vinos<br>\u2022 Zona World of Zero &#038; Tasting con informaci\u00f3n y degustaci\u00f3n de vinos desalcoholizados.<br>\u2022 Dise\u00f1o de envases: El mundo del vino se encuentra en el umbral de una revoluci\u00f3n del packaging: botellas de vidrio m\u00e1s ligeras, bag-in-boxes de 3 o 5 litros, bolsas de vino de 1,5 litros (una bolsa sin caja), latas de aluminio reciclables, botellas de PET, entre otros.<\/p>\n\n\n\n<p>Bodegas CFI \u2013 ProMendoza<br>Las 21 bodegas que viajaron con ProMendoza: Familia Lucero Corzo Wines, Finca Buenaventura, Coen Wines, Lui Wines, Cicchitti, Desquiciado Wines, Gualtallary Wines, Bodega y Vi\u00f1edos Cl\u00e9ment, BIRA Wines, La \u00cdride, Paso a Paso, Don Rosendo Wines, Corbeau Wines, Alpamanta Estate, Carelli, Carinae &#8211; Kal\u00f3s Wines, Quara, Monte Quieto, La Coste de los Andes, Funckenhausen y Andes Growers.<\/p>\n","protected":false},"excerpt":{"rendered":"<p>ProMendoza y el Consejo Federal de Inversiones (CFI) acompa\u00f1aron a 21 bodegas de Mendoza que participaron de ProWein D\u00fcsseldorf 2023, una de las ferias l\u00edderes en vinos y licores y&#8230;<\/p>\n","protected":false},"author":1,"featured_media":12936,"comment_status":"closed","ping_status":"open","sticky":false,"template":"","format":"image","meta":[],"categories":[98],"tags":[],"_links":{"self":[{"href":"https:\/\/www.promendoza.com\/en\/wp-json\/wp\/v2\/posts\/12935"}],"collection":[{"href":"https:\/\/www.promendoza.com\/en\/wp-json\/wp\/v2\/posts"}],"about":[{"href":"https:\/\/www.promendoza.com\/en\/wp-json\/wp\/v2\/types\/post"}],"author":[{"embeddable":true,"href":"https:\/\/www.promendoza.com\/en\/wp-json\/wp\/v2\/users\/1"}],"replies":[{"embeddable":true,"href":"https:\/\/www.promendoza.com\/en\/wp-json\/wp\/v2\/comments?post=12935"}],"version-history":[{"count":2,"href":"https:\/\/www.promendoza.com\/en\/wp-json\/wp\/v2\/posts\/12935\/revisions"}],"predecessor-version":[{"id":12938,"href":"https:\/\/www.promendoza.com\/en\/wp-json\/wp\/v2\/posts\/12935\/revisions\/12938"}],"wp:featuredmedia":[{"embeddable":true,"href":"https:\/\/www.promendoza.com\/en\/wp-json\/wp\/v2\/media\/12936"}],"wp:attachment":[{"href":"https:\/\/www.promendoza.com\/en\/wp-json\/wp\/v2\/media?parent=12935"}],"wp:term":[{"taxonomy":"category","embeddable":true,"href":"https:\/\/www.promendoza.com\/en\/wp-json\/wp\/v2\/categories?post=12935"},{"taxonomy":"post_tag","embeddable":true,"href":"https:\/\/www.promendoza.com\/en\/wp-json\/wp\/v2\/tags?post=12935"}],"curies":[{"name":"wp","href":"https:\/\/api.w.org\/{rel}","templated":true}]}}