{"id":12951,"date":"2023-04-13T15:39:27","date_gmt":"2023-04-13T15:39:27","guid":{"rendered":"https:\/\/www.promendoza.com\/es\/?p=12951"},"modified":"2023-04-13T15:54:36","modified_gmt":"2023-04-13T15:54:36","slug":"asumieron-nuevas-autoridades-en-promendoza","status":"publish","type":"post","link":"https:\/\/www.promendoza.com\/en\/asumieron-nuevas-autoridades-en-promendoza\/","title":{"rendered":"Asumieron nuevas autoridades en ProMendoza"},"content":{"rendered":"<style type=\"text\/css\"><\/style>\n<figure class=\"wp-block-image\"><img alt=\"\"\/><\/figure>\n\n\n\n<p><br>Como cada a\u00f1o, la Fundaci\u00f3n ProMendoza renov\u00f3 sus autoridades. Este a\u00f1o, la presidencia ser\u00e1 ejercida por el presidente de la Uni\u00f3n Comercial e Industrial de Mendoza (UCIM), Daniel Ariosto.<br>Durante su asunci\u00f3n, Daniel Ariosto destac\u00f3 que se identifica con la vocaci\u00f3n de ProMendoza, que busca el beneficio del comercio exterior mendocino, y agradeci\u00f3 a Mario L\u00e1zzaro por su compromiso para que la instituci\u00f3n funcione como lo hace.<\/p>\n\n\n\n<p>Ariosto es miembro del Directorio de la C\u00e1mara Argentina de Comercio y Servicios de Argentina, en donde anteriormente ejerci\u00f3 el rol de secretario, y hoy es miembro de la Comisi\u00f3n de Econom\u00edas Regionales.<\/p>\n\n\n\n<p>Posee extensa trayectoria, ya que fue titular de la Comisi\u00f3n de Turismo de esa c\u00e1mara nacional y de la Federaci\u00f3n de C\u00e1maras de Turismo de Argentina y vicepresidente de la C\u00e1mara Argentina de Turismo.<\/p>\n\n\n\n<p>Se desempe\u00f1\u00f3 como miembro de la Comisi\u00f3n de Turismo Interno \u201cArgentina para Argentinos\u201d, programa muy importante para el desarrollo del turismo nacional, y fue presidente de la C\u00e1mara de Turismo de Mendoza<\/p>\n\n\n\n<p>Ha sido presidente de ProMendoza en dos oportunidades: 2015 y 2019.<\/p>\n\n\n\n<p>Desde la UCIM, trabaja para un mejor desempe\u00f1o y desarrollo de los empresarios, brindando servicios y capacitaciones tanto para sus socios como para los integrantes de c\u00e1maras territoriales y sectoriales de la provincia. La organizaci\u00f3n en un espacio neur\u00e1lgico para el debate de temas relevantes y de actualidad para la empresa. Adem\u00e1s, se realiza actividades de apoyo y proyecci\u00f3n del comercio exterior de Mendoza.<\/p>\n\n\n\n<p><strong>Nueva n\u00f3mina de autoridades<\/strong><\/p>\n\n\n\n<p>\u00b7 Presidente: Daniel Ariosto, UCIM.<\/p>\n\n\n\n<p>\u00b7 Vicepresidente 1\u00ba: Enrique Vaqui\u00e9, Gobierno de Mendoza.<\/p>\n\n\n\n<p>\u00b7 Vicepresidente 2\u00ba: Jorge P\u00e9rez Cuesta, Bolsa de Comercio de Mendoza.<\/p>\n\n\n\n<p>\u00b7 Vicepresidente 3\u00ba: Alfredo Cecchi, FEM.<\/p>\n\n\n\n<p>\u00b7 Secretario general: Gustavo Vilches, Bolsa de Comercio de Mendoza.<\/p>\n\n\n\n<p>\u00b7 Tesorero: Marcelo Japaz, Gobierno de Mendoza.<\/p>\n\n\n\n<p>\u00b7 Protesorero: Graciela Rovera, FEM.<\/p>\n\n\n\n<p>\u00b7 Vocal: Juan Viciana, UCIM.<\/p>\n\n\n\n<p>\u00b7 Gerente general: Mario L\u00e1zzaro<\/p>\n\n\n\n<p>Suplentes: Facundo Biffi y Mario L\u00e1zzaro, por el Gobierno de Mendoza; Gonzalo P\u00e9rez Cuesta y Rodrigo Reina, por la Bolsa de Comercio de Mendoza; Rodolfo Giro y Mario Do\u00f1a por la FEM, y Juan Jos\u00e9 Cerva Fris y Jorge Eugenio Colomer, por la UCIM.<\/p>\n","protected":false},"excerpt":{"rendered":"<p>Como cada a\u00f1o, la Fundaci\u00f3n ProMendoza renov\u00f3 sus autoridades. Este a\u00f1o, la presidencia ser\u00e1 ejercida por el presidente de la Uni\u00f3n Comercial e Industrial de Mendoza (UCIM), Daniel Ariosto.Durante su&#8230;<\/p>\n","protected":false},"author":1,"featured_media":12952,"comment_status":"closed","ping_status":"open","sticky":false,"template":"","format":"image","meta":[],"categories":[54],"tags":[],"_links":{"self":[{"href":"https:\/\/www.promendoza.com\/en\/wp-json\/wp\/v2\/posts\/12951"}],"collection":[{"href":"https:\/\/www.promendoza.com\/en\/wp-json\/wp\/v2\/posts"}],"about":[{"href":"https:\/\/www.promendoza.com\/en\/wp-json\/wp\/v2\/types\/post"}],"author":[{"embeddable":true,"href":"https:\/\/www.promendoza.com\/en\/wp-json\/wp\/v2\/users\/1"}],"replies":[{"embeddable":true,"href":"https:\/\/www.promendoza.com\/en\/wp-json\/wp\/v2\/comments?post=12951"}],"version-history":[{"count":2,"href":"https:\/\/www.promendoza.com\/en\/wp-json\/wp\/v2\/posts\/12951\/revisions"}],"predecessor-version":[{"id":12955,"href":"https:\/\/www.promendoza.com\/en\/wp-json\/wp\/v2\/posts\/12951\/revisions\/12955"}],"wp:featuredmedia":[{"embeddable":true,"href":"https:\/\/www.promendoza.com\/en\/wp-json\/wp\/v2\/media\/12952"}],"wp:attachment":[{"href":"https:\/\/www.promendoza.com\/en\/wp-json\/wp\/v2\/media?parent=12951"}],"wp:term":[{"taxonomy":"category","embeddable":true,"href":"https:\/\/www.promendoza.com\/en\/wp-json\/wp\/v2\/categories?post=12951"},{"taxonomy":"post_tag","embeddable":true,"href":"https:\/\/www.promendoza.com\/en\/wp-json\/wp\/v2\/tags?post=12951"}],"curies":[{"name":"wp","href":"https:\/\/api.w.org\/{rel}","templated":true}]}}