{"id":12970,"date":"2023-05-02T15:47:50","date_gmt":"2023-05-02T15:47:50","guid":{"rendered":"https:\/\/www.promendoza.com\/es\/?p=12970"},"modified":"2023-05-02T15:49:19","modified_gmt":"2023-05-02T15:49:19","slug":"mendoza-avanza-con-un-hub-logistico-en-salvador-de-bahia-con-ventajas-impositivas-para-los-productos-locales","status":"publish","type":"post","link":"https:\/\/www.promendoza.com\/en\/mendoza-avanza-con-un-hub-logistico-en-salvador-de-bahia-con-ventajas-impositivas-para-los-productos-locales\/","title":{"rendered":"Mendoza avanza con un hub log\u00edstico en Salvador de Bah\u00eda con ventajas impositivas para los productos locales"},"content":{"rendered":"<style type=\"text\/css\"><\/style>\n<figure class=\"wp-block-image\"><img alt=\"\"\/><\/figure>\n\n\n\n<p>El ministro de Econom\u00eda y Energ\u00eda, Enrique Vaqui\u00e9, y el gerente de ProMendoza, Mario L\u00e1zzaro; mantuvieron un encuentro con el secretario de Desarrollo Econ\u00f3mico del Estado de Bah\u00eda, Angelo Almeyda. El objetivo es avanzar con un acuerdo que facilite las exportaciones mendocinas en el Norte de Brasil.<br>Mendoza sigue abriendo puertas en el exterior para que pymes, productores e industrias locales puedan exportar a los principales mercados del mundo. La provincia ya cuenta con hubs y distribuidores en China, Estados Unidos y Sur de Brasil, y ahora avanza para un nuevo centro en Salvador de Bah\u00eda.<\/p>\n\n\n\n<p>El ministro de Econom\u00eda y Energ\u00eda, Enrique Vaqui\u00e9, y el gerente de ProMendoza, Mario L\u00e1zzaro; mantuvieron un encuentro virutal con el secretario de Desarrollo Econ\u00f3mico del Estado de Bah\u00eda, Angelo Almeyda, con el objetivo de avanzar en este polo log\u00edstico.<\/p>\n\n\n\n<p>Durante la reuni\u00f3n, desde ProMendoza se adelant\u00f3 que la idea es lograr un convenio de cooperaci\u00f3n con la provincia, similar al que firm\u00f3 en su momento Mendoza con el Estado de R\u00edo Grande do Sul, donde existe otro hub.<\/p>\n\n\n\n<p>Entre las solicitudes de la provincia, est\u00e1n las de otorgar ventajas impositivas a los productos locales. \u201cUno de los impuestos de Salvador de bah\u00eda es el ICMS, que puede llegar al 25%. Nuestra solicitud es que las empresas, con ProMendoza y aprovechando las ventajas de ese hub, lleguen al 4%, explic\u00f3 L\u00e1zzaro<\/p>\n\n\n\n<p>Adem\u00e1s, se gestionar\u00e1 el diferimiento de impuestos Estaduales hasta 360 d\u00edas de la Declaraci\u00f3n de Importaci\u00f3n o el pago luego de la venta. \u201cEs para los impuestos Federales, que en cascada suman otro 40% aproximadamente\u201d, explic\u00f3 el gerente de ProMendoza.<\/p>\n\n\n\n<p>De concretarse las negociaciones, los productos que se exporten v\u00eda ProMendoza pagar\u00e1n un 18% menos al ingresar por el diferimiento de los impuestos estaduales; y si prospera el pedido ante la Receita Federal (nacional) pagar\u00e1n 0% al ingresar.<\/p>\n\n\n\n<p>\u201cPara nosotros es un tema fundamental. Fortalecer a pymes, cooperativas y productores de Mendoza en un mercado que es el mayor de Latinoam\u00e9rica\u201d, asegur\u00f3 el ministro Vaqui\u00e9.<\/p>\n\n\n\n<p>Por su parte, Angelo Almeyda manifest\u00f3 que el acuerdo es viable y que pondr\u00e1 en consideraci\u00f3n de las autoridades federales las solicitudes de Mendoza, que hoy exporta al vecino pa\u00eds aceite de oliva, ajos, frutas secas o procesadas, materias pl\u00e1sticas y sus manufacturas, vinos, as\u00ed como preparados de legumbres, hortalizas y frutas; entre otros.<\/p>\n\n\n\n<p>Almeyda adem\u00e1s invit\u00f3 a que el gobernador Rodolfo Su\u00e1rez, junto con el ministro Vaqui\u00e9 y el gerente de ProMendoza, se sumen a una misi\u00f3n a Salvador de Bah\u00eda para firmar los detalles del acuerdo.<\/p>\n\n\n\n<p>Mendoza ha puesto foco en el desarrollo de hubs log\u00edsticos a trav\u00e9s de ProMendoza. La provincia ya cuenta con Hubs en Santa Catarina (Brasil), Chile, EEUU y China.<\/p>\n\n\n\n<p>Los hubs, entre otras cosas, otorgan disponibilidad inmediata de mercader\u00eda, lo que permite vender de forma fraccionada, ampliando adem\u00e1s el universo de potenciales compradores en el exterior.<\/p>\n\n\n\n<p>A trav\u00e9s de los hubs log\u00edsticos o plataformas log\u00edstico-comerciales y de la mano de ProMendoza, productores, pymes y empresas se acercan a centros de consumo del mundo y abren sus proyecciones comerciales de forma exponencial.<\/p>\n","protected":false},"excerpt":{"rendered":"<p>El ministro de Econom\u00eda y Energ\u00eda, Enrique Vaqui\u00e9, y el gerente de ProMendoza, Mario L\u00e1zzaro; mantuvieron un encuentro con el secretario de Desarrollo Econ\u00f3mico del Estado de Bah\u00eda, Angelo Almeyda&#8230;.<\/p>\n","protected":false},"author":1,"featured_media":12971,"comment_status":"closed","ping_status":"open","sticky":false,"template":"","format":"image","meta":[],"categories":[114],"tags":[],"_links":{"self":[{"href":"https:\/\/www.promendoza.com\/en\/wp-json\/wp\/v2\/posts\/12970"}],"collection":[{"href":"https:\/\/www.promendoza.com\/en\/wp-json\/wp\/v2\/posts"}],"about":[{"href":"https:\/\/www.promendoza.com\/en\/wp-json\/wp\/v2\/types\/post"}],"author":[{"embeddable":true,"href":"https:\/\/www.promendoza.com\/en\/wp-json\/wp\/v2\/users\/1"}],"replies":[{"embeddable":true,"href":"https:\/\/www.promendoza.com\/en\/wp-json\/wp\/v2\/comments?post=12970"}],"version-history":[{"count":2,"href":"https:\/\/www.promendoza.com\/en\/wp-json\/wp\/v2\/posts\/12970\/revisions"}],"predecessor-version":[{"id":12973,"href":"https:\/\/www.promendoza.com\/en\/wp-json\/wp\/v2\/posts\/12970\/revisions\/12973"}],"wp:featuredmedia":[{"embeddable":true,"href":"https:\/\/www.promendoza.com\/en\/wp-json\/wp\/v2\/media\/12971"}],"wp:attachment":[{"href":"https:\/\/www.promendoza.com\/en\/wp-json\/wp\/v2\/media?parent=12970"}],"wp:term":[{"taxonomy":"category","embeddable":true,"href":"https:\/\/www.promendoza.com\/en\/wp-json\/wp\/v2\/categories?post=12970"},{"taxonomy":"post_tag","embeddable":true,"href":"https:\/\/www.promendoza.com\/en\/wp-json\/wp\/v2\/tags?post=12970"}],"curies":[{"name":"wp","href":"https:\/\/api.w.org\/{rel}","templated":true}]}}