{"id":13063,"date":"2023-07-13T13:49:15","date_gmt":"2023-07-13T13:49:15","guid":{"rendered":"https:\/\/www.promendoza.com\/es\/?p=13063"},"modified":"2023-07-13T13:54:36","modified_gmt":"2023-07-13T13:54:36","slug":"promendoza-afina-detalles-para-la-ronda-inversa-con-brasil-en-el-este-provincial","status":"publish","type":"post","link":"https:\/\/www.promendoza.com\/en\/promendoza-afina-detalles-para-la-ronda-inversa-con-brasil-en-el-este-provincial\/","title":{"rendered":"ProMendoza afina detalles para la ronda inversa con Brasil en el Este provincial"},"content":{"rendered":"<style type=\"text\/css\"><\/style>\n<figure class=\"wp-block-image\"><img alt=\"\"\/><\/figure>\n\n\n\n<p><br>Coordinada por ProMendoza se realiz\u00f3 en el Templo del Vino de San Mart\u00edn, una reuni\u00f3n organizativa para repasar los \u00faltimos detalles antes de la Ronda Inversa de Vinos y Alimentos con Brasil, que se realizar\u00e1 en el Este el 24 de julio.<br>Estuvieron presentes Mario Abed, vicegobernador de la provincia -quien presidir\u00e1 la apertura de la Ronda-; el intendente de Jun\u00edn, H\u00e9ctor Ruiz; el intendente de San Mart\u00edn, Ra\u00fal Rufeil; y los directores de promoci\u00f3n econ\u00f3mica de Santa Rosa, Jun\u00edn y San Mart\u00edn.<\/p>\n\n\n\n<p>La Ronda Inversa que arranca el 24 de julio en San Mart\u00edn, se desarrollar\u00e1 el resto de la semana en los cuatro oasis provinciales. El martes 25 de julio los importadores se reunir\u00e1n con empresas del Gran Mendoza en el Hotel C\u00f3ndor de los Andes, Guaymall\u00e9n. El mi\u00e9rcoles 26 y jueves 27 de julio el evento se realizar\u00e1 en el Hotel de Turismo en Tupungato. La gira de compradores brasileros terminar\u00e1 el viernes 28 de julio en el Centro de Congresos y Exposiciones, San Rafael.<\/p>\n\n\n\n<p>Se prev\u00e9 que al menos 120 empresas de las cuatro regiones de Mendoza participen de \u2013al menos- 700 reuniones de negocios, para vender productos al exterior sin salir de la provincia.<\/p>\n\n\n\n<p><strong>Compradores brasileros<\/strong><\/p>\n\n\n\n<p>Representantes de Enxuto Supermercados LTDA, Grupo Jefersson, Hita Com\u00e9rcio e Servi\u00e7os LTDA, Mendos Comercio Varejista e Atacadista de Alimentos e Bebidas, Satori Importa\u00e7\u00e3o &#038; Exporta\u00e7\u00e3o LTDA y Unibrasil \u2013 Uni\u00e3o de Redes Brasil buscan ampliar su portfolio de productos para ofrecer en sus bocas de expendio distribuidas en todo el pa\u00eds carioca.<\/p>\n","protected":false},"excerpt":{"rendered":"<p>Coordinada por ProMendoza se realiz\u00f3 en el Templo del Vino de San Mart\u00edn, una reuni\u00f3n organizativa para repasar los \u00faltimos detalles antes de la Ronda Inversa de Vinos y Alimentos&#8230;<\/p>\n","protected":false},"author":1,"featured_media":13064,"comment_status":"closed","ping_status":"open","sticky":false,"template":"","format":"image","meta":[],"categories":[99],"tags":[],"_links":{"self":[{"href":"https:\/\/www.promendoza.com\/en\/wp-json\/wp\/v2\/posts\/13063"}],"collection":[{"href":"https:\/\/www.promendoza.com\/en\/wp-json\/wp\/v2\/posts"}],"about":[{"href":"https:\/\/www.promendoza.com\/en\/wp-json\/wp\/v2\/types\/post"}],"author":[{"embeddable":true,"href":"https:\/\/www.promendoza.com\/en\/wp-json\/wp\/v2\/users\/1"}],"replies":[{"embeddable":true,"href":"https:\/\/www.promendoza.com\/en\/wp-json\/wp\/v2\/comments?post=13063"}],"version-history":[{"count":2,"href":"https:\/\/www.promendoza.com\/en\/wp-json\/wp\/v2\/posts\/13063\/revisions"}],"predecessor-version":[{"id":13066,"href":"https:\/\/www.promendoza.com\/en\/wp-json\/wp\/v2\/posts\/13063\/revisions\/13066"}],"wp:featuredmedia":[{"embeddable":true,"href":"https:\/\/www.promendoza.com\/en\/wp-json\/wp\/v2\/media\/13064"}],"wp:attachment":[{"href":"https:\/\/www.promendoza.com\/en\/wp-json\/wp\/v2\/media?parent=13063"}],"wp:term":[{"taxonomy":"category","embeddable":true,"href":"https:\/\/www.promendoza.com\/en\/wp-json\/wp\/v2\/categories?post=13063"},{"taxonomy":"post_tag","embeddable":true,"href":"https:\/\/www.promendoza.com\/en\/wp-json\/wp\/v2\/tags?post=13063"}],"curies":[{"name":"wp","href":"https:\/\/api.w.org\/{rel}","templated":true}]}}