{"id":13075,"date":"2023-07-28T16:53:00","date_gmt":"2023-07-28T16:53:00","guid":{"rendered":"https:\/\/www.promendoza.com\/es\/?p=13075"},"modified":"2023-07-31T17:12:22","modified_gmt":"2023-07-31T17:12:22","slug":"se-abren-mercados-en-brasil-para-mas-de-20-empresas-de-valle-de-uco-y-pronostican-mas-empleo-localse-abren-mercados-en-brasil-para-mas-de-20-empresas-de-valle-de-uco-y-pronostican-mas-empleo-local","status":"publish","type":"post","link":"https:\/\/www.promendoza.com\/en\/se-abren-mercados-en-brasil-para-mas-de-20-empresas-de-valle-de-uco-y-pronostican-mas-empleo-localse-abren-mercados-en-brasil-para-mas-de-20-empresas-de-valle-de-uco-y-pronostican-mas-empleo-local\/","title":{"rendered":"Se abren mercados en Brasil para m\u00e1s de 20 empresas de Valle de Uco y pronostican m\u00e1s empleo local"},"content":{"rendered":"<style type=\"text\/css\"><\/style>\n<figure class=\"wp-block-image\"><img alt=\"\"\/><\/figure>\n\n\n\n<p><br>Durante dos d\u00edas, representantes de seis cadenas de supermercados de Brasil mantuvieron reuniones comerciales con empresas locales. Los importadores se mostraron muy interesados en la compra de productos del Valle de Uco.<br>El Gobierno provincial, a trav\u00e9s del Ministerio de Econom\u00eda y Energ\u00eda y de ProMendoza, puso en marcha la ronda de negocios de vinos y alimentos. Se trata de encuentros comerciales, organizados en un solo lugar, en donde participan las empresas locales y los importadores de Brasil.<\/p>\n\n\n\n<p>La iniciativa se realiz\u00f3 en toda la provincia de Mendoza, y en el Valle de Uco transcurri\u00f3 durante dos d\u00edas e incluy\u00f3 la participaci\u00f3n de 23 empresas de Valle de Uco originarias de la regi\u00f3n. Participaron tanto pymes como emprendedores. Con esta acci\u00f3n, las empresas locales tuvieron la oportunidad de promocionar y vender sus productos al exterior sin la necesidad de salir de la provincia, y mantuvieron reuniones comerciales con varios importadores.<\/p>\n\n\n\n<p>Desde Brasil, participaron representantes de Enxuto Supermercados Ltda., Companhia Sulamericana de Distribui\u00e7\u00e3o, Mendos Comercio Varejista e Atacadista de Alimentos e Bebidas, Satori Importa\u00e7\u00e3o &#038; Exporta\u00e7\u00e3o Ltda. y Unibrasil-Uni\u00e3o de Redes Brasil. Todos buscan ampliar su portfolio de productos para ofrecer en sus bocas de expendio distribuidas en todo Brasil.<\/p>\n\n\n\n<p>\u201cCon estos cinco importadores, cubrimos toda la regi\u00f3n Este de Brasil. Ellos quieren aumentar su cartera de productos mendocinos en los distintos supermercados, en los almacenes donde tienen tienda de distintos lugares. Tenemos importadores que tienen puntos de venta en Itaja\u00ed, en Santa Catarina, en Parana, en Salvador de Bahia\u201d, explic\u00f3 Javier Rojas, de ProMendoza. \u201cLos importadores est\u00e1n en busca de vino, pero tambi\u00e9n en busca de alimentos, como tomate, ajo, ciruela deshidratada, especias, nueces\u201d, explic\u00f3 Rojas.<\/p>\n\n\n\n<p>De Valle de Uco, las empresas que participaron fueron Finca del Nunca Jam\u00e1s, Bodega La Azul, Mujeres de la Vi\u00f1a, Finca Don Carlos, Finca Iral, Finca Buenaventura \u00c1ureo Wine, Deos, El Psicoanalista Wine, La Coste de los Andes, Flor Silvestre, Familia Furl\u00e1n, Wine y Circo, Susurros, Ava SA, Frutmira, Qnuts, Pablo Rousseau, Lupa Wines, Delator de Sue\u00f1os, Francisco Contino, Enrique Zingaretti, Bodega Hinojosa y Per Cor.<\/p>\n\n\n\n<p>\u201cEsto es muy importante para peque\u00f1os y medianos productores y empresarios a quienes se les hace muy dif\u00edcil llegar a mercados tan importantes como con el que estamos interactuando ahora, que es el brasilero. Tener esos puntos de venta ac\u00e1 es un gran avance\u201d, coment\u00f3 el intendente de Tupungato, Gustavo Soto.<\/p>\n\n\n\n<p>En Tupungato se llevaron adelante ambas jornadas regionales. El intendente tambi\u00e9n destac\u00f3 que \u201chan participado peque\u00f1as pymes que ponen mucho esfuerzo, trabajo, con muchas historias de superaci\u00f3n detr\u00e1s de cada pyme que hoy est\u00e1 sentada ac\u00e1. Esto es lo que debemos seguir potenciando: las pol\u00edticas p\u00fablicas hacia lo privado para que puedan seguir generando trabajo y desarrollo local, algo que sin dudas ocurrir\u00e1 si las empresas que tenemos en nuestra regi\u00f3n pueden crecer\u201d.<\/p>\n\n\n\n<p>Por su parte, la especialista en importaci\u00f3n, perteneciente al grupo Enxuto empresa de supermercados de San Pablo, Patricia Takata, agradeci\u00f3 la oportunidad de estar en las rondas de negocios: \u201cEste a\u00f1o decidimos iniciar la importaci\u00f3n directa de algunos productos de muchos pa\u00edses. Estamos viendo que en Mendoza y en el Valle de Uco tenemos una alta calidad y eso es lo que buscamos\u201d, sostuvo la representante de la cadena de supermercados brasilera.<\/p>\n\n\n\n<p>Una de las empresas del Valle de Uco que particip\u00f3 fue Mujeres Vi\u00f1a y Vino SA. Sus integrantes manifestaron su agradecimiento de poder ser parte de esta oportunidad. \u201cHoy, por primera vez, nos encontramos en una ronda de negocios que nos permitir\u00e1 exportar. Realmente est\u00e1 siendo una experiencia magn\u00edfica, sorprendente, con muchos desaf\u00edos, y a la vez nos permite pensar en la expansi\u00f3n de nuestra empresa\u201d, explic\u00f3 Mar\u00eda Elena Salom\u00f3n, en representaci\u00f3n de las 12 mujeres que forman esta empresa local<\/p>\n","protected":false},"excerpt":{"rendered":"<p>Durante dos d\u00edas, representantes de seis cadenas de supermercados de Brasil mantuvieron reuniones comerciales con empresas locales. Los importadores se mostraron muy interesados en la compra de productos del Valle&#8230;<\/p>\n","protected":false},"author":1,"featured_media":13076,"comment_status":"closed","ping_status":"open","sticky":false,"template":"","format":"image","meta":[],"categories":[100],"tags":[],"_links":{"self":[{"href":"https:\/\/www.promendoza.com\/en\/wp-json\/wp\/v2\/posts\/13075"}],"collection":[{"href":"https:\/\/www.promendoza.com\/en\/wp-json\/wp\/v2\/posts"}],"about":[{"href":"https:\/\/www.promendoza.com\/en\/wp-json\/wp\/v2\/types\/post"}],"author":[{"embeddable":true,"href":"https:\/\/www.promendoza.com\/en\/wp-json\/wp\/v2\/users\/1"}],"replies":[{"embeddable":true,"href":"https:\/\/www.promendoza.com\/en\/wp-json\/wp\/v2\/comments?post=13075"}],"version-history":[{"count":4,"href":"https:\/\/www.promendoza.com\/en\/wp-json\/wp\/v2\/posts\/13075\/revisions"}],"predecessor-version":[{"id":13080,"href":"https:\/\/www.promendoza.com\/en\/wp-json\/wp\/v2\/posts\/13075\/revisions\/13080"}],"wp:featuredmedia":[{"embeddable":true,"href":"https:\/\/www.promendoza.com\/en\/wp-json\/wp\/v2\/media\/13076"}],"wp:attachment":[{"href":"https:\/\/www.promendoza.com\/en\/wp-json\/wp\/v2\/media?parent=13075"}],"wp:term":[{"taxonomy":"category","embeddable":true,"href":"https:\/\/www.promendoza.com\/en\/wp-json\/wp\/v2\/categories?post=13075"},{"taxonomy":"post_tag","embeddable":true,"href":"https:\/\/www.promendoza.com\/en\/wp-json\/wp\/v2\/tags?post=13075"}],"curies":[{"name":"wp","href":"https:\/\/api.w.org\/{rel}","templated":true}]}}