{"id":13085,"date":"2023-07-31T17:30:03","date_gmt":"2023-07-31T17:30:03","guid":{"rendered":"https:\/\/www.promendoza.com\/es\/?p=13085"},"modified":"2023-07-31T17:30:17","modified_gmt":"2023-07-31T17:30:17","slug":"mendoza-fue-sede-de-una-exitosa-ronda-de-negocios-inversa-junto-a-6-importadores-de-brasil","status":"publish","type":"post","link":"https:\/\/www.promendoza.com\/en\/mendoza-fue-sede-de-una-exitosa-ronda-de-negocios-inversa-junto-a-6-importadores-de-brasil\/","title":{"rendered":"Mendoza fue sede de una exitosa Ronda de Negocios Inversa junto a 6 importadores de Brasil"},"content":{"rendered":"<style type=\"text\/css\"><\/style>\n<figure class=\"wp-block-image\"><img alt=\"\"\/><\/figure>\n\n\n\n<p><br>Luego de cientos de reuniones de negocios en el Este, Centro, Valle de Uco y Zona Sur, ProMendoza concluy\u00f3 uno de los encuentros de negocios m\u00e1s importantes que se ha desarrollado en la provincia apuntando al crecimiento de las pymes locales.<br>El Ministerio de Econom\u00eda y Energ\u00eda, a trav\u00e9s de ProMendoza, concluy\u00f3 la Ronda de Negocios Inversa junto a 6 destacados importadores oriundos de Brasil. Se trat\u00f3 de uno de los encuentros de negocios m\u00e1s importantes que haya tenido la provincia para el desarrollo y crecimiento de las pymes locales.<\/p>\n\n\n\n<p>Luego de una intensa semana de negocios, la Ronda Inversa finaliz\u00f3 este viernes en las instalaciones del Centro de Congresos y Exposiciones de San Rafael. Previamente, y con el objetivo de impulsar una iniciativa que permitiera llegar a cada rinc\u00f3n de la provincia, se realizaron encuentros de negocios en Zona Este, Centro y Valle de Uco.<\/p>\n\n\n\n<p>Durante la apertura en el Sur, Javier Rojas, responsable de Vino en la Fundaci\u00f3n ProMendoza, coment\u00f3: \u201cEste tipo de espacios permite brindar mayor ayuda a aquellas pymes que por distintos motivos no logran posicionarse. Con estas rondas pueden potenciarse. En este tiempo tan dif\u00edcil de la econom\u00eda, poder traer a los importadores a Mendoza y ayudar a nuestras pymes a encontrar nuevos clientes, es para nosotros un gran logro\u201d.<\/p>\n\n\n\n<p>En este sentido, Rojas agreg\u00f3: \u201cPara nosotros es una felicidad enorme poder estar en San Rafael y en nombre del Gobierno de la provincia de Mendoza, queremos agradecerles la participaci\u00f3n. Nos acompa\u00f1an importadores que traen much\u00edsimas ganas de hacer negocios as\u00ed que le deseo lo mejor\u201d.<\/p>\n\n\n\n<p>A su turno, Virginia Donati, coordinadora de la Sede de ProMendoza en Zona Sur, coment\u00f3: \u201cCada una de las 20 empresas que van a participar tendr\u00e1n la posibilidad de vender a cuatro estados de Brasil. Es una oportunidad de gran valor para todas las empresas que participan de los 3 departamentos de esa parte de la provincia. Entre los productos que se ofrecieron en el Sur mendocino, hubo alimentos como frutos deshidratados (productos de los m\u00e1s exportados en el Sur), vinos y carnes, entre otros\u201d.<\/p>\n\n\n\n<p>Seg\u00fan detallaron desde la entidad dependiente de la cartera econ\u00f3mica provincial, quienes llegaron a Mendoza en busca de productos son compradores muy fuertes: \u201cCuatro de ellos trabajan con boca de supermercados, cadenas de hoteles y restaurantes as\u00ed que tenemos una gran variedad en los perfiles\u201d.<\/p>\n\n\n\n<p>Desde Brasil, participaron representantes de Enxuto Supermercados Ltda.; Companhia Sulamericana de Distribui\u00e7\u00e3o; Mendos Comercio Varejista e Atacadista de Alimentos e Bebidas; Satori Importa\u00e7\u00e3o &#038; Exporta\u00e7\u00e3o Ltda. y Unibrasil \u2013 Uni\u00e3o, de Redes Brasil. Todos buscan ampliar su porfolio de productos para ofrecer en sus bocas de expendio distribuidas en todo Brasil.<\/p>\n\n\n\n<p><strong>Acci\u00f3n federal<\/strong><\/p>\n\n\n\n<p>La intenci\u00f3n de ProMendoza fue llegar con esta ronda de negocios a cada rinc\u00f3n de la provincia. Se busc\u00f3 darles la oportunidad a todas aquellas pymes locales puedan promocionar y vender sus productos a potenciales compradores.<\/p>\n\n\n\n<p>Es por esta raz\u00f3n que el inicio de las actividades tuvo su acto de apertura, y primera jornada de negocios, en el departamento de San Mart\u00edn con la presencia de su intendente Ra\u00fal Rufeil, autoridades de ProMendoza, del vicegobernador Mario Abed e incluso de funcionarios nacionales como lo fue en el caso del ex gobernador y actual legislador nacional, Alfredo Cornejo.<\/p>\n\n\n\n<p>Las reuniones se trasladaron al Valle de Uco donde, por dos d\u00edas, se cont\u00f3 con la participaci\u00f3n de 23 empresas oriundas de esa zona provincial. \u201cParticiparon tanto pymes como emprendedores. Con esta acci\u00f3n, las empresas locales tuvieron la oportunidad de promocionar y vender sus productos al exterior sin la necesidad de salir de la provincia, y mantuvieron reuniones comerciales con varios importadores\u201d, detallaron.<\/p>\n\n\n\n<p>En este caso, las empresas que participaron fueron: Finca del Nunca Jam\u00e1s; Bodega La Azul; Mujeres de la Vi\u00f1a; Finca Don Carlos; Finca Iral; Finca Buenaventura \u00c1ureo Wine; Deos; El Psicoanalista Wine; La Coste de los Andes; Flor Silvestre; Familia Furl\u00e1n; Wine y Circo; Susurros; Ava SA; Frutmira; Qnuts; Pablo Rousseau; Lupa Wines; Delator de Sue\u00f1os; Francisco Contino; Enrique Zingaretti; Bodega Hinojosa y Per Cor.<\/p>\n\n\n\n<p><strong>El mercado de Brasil<\/strong><\/p>\n\n\n\n<p>Brasil es el pa\u00eds que m\u00e1s le compra a Mendoza de los 136 destinos mundiales a los que Mendoza le vende productos. El top 10 es: Brasil, Estados Unidos, Chile, Reino Unido, China, Canad\u00e1, M\u00e9xico, Uruguay, Pa\u00edses Bajos y Francia.<\/p>\n\n\n\n<p>Es un mercado natural para las empresas mendocinas por la cercan\u00eda (35 horas de cami\u00f3n) lo que facilita y abarata la log\u00edstica para las pymes de nuestra provincia.<\/p>\n","protected":false},"excerpt":{"rendered":"<p>Luego de cientos de reuniones de negocios en el Este, Centro, Valle de Uco y Zona Sur, ProMendoza concluy\u00f3 uno de los encuentros de negocios m\u00e1s importantes que se ha&#8230;<\/p>\n","protected":false},"author":1,"featured_media":13086,"comment_status":"closed","ping_status":"open","sticky":false,"template":"","format":"image","meta":[],"categories":[99],"tags":[],"_links":{"self":[{"href":"https:\/\/www.promendoza.com\/en\/wp-json\/wp\/v2\/posts\/13085"}],"collection":[{"href":"https:\/\/www.promendoza.com\/en\/wp-json\/wp\/v2\/posts"}],"about":[{"href":"https:\/\/www.promendoza.com\/en\/wp-json\/wp\/v2\/types\/post"}],"author":[{"embeddable":true,"href":"https:\/\/www.promendoza.com\/en\/wp-json\/wp\/v2\/users\/1"}],"replies":[{"embeddable":true,"href":"https:\/\/www.promendoza.com\/en\/wp-json\/wp\/v2\/comments?post=13085"}],"version-history":[{"count":2,"href":"https:\/\/www.promendoza.com\/en\/wp-json\/wp\/v2\/posts\/13085\/revisions"}],"predecessor-version":[{"id":13088,"href":"https:\/\/www.promendoza.com\/en\/wp-json\/wp\/v2\/posts\/13085\/revisions\/13088"}],"wp:featuredmedia":[{"embeddable":true,"href":"https:\/\/www.promendoza.com\/en\/wp-json\/wp\/v2\/media\/13086"}],"wp:attachment":[{"href":"https:\/\/www.promendoza.com\/en\/wp-json\/wp\/v2\/media?parent=13085"}],"wp:term":[{"taxonomy":"category","embeddable":true,"href":"https:\/\/www.promendoza.com\/en\/wp-json\/wp\/v2\/categories?post=13085"},{"taxonomy":"post_tag","embeddable":true,"href":"https:\/\/www.promendoza.com\/en\/wp-json\/wp\/v2\/tags?post=13085"}],"curies":[{"name":"wp","href":"https:\/\/api.w.org\/{rel}","templated":true}]}}