{"id":13203,"date":"2023-11-18T13:41:00","date_gmt":"2023-11-18T13:41:00","guid":{"rendered":"https:\/\/www.promendoza.com\/es\/?p=13203"},"modified":"2023-11-20T13:45:47","modified_gmt":"2023-11-20T13:45:47","slug":"promendoza-finalizo-su-programa-para-capacitar-en-comercio-exterior-a-profesionales","status":"publish","type":"post","link":"https:\/\/www.promendoza.com\/en\/promendoza-finalizo-su-programa-para-capacitar-en-comercio-exterior-a-profesionales\/","title":{"rendered":"ProMendoza finaliz\u00f3 su programa para capacitar en comercio exterior a profesionales"},"content":{"rendered":"<style type=\"text\/css\"><\/style>\n<figure class=\"wp-block-image\"><img alt=\"\"\/><\/figure>\n\n\n\n<p><br>Con el objetivo de preparar a consultores para ayudar a diagramar a las pymes mendocinas sus estrategias de exportaci\u00f3n, la fundaci\u00f3n p\u00fablica-privada finaliz\u00f3 su capacitaci\u00f3n llamada \u00c1gil Training.<br>La Fundaci\u00f3n ProMendoza finaliz\u00f3 su entrenamiento \u00c1gil Training, con el objetivo de preparar e insertar a los consultores mendocinos en el mundo de las exportaciones de las empresas de la provincia. Se realiz\u00f3 durante cuatro viernes, desde el 20 de octubre al 10 de noviembre, en el Anexo de la Legislatura. Participaron profesionales de ProMendoza con a\u00f1os de experiencia en el rubro.<\/p>\n\n\n\n<p>Durante el \u00c1gil Training, los participantes se sumergieron en un amplio abanico de temas esenciales para el mundo de las exportaciones. Las sesiones incluyeron entrenamiento en habilidades blandas y networking, entrevistas laborales exitosas, exportaciones de bienes y servicios de Mendoza, herramientas de promoci\u00f3n comercial, plataformas log\u00edsticas- comerciales, aspectos cambiarios e impositivos, y viabilidad y rentabilidad, entre otros.<\/p>\n\n\n\n<p>La capacitaci\u00f3n, ofrecida de forma gratuita, cont\u00f3 con la participaci\u00f3n de 27 profesionales y tuvo como requisito indispensable que los participantes contar\u00e1n con t\u00edtulo universitario y el inter\u00e9s de expandir sus conocimientos y su perfil laboral a tareas relacionadas con el comercio exterior.<\/p>\n\n\n\n<p>Adem\u00e1s de ser un programa que promueve el traspaso de conocimientos pr\u00e1cticos en el rubro, la fundaci\u00f3n busc\u00f3 ampliar el grupo de consultores que puedan asistir a nuevas pymes que buscan internacionalizarse.<\/p>\n\n\n\n<p>ProMendoza se enorgullece de facilitar esta oportunidad de capacitaci\u00f3n integral que no solo beneficia a los consultores sino tambi\u00e9n a las empresas de Mendoza que buscan expandir sus horizontes en el mercado internacional. Este compromiso continuo con la educaci\u00f3n y el desarrollo econ\u00f3mico demuestra el papel crucial de ProMendoza en el fortalecimiento del tejido empresarial de la regi\u00f3n.<\/p>\n","protected":false},"excerpt":{"rendered":"<p>Con el objetivo de preparar a consultores para ayudar a diagramar a las pymes mendocinas sus estrategias de exportaci\u00f3n, la fundaci\u00f3n p\u00fablica-privada finaliz\u00f3 su capacitaci\u00f3n llamada \u00c1gil Training.La Fundaci\u00f3n ProMendoza&#8230;<\/p>\n","protected":false},"author":1,"featured_media":13204,"comment_status":"closed","ping_status":"open","sticky":false,"template":"","format":"image","meta":[],"categories":[107],"tags":[],"_links":{"self":[{"href":"https:\/\/www.promendoza.com\/en\/wp-json\/wp\/v2\/posts\/13203"}],"collection":[{"href":"https:\/\/www.promendoza.com\/en\/wp-json\/wp\/v2\/posts"}],"about":[{"href":"https:\/\/www.promendoza.com\/en\/wp-json\/wp\/v2\/types\/post"}],"author":[{"embeddable":true,"href":"https:\/\/www.promendoza.com\/en\/wp-json\/wp\/v2\/users\/1"}],"replies":[{"embeddable":true,"href":"https:\/\/www.promendoza.com\/en\/wp-json\/wp\/v2\/comments?post=13203"}],"version-history":[{"count":2,"href":"https:\/\/www.promendoza.com\/en\/wp-json\/wp\/v2\/posts\/13203\/revisions"}],"predecessor-version":[{"id":13206,"href":"https:\/\/www.promendoza.com\/en\/wp-json\/wp\/v2\/posts\/13203\/revisions\/13206"}],"wp:featuredmedia":[{"embeddable":true,"href":"https:\/\/www.promendoza.com\/en\/wp-json\/wp\/v2\/media\/13204"}],"wp:attachment":[{"href":"https:\/\/www.promendoza.com\/en\/wp-json\/wp\/v2\/media?parent=13203"}],"wp:term":[{"taxonomy":"category","embeddable":true,"href":"https:\/\/www.promendoza.com\/en\/wp-json\/wp\/v2\/categories?post=13203"},{"taxonomy":"post_tag","embeddable":true,"href":"https:\/\/www.promendoza.com\/en\/wp-json\/wp\/v2\/tags?post=13203"}],"curies":[{"name":"wp","href":"https:\/\/api.w.org\/{rel}","templated":true}]}}