{"id":13221,"date":"2023-11-27T17:01:14","date_gmt":"2023-11-27T17:01:14","guid":{"rendered":"https:\/\/www.promendoza.com\/es\/?p=13221"},"modified":"2023-11-29T17:05:37","modified_gmt":"2023-11-29T17:05:37","slug":"la-ciudad-de-mendoza-y-promendoza-trabajaran-juntas-para-que-mas-pymes-puedan-exportar","status":"publish","type":"post","link":"https:\/\/www.promendoza.com\/en\/la-ciudad-de-mendoza-y-promendoza-trabajaran-juntas-para-que-mas-pymes-puedan-exportar\/","title":{"rendered":"La Ciudad de Mendoza y ProMendoza trabajar\u00e1n juntas para que m\u00e1s pymes puedan exportar"},"content":{"rendered":"<style type=\"text\/css\"><\/style>\n<figure class=\"wp-block-image\"><img alt=\"\"\/><\/figure>\n\n\n\n<p><br>El ministro de Econom\u00eda y Energ\u00eda, Enrique Vaqui\u00e9, el intendente Ulpiano Suarez y el gerente Mario L\u00e1zzaro, la Municipalidad de Mendoza y la Fundaci\u00f3n ProMendoza firmaron un convenio para la asistencia a empresarios de la Ciudad, a trav\u00e9s de los programas y acciones para posicionar en el mundo sus productos y servicios.<br>En el marco de este acuerdo, tambi\u00e9n se avanz\u00f3 con la firma del convenio espec\u00edfico para el Programa de Desarrollo de Nuevos Exportadores (NEX) y de Diversificaci\u00f3n de Mercados (DIMEX). Los objetivos son iniciar y formar a la empresa en comercio exterior; identificar necesidades, fortalezas y debilidades; asistir a las empresas para la prospecci\u00f3n, penetraci\u00f3n y consolidaci\u00f3n en los mercados externos y apoyar a las empresas para mejorar su productividad y competitividad a trav\u00e9s de asistencia t\u00e9cnica especializada y capacitaci\u00f3n.<\/p>\n\n\n\n<p>Durante la firma, el gerente general de ProMendoza, Mario L\u00e1zzaro, expres\u00f3 que \u201cel programa NEX nos parece una herramienta muy importante para que el Municipio participe del proceso de capacitaci\u00f3n y generaci\u00f3n de nuevos exportadores\u201d.<\/p>\n\n\n\n<p>Por su parte, el intendente de Capital, Ulpiano Suarez, destac\u00f3 que su inter\u00e9s est\u00e1 siempre en \u201cavanzar con acciones concretas y de impacto para la Ciudad, por eso queremos agradecer a ProMendoza y al Gobierno por este trabajo conjunto que derramar\u00e1 de manera directa en sus habitantes\u201d.<\/p>\n\n\n\n<p>El cierre estuvo a cargo del ministro Enrique Vaqui\u00e9, quien asegur\u00f3 que \u201ceste convenio es sumamente valioso, porque lo m\u00e1s importante para Mendoza es seguir creciendo en empresas exportadoras, que permite enviar productos y servicios al mundo y generar ingresos en d\u00f3lares\u201d.<\/p>\n\n\n\n<p>A partir de la firma de este convenio, Capital asistir\u00e1 a las empresas con el pago de 50% de los honorarios de los consultores en comercio exterior para aplicar un plan que las conduzca a la exportaci\u00f3n de productos y servicios.<\/p>\n\n\n\n<p>Por su parte, ProMendoza se har\u00e1 cargo del entrenamiento, selecci\u00f3n y supervisi\u00f3n de consultores COMEX, asisti\u00e9ndolos a su vez con actividades de promoci\u00f3n comercial como ferias internacionales, rondas inversas y misiones comerciales, entre otras.<\/p>\n\n\n\n<p>El ciclo de los programas NEX y DIMEX est\u00e1 constituido por tres etapas: 1- diagn\u00f3stico (un mes de duraci\u00f3n); 2- elaboraci\u00f3n del plan de internacionalizaci\u00f3n (tres meses) y 3- ejecuci\u00f3n del plan (ocho meses). Mediante ese proceso, la empresa y el consultor COMEX diagraman juntos un plan de internacionalizaci\u00f3n que ponen en marcha teniendo como objetivo concretar una primera operaci\u00f3n de exportaci\u00f3n.<\/p>\n\n\n\n<p>Desde su creaci\u00f3n, los programas de internacionalizaci\u00f3n de ProMendoza han asistido a 180 empresas en sus procesos de exportaci\u00f3n. Sin embargo, el involucramiento de la Municipalidad de Ciudad a trav\u00e9s de la firma de este Convenio inaugura un hito ya que impulsa el rol activo de las ciudades en el desarrollo de estrategias para llevar las ofertas comerciales de una empresa fuera de su pa\u00eds de origen e impulsando la econom\u00eda local.<\/p>\n","protected":false},"excerpt":{"rendered":"<p>El ministro de Econom\u00eda y Energ\u00eda, Enrique Vaqui\u00e9, el intendente Ulpiano Suarez y el gerente Mario L\u00e1zzaro, la Municipalidad de Mendoza y la Fundaci\u00f3n ProMendoza firmaron un convenio para la&#8230;<\/p>\n","protected":false},"author":1,"featured_media":13222,"comment_status":"closed","ping_status":"open","sticky":false,"template":"","format":"image","meta":[],"categories":[100],"tags":[],"_links":{"self":[{"href":"https:\/\/www.promendoza.com\/en\/wp-json\/wp\/v2\/posts\/13221"}],"collection":[{"href":"https:\/\/www.promendoza.com\/en\/wp-json\/wp\/v2\/posts"}],"about":[{"href":"https:\/\/www.promendoza.com\/en\/wp-json\/wp\/v2\/types\/post"}],"author":[{"embeddable":true,"href":"https:\/\/www.promendoza.com\/en\/wp-json\/wp\/v2\/users\/1"}],"replies":[{"embeddable":true,"href":"https:\/\/www.promendoza.com\/en\/wp-json\/wp\/v2\/comments?post=13221"}],"version-history":[{"count":2,"href":"https:\/\/www.promendoza.com\/en\/wp-json\/wp\/v2\/posts\/13221\/revisions"}],"predecessor-version":[{"id":13224,"href":"https:\/\/www.promendoza.com\/en\/wp-json\/wp\/v2\/posts\/13221\/revisions\/13224"}],"wp:featuredmedia":[{"embeddable":true,"href":"https:\/\/www.promendoza.com\/en\/wp-json\/wp\/v2\/media\/13222"}],"wp:attachment":[{"href":"https:\/\/www.promendoza.com\/en\/wp-json\/wp\/v2\/media?parent=13221"}],"wp:term":[{"taxonomy":"category","embeddable":true,"href":"https:\/\/www.promendoza.com\/en\/wp-json\/wp\/v2\/categories?post=13221"},{"taxonomy":"post_tag","embeddable":true,"href":"https:\/\/www.promendoza.com\/en\/wp-json\/wp\/v2\/tags?post=13221"}],"curies":[{"name":"wp","href":"https:\/\/api.w.org\/{rel}","templated":true}]}}