{"id":13307,"date":"2024-01-17T13:53:38","date_gmt":"2024-01-17T16:53:38","guid":{"rendered":"https:\/\/www.promendoza.com\/es\/?p=13307"},"modified":"2024-01-18T09:48:53","modified_gmt":"2024-01-18T12:48:53","slug":"gimenez-delineo-un-plan-de-accion-2024-con-el-sector-de-franquicias","status":"publish","type":"post","link":"https:\/\/www.promendoza.com\/en\/gimenez-delineo-un-plan-de-accion-2024-con-el-sector-de-franquicias\/","title":{"rendered":"Gim\u00e9nez deline\u00f3 un Plan de Acci\u00f3n 2024 con el sector de franquicias"},"content":{"rendered":"<style type=\"text\/css\"><\/style>\n<figure class=\"wp-block-image\"><img alt=\"\"\/><\/figure>\n\n\n\n<p><br>La gerenta de ProMendoza, Patricia Gim\u00e9nez se reuni\u00f3 con el cl\u00faster de franquicias, para conocer el trabajo que vienen desarrollando algunas marcas mendocinas orientadas a la exportaci\u00f3n.<br>Estuvieron presentes Dania Bonadeo, responsable del sector de Servicios de ProMendoza; Nicol\u00e1s Suraci, asesor del cl\u00faster y representantes de las marcas Greenhaus, New Panel, Mr. Vulpini, Kioscos Yes, Arabian Food, Tijeritas, Darko y Familia del Olmo.<\/p>\n\n\n\n<p>Para desarrollar la actividad este a\u00f1o, Gim\u00e9nez invit\u00f3 al sector a participar del Foro de Inversiones, que se realizar\u00e1 en marzo y concretar una presentaci\u00f3n espec\u00edfica de franquicias para embajadores y empresarios extranjeros, d\u00e1ndoles a conocer una opci\u00f3n m\u00e1s de negocios con Mendoza.<\/p>\n\n\n\n<p>\u201cFue una reuni\u00f3n muy din\u00e1mica, en donde presentamos al sector de Mendoza, que est\u00e1 compuesto por unas 150 marcas, con m\u00e1s de 600 puntos de venta en el pa\u00eds y el exterior. Le comentamos las distintas experiencias que hab\u00edamos tenido en acciones de promoci\u00f3n, misiones comerciales, rondas inversas y viajes al exterior, con casos de \u00e9xito, como la exportaci\u00f3n de la empresa de chocolates de Bianco&#038;Nero a Per\u00fa y la venta de la marca de peluquer\u00eda infantil Tijeritas a Chile, Espa\u00f1a y con perspectivas de desembarcar en Miami\u201d, explic\u00f3 Suraci, que lidera la empresa del mismo nombre, especializada en el desarrollo de franquicias en la provincia.<\/p>\n\n\n\n<p>Durante la reuni\u00f3n se plante\u00f3 el plan de acci\u00f3n de este a\u00f1o, que prev\u00e9 participar en abril de una feria de franquicias en Chile; en junio o julio, una misi\u00f3n comercial a Miami y en septiembre de una misi\u00f3n comercial a Per\u00fa.<\/p>\n\n\n\n<p>En el marco de la Expo Franquicias, que se realizar\u00e1 en Mendoza en octubre, se espera concretar una ronda inversa para comerciar marcas de la provincia con compradores del exterior.<\/p>\n\n\n\n<p>Por \u00faltimo, surgi\u00f3 como idea incorporar al sector de franquicias como en una pol\u00edtica m\u00e1s de Turismo y de Inversiones, a fin de que todas las personas que visiten Mendoza, conozcan esta oportunidad de inversi\u00f3n en marcas.<\/p>\n","protected":false},"excerpt":{"rendered":"<p>La gerenta de ProMendoza, Patricia Gim\u00e9nez se reuni\u00f3 con el cl\u00faster de franquicias, para conocer el trabajo que vienen desarrollando algunas marcas mendocinas orientadas a la exportaci\u00f3n.Estuvieron presentes Dania Bonadeo,&#8230;<\/p>\n","protected":false},"author":1,"featured_media":13308,"comment_status":"closed","ping_status":"open","sticky":false,"template":"","format":"image","meta":[],"categories":[93],"tags":[],"_links":{"self":[{"href":"https:\/\/www.promendoza.com\/en\/wp-json\/wp\/v2\/posts\/13307"}],"collection":[{"href":"https:\/\/www.promendoza.com\/en\/wp-json\/wp\/v2\/posts"}],"about":[{"href":"https:\/\/www.promendoza.com\/en\/wp-json\/wp\/v2\/types\/post"}],"author":[{"embeddable":true,"href":"https:\/\/www.promendoza.com\/en\/wp-json\/wp\/v2\/users\/1"}],"replies":[{"embeddable":true,"href":"https:\/\/www.promendoza.com\/en\/wp-json\/wp\/v2\/comments?post=13307"}],"version-history":[{"count":4,"href":"https:\/\/www.promendoza.com\/en\/wp-json\/wp\/v2\/posts\/13307\/revisions"}],"predecessor-version":[{"id":13316,"href":"https:\/\/www.promendoza.com\/en\/wp-json\/wp\/v2\/posts\/13307\/revisions\/13316"}],"wp:featuredmedia":[{"embeddable":true,"href":"https:\/\/www.promendoza.com\/en\/wp-json\/wp\/v2\/media\/13308"}],"wp:attachment":[{"href":"https:\/\/www.promendoza.com\/en\/wp-json\/wp\/v2\/media?parent=13307"}],"wp:term":[{"taxonomy":"category","embeddable":true,"href":"https:\/\/www.promendoza.com\/en\/wp-json\/wp\/v2\/categories?post=13307"},{"taxonomy":"post_tag","embeddable":true,"href":"https:\/\/www.promendoza.com\/en\/wp-json\/wp\/v2\/tags?post=13307"}],"curies":[{"name":"wp","href":"https:\/\/api.w.org\/{rel}","templated":true}]}}