{"id":13319,"date":"2024-01-25T13:39:00","date_gmt":"2024-01-25T16:39:00","guid":{"rendered":"https:\/\/www.promendoza.com\/es\/?p=13319"},"modified":"2024-01-26T13:50:36","modified_gmt":"2024-01-26T16:50:36","slug":"mendoza-defiende-sus-exportaciones-de-ajo-a-brasil","status":"publish","type":"post","link":"https:\/\/www.promendoza.com\/en\/mendoza-defiende-sus-exportaciones-de-ajo-a-brasil\/","title":{"rendered":"Mendoza defiende sus exportaciones de ajo a Brasil"},"content":{"rendered":"<style type=\"text\/css\"><\/style>\n<figure class=\"wp-block-image\"><img alt=\"\"\/><\/figure>\n\n\n\n<p><br>La gerente de ProMendoza, Patricia Gim\u00e9nez, se reuni\u00f3 este jueves con el titular de Asocamen, Fabi\u00e1n Fusari Duin; el gerente de esa asociaci\u00f3n, Maximiliano Di C\u00e9sare, y la diputada provincial Eugenia De Marchi para avanzar en un nuevo tratado por antidumping.<br>ProMendoza trabaja con la Asociaci\u00f3n de Productores de Ajo de Mendoza (Asocamen) y la Asociaci\u00f3n Nacional de Productores de Ajo (Anapa) de Brasil para conseguir una nueva pr\u00f3rroga de las medidas antidumping para el ingreso de ajo chino en el vecino pa\u00eds y mantener la competitividad en uno de nuestros principales productos primarios exportables.<\/p>\n\n\n\n<p>Este jueves, la gerente de ProMendoza, Patricia Gim\u00e9nez, se reuni\u00f3 con el titular de Asocamen, Fabi\u00e1n Fusari Duin; el gerente de esa asociaci\u00f3n, Maximiliano Di C\u00e9sare, y la diputada provincial Eugenia De Marchi.<\/p>\n\n\n\n<p>\u201cSe est\u00e1 trabajando en un nuevo tratado por antidumping con Brasil. Estas son gestiones que se hacen desde ProMendoza y que ayudan a los productos mendocinos en los mercados, sobre todo en el Mercosur. Hemos empezando con tiempo para llegar a octubre con todo resuelto. Tenemos todas las herramientas necesarias para llegar a un buen acuerdo\u201d, explic\u00f3 Patricia Gim\u00e9nez luego del encuentro.<\/p>\n\n\n\n<p>Por su parte, Fusari Duin expres\u00f3 su conformidad de retomar el trabajo para defender el ajo mendocino en Brasil. \u201cEstamos trabajando para seguir adelante con las negociaciones que se realizan en Brasil, nuestro principal comprador\u201d, indic\u00f3<\/p>\n\n\n\n<p>En 2017, ProMendoza, Asocamen y Anapa lograron que comenzara a aplicarse una tarifa antidumping al ingreso del ajo chino a Brasil y, en 2019, consiguieron, en los estrados judiciales brasileros, una pr\u00f3rroga del derecho antidumping por 5 a\u00f1os. Esta protecci\u00f3n garantiza la competitividad y el precio del producto, frente a una competencia desleal del producto que llega desde el pa\u00eds asi\u00e1tico.<\/p>\n\n\n\n<p>Qu\u00e9 es el antidumping<\/p>\n\n\n\n<p>Es un derecho de importaci\u00f3n adicional que el ajo chino debe pagar en Brasil para que su valor de mercado se aproxime a los precios de competencia normales y no constituya una competencia desleal para el ajo mendocino.<\/p>\n\n\n\n<p>Para ello, en 2016 ProMendoza comenz\u00f3 a trabajar en distintos estudios productivos de costos comerciales para probar que las empresas chinas comercializaban a costos excesivamente bajos que afectaban no solamente a los productores mendocinos sino tambi\u00e9n a los productores brasile\u00f1os.<\/p>\n\n\n\n<p>Diversificar mercados para el ajo<\/p>\n\n\n\n<p>Patricia Gim\u00e9nez inform\u00f3 que trabajar\u00e1 en una estrategia con el sector para diversificar el mercado internacional del ajo. \u201cAprovechamos esta primera reuni\u00f3n para hablar sobre cu\u00e1les son las necesidades del sector y adem\u00e1s estudiamos otros espacios donde exportar sus productos, como puede ser M\u00e9xico. Y ah\u00ed es donde ProMendoza debe estar con sus actores, trabajando al lado de cada uno de los productos de Mendoza que quieren llegar al mundo\u201d, indic\u00f3 la funcionaria.<\/p>\n\n\n\n<p>\u201cNuestra idea es diversificar y seguir creciendo en el exterior. Am\u00e9rica del Norte, Europa, Taiw\u00e1n son lugares que compran nuestro ajo, por lo que queremos trabajar a trav\u00e9s de ProMendoza con la promoci\u00f3n de nuestros productos, que son muy requeridos en el mundo\u201d, sum\u00f3 Fusari Duin.<\/p>\n","protected":false},"excerpt":{"rendered":"<p>La gerente de ProMendoza, Patricia Gim\u00e9nez, se reuni\u00f3 este jueves con el titular de Asocamen, Fabi\u00e1n Fusari Duin; el gerente de esa asociaci\u00f3n, Maximiliano Di C\u00e9sare, y la diputada provincial&#8230;<\/p>\n","protected":false},"author":1,"featured_media":13320,"comment_status":"closed","ping_status":"open","sticky":false,"template":"","format":"image","meta":[],"categories":[114],"tags":[],"_links":{"self":[{"href":"https:\/\/www.promendoza.com\/en\/wp-json\/wp\/v2\/posts\/13319"}],"collection":[{"href":"https:\/\/www.promendoza.com\/en\/wp-json\/wp\/v2\/posts"}],"about":[{"href":"https:\/\/www.promendoza.com\/en\/wp-json\/wp\/v2\/types\/post"}],"author":[{"embeddable":true,"href":"https:\/\/www.promendoza.com\/en\/wp-json\/wp\/v2\/users\/1"}],"replies":[{"embeddable":true,"href":"https:\/\/www.promendoza.com\/en\/wp-json\/wp\/v2\/comments?post=13319"}],"version-history":[{"count":2,"href":"https:\/\/www.promendoza.com\/en\/wp-json\/wp\/v2\/posts\/13319\/revisions"}],"predecessor-version":[{"id":13322,"href":"https:\/\/www.promendoza.com\/en\/wp-json\/wp\/v2\/posts\/13319\/revisions\/13322"}],"wp:featuredmedia":[{"embeddable":true,"href":"https:\/\/www.promendoza.com\/en\/wp-json\/wp\/v2\/media\/13320"}],"wp:attachment":[{"href":"https:\/\/www.promendoza.com\/en\/wp-json\/wp\/v2\/media?parent=13319"}],"wp:term":[{"taxonomy":"category","embeddable":true,"href":"https:\/\/www.promendoza.com\/en\/wp-json\/wp\/v2\/categories?post=13319"},{"taxonomy":"post_tag","embeddable":true,"href":"https:\/\/www.promendoza.com\/en\/wp-json\/wp\/v2\/tags?post=13319"}],"curies":[{"name":"wp","href":"https:\/\/api.w.org\/{rel}","templated":true}]}}