{"id":13367,"date":"2024-02-02T11:54:00","date_gmt":"2024-02-02T14:54:00","guid":{"rendered":"https:\/\/www.promendoza.com\/es\/?p=13367"},"modified":"2024-02-04T12:02:24","modified_gmt":"2024-02-04T15:02:24","slug":"internacionalizacion-de-las-pymes-metalurgicas-patricia-gimenez-se-reunio-con-referentes-de-asinmet","status":"publish","type":"post","link":"https:\/\/www.promendoza.com\/en\/internacionalizacion-de-las-pymes-metalurgicas-patricia-gimenez-se-reunio-con-referentes-de-asinmet\/","title":{"rendered":"Internacionalizaci\u00f3n de las pymes metal\u00fargicas: Patricia Gim\u00e9nez se reuni\u00f3 con referentes de Asinmet"},"content":{"rendered":"<style type=\"text\/css\"><\/style>\n<figure class=\"wp-block-image\"><img alt=\"\"\/><\/figure>\n\n\n\n<p>La gerente de ProMendoza, Patricia Gim\u00e9nez, recibi\u00f3 a representantes de la Asociaci\u00f3n de Industriales Metal\u00fargicos de la Provincia de Mendoza (Asinmet) para continuar con las pol\u00edticas conjuntas de nternacionalizaci\u00f3n de las pymes metal\u00fargicas.<\/p>\n\n\n\n<p>La funcionaria destac\u00f3 que \u201cfue un muy buen encuentro, muy productivo y ya fijamos la fecha de la pr\u00f3xima reuni\u00f3n porque tenemos muchas tareas en com\u00fan\u201d.<\/p>\n\n\n\n<p>\u201cVamos a trabajar la agenda propuesta por ProMendoza para eventos internacionales y una agenda de ferias y misiones dentro de Argentina que Asinmet quiere que nosotros acompa\u00f1emos y estamos de acuerdo. Es importante que los acompa\u00f1emos en eventos nacionales tambi\u00e9n, porque, a la larga, ese crecimiento permite poder vender sus productos e ir aumentando su capital instalado y tener m\u00e1s chances de poder exportar\u201d.<\/p>\n\n\n\n<p>Gimenez explic\u00f3 que en una primera etapa, Promendoza analizar\u00e1 con cada sector productivo de Mendoza qu\u00e9 posibilidades les ofrece hoy el mundo, cu\u00e1les son los destinos a los que nuestras industrias quieren llegar y cuales potenciar. \u201cQueremos hacerlo en equipo. Por ejemplo, hoy desde el sector metalmec\u00e1nico plantearon la necesidad de vender m\u00e1s dentro de la Argentina y en pa\u00edses vecinos. En un a\u00f1o donde la log\u00edstica est\u00e1 cara, poder ir a mercados m\u00e1s cercanos ayuda al sector a no quedarse cerrado y perder capacidad instalada\u201d, dijo.<\/p>\n\n\n\n<p>Por su parte, el presidente de Asinmet, Mariano Guizzo, coment\u00f3 que \u201cla metalmec\u00e1nica supo exportar mucho en a\u00f1os anteriores y tiene un desaf\u00edo grande de internacionalizar m\u00e1s sus productos. Estamos planeando una agenda no s\u00f3lo fuera del pa\u00eds sino tambi\u00e9n fuera de la provincia, y queremos que ProMendoza sea nuestro v\u00ednculo para llegar a otras provincias y para vender maquinarias y atraer nuevas inversiones\u201d.<\/p>\n\n\n\n<p>Guizzo agreg\u00f3: \u201cProMendoza ha sido nuestro veh\u00edculo para llegar a mercados como M\u00e9xico y Brasil. Hemos participado de ferias que nos han otorgado nuevos conocimientos sobre el entramado local en M\u00e9xico \u2013por ejemplo- para generar una oferta exportable que funcione en ese mercado. En Brasil asistimos a la Oil &#038; Gas, y entendimos c\u00f3mo desarroll\u00f3 Brasil el mercado energ\u00e9tico, dejando a las empresas m\u00e1s grandes la explotaci\u00f3n offshore y distribuyendo la explotaci\u00f3n de petr\u00f3leo y gas convencional a las empresas m\u00e1s peque\u00f1as. All\u00ed con el gobernador pudimos mostrar a potenciales inversores brasileros cu\u00e1l es la cadena de valor con la que cuentan si vienen a invertir a Mendoza\u201d.<\/p>\n\n\n\n<p>Se acord\u00f3 en ProMendoza seguir\u00e1 el trabajo conjunto para la determinaci\u00f3n de la oferta exportable como as\u00ed tambi\u00e9n continuar con el relevamiento de empresas que efectivamente est\u00e1n exportando y tambi\u00e9n aquellas que est\u00e1n con potencial exportador acompa\u00f1ando el proceso con herramientas de internacionalizaci\u00f3n.<\/p>\n\n\n\n<p>Tambi\u00e9n, Gim\u00e9nez y los representantes de Asinmet analizaron el calendario de actividades de promoci\u00f3n para 2024 y proyectaron las actividades conjuntas que podr\u00e1n desarrollar.<\/p>\n\n\n\n<p>Estuvieron presentes por Asinmet Mariano Guizzo, Fabi\u00e1n Solis, Franco Totero, Fernando Tittoto, Germ\u00e1n Griffouliere, Fernando Lisazo, Adriana Dalpozo y Julio Totero. Por ProMendoza, Guillermo Martinez, Gaetano Aguilera Prisco y Noelia de la Rosa.<\/p>\n\n\n\n<p><strong>Metalmec\u00e1nica en n\u00fameros<\/strong><\/p>\n\n\n\n<p>El sector metalmec\u00e1nico anualmente exporta m\u00e1s de 80 millones de d\u00f3lares en maquinarias, principalmente bombas, l\u00edneas de fraccionamiento de vinos y alimentos, calibrado de hortalizas, procesamiento de frutas y transformadores de trasmisi\u00f3n de energ\u00eda.<\/p>\n","protected":false},"excerpt":{"rendered":"<p>La gerente de ProMendoza, Patricia Gim\u00e9nez, recibi\u00f3 a representantes de la Asociaci\u00f3n de Industriales Metal\u00fargicos de la Provincia de Mendoza (Asinmet) para continuar con las pol\u00edticas conjuntas de nternacionalizaci\u00f3n de&#8230;<\/p>\n","protected":false},"author":1,"featured_media":13368,"comment_status":"closed","ping_status":"open","sticky":false,"template":"","format":"image","meta":[],"categories":[104],"tags":[],"_links":{"self":[{"href":"https:\/\/www.promendoza.com\/en\/wp-json\/wp\/v2\/posts\/13367"}],"collection":[{"href":"https:\/\/www.promendoza.com\/en\/wp-json\/wp\/v2\/posts"}],"about":[{"href":"https:\/\/www.promendoza.com\/en\/wp-json\/wp\/v2\/types\/post"}],"author":[{"embeddable":true,"href":"https:\/\/www.promendoza.com\/en\/wp-json\/wp\/v2\/users\/1"}],"replies":[{"embeddable":true,"href":"https:\/\/www.promendoza.com\/en\/wp-json\/wp\/v2\/comments?post=13367"}],"version-history":[{"count":2,"href":"https:\/\/www.promendoza.com\/en\/wp-json\/wp\/v2\/posts\/13367\/revisions"}],"predecessor-version":[{"id":13370,"href":"https:\/\/www.promendoza.com\/en\/wp-json\/wp\/v2\/posts\/13367\/revisions\/13370"}],"wp:featuredmedia":[{"embeddable":true,"href":"https:\/\/www.promendoza.com\/en\/wp-json\/wp\/v2\/media\/13368"}],"wp:attachment":[{"href":"https:\/\/www.promendoza.com\/en\/wp-json\/wp\/v2\/media?parent=13367"}],"wp:term":[{"taxonomy":"category","embeddable":true,"href":"https:\/\/www.promendoza.com\/en\/wp-json\/wp\/v2\/categories?post=13367"},{"taxonomy":"post_tag","embeddable":true,"href":"https:\/\/www.promendoza.com\/en\/wp-json\/wp\/v2\/tags?post=13367"}],"curies":[{"name":"wp","href":"https:\/\/api.w.org\/{rel}","templated":true}]}}