{"id":13390,"date":"2024-02-16T12:57:00","date_gmt":"2024-02-16T15:57:00","guid":{"rendered":"https:\/\/www.promendoza.com\/es\/?p=13390"},"modified":"2024-02-17T13:00:07","modified_gmt":"2024-02-17T16:00:07","slug":"mujeres-de-la-vina-realizaran-su-primera-exportacion-de-la-mano-de-promendoza","status":"publish","type":"post","link":"https:\/\/www.promendoza.com\/en\/mujeres-de-la-vina-realizaran-su-primera-exportacion-de-la-mano-de-promendoza\/","title":{"rendered":"Mujeres de la Vi\u00f1a realizar\u00e1n su primera exportaci\u00f3n de la mano de ProMendoza"},"content":{"rendered":"<style type=\"text\/css\"><\/style>\n<figure class=\"wp-block-image\"><img alt=\"\"\/><\/figure>\n\n\n\n<p>La Asociaci\u00f3n Mujeres de la Vi\u00f1a anunci\u00f3 que, por primera vez, exportar\u00e1n sus productos y ser\u00e1 gracias a la ayuda de ProMendoza. Esta semana se reunieron con la gerenta de la instituci\u00f3n, Patricia Gim\u00e9nez, para contarle que en los pr\u00f3ximos d\u00edas partir\u00e1n a Texas, Estados Unidos, dos pal\u00e9s de vinos, con su etiqueta \u201cApasionadas\u201d, para ser comercializados desde el hub que la provincia tiene en la ciudad estadounidense.  <\/p>\n\n\n\n<p>La asociaci\u00f3n de peque\u00f1as productoras elabor\u00f3 su primer vino en 2020 y en 2023 participaron en la primera ronda inversa que ProMendoza organiz\u00f3 en todos los oasis de nuestra provincia.<\/p>\n\n\n\n<p>Patricia Gim\u00e9nez coment\u00f3 que \u201ces un placer colaborar con mujeres tan organizadas que con fuerza y dedicaci\u00f3n emprenden, colaboran y crecen en el mundo empresarial. Son un ejemplo de trabajo en equipo y un modelo a seguir\u201d, agreg\u00f3.<\/p>\n\n\n\n<p>En esta ocasi\u00f3n se aplic\u00f3 una metodolog\u00eda \u00e1gil al proceso de internacionalizaci\u00f3n. Estas t\u00e9cnicas vienen a actualizar antiguos procesos de las empresas, adelantando el encuentro de los exportadores con los importadores, aun cuando el exportador no se encuentre listo. La colaboraci\u00f3n temprana entre los actores con una oferta exportable a\u00fan no desarrollada fue impulsada por ProMendoza al incorporar a Mujeres de la Vi\u00f1a a la Ronda Inversa de julio del a\u00f1o pasado. Esto les permiti\u00f3 exponerse al proceso y ajustar sus productos y aprendizaje de ventas a las necesidades del mercado de destino. Al mismo tiempo, ProMendoza design\u00f3 un consultor para acompa\u00f1ar en todo el proceso de la exportaci\u00f3n.<\/p>\n\n\n\n<p>Mujeres de la Vi\u00f1a es una asociaci\u00f3n conformada por productoras de vi\u00f1edos en Mendoza. Est\u00e1 integrada por mujeres propietarias de peque\u00f1as vi\u00f1as que abarcan entre 1 y 20 hect\u00e1reas, especializadas en la producci\u00f3n de uvas de alta calidad. La mayor\u00eda de ellas comercializa sus productos con bodegas internacionales. Esta asociaci\u00f3n se form\u00f3 en 2018, luego de un an\u00e1lisis realizado por el Centro de Desarrollo Vit\u00edcola La Consulta (COVIAR-INTA), que identific\u00f3 que si bien estas mujeres trabajaban de manera individual, compart\u00edan las mismas necesidades y ten\u00edan el deseo de crecer en el sector vitivin\u00edcola.<\/p>\n\n\n\n<p>Mar\u00eda Elena Salom\u00f3n, en representaci\u00f3n de las Mujeres de la Vi\u00f1a, explic\u00f3 orgullosa c\u00f3mo finalizar\u00e1 la primera exportaci\u00f3n: \u201cConocimos al importador hace unos meses y hemos ido trabajando juntos para poder exportar haciendo todo lo necesario para internacionalizar nuestro vino. Este pr\u00f3ximo 23 de febrero sale el vino rumbo a Houston, donde vamos a completar nuestra primera exportaci\u00f3n, y esperamos que sea nuestra punta de lanza para crecer en el mundo\u201d.<\/p>\n\n\n\n<p>\u00c1gil NEX<\/p>\n\n\n\n<p>En mayo de 2023 ProMendoza cre\u00f3 el programa piloto \u00c1gil NEX, una versi\u00f3n actualizada del tradicional programa NEX. Con este programa las empresas acceden al mismo cofinanciamiento de 50% que ofrec\u00eda el tradicional NEX, pero siguiendo metodolog\u00edas \u00e1giles basadas en la entrega temprana y frecuente de valor para nutrir y consolidar sus estrategias de exportaci\u00f3n a trav\u00e9s de la colaboraci\u00f3n con el cliente.<\/p>\n","protected":false},"excerpt":{"rendered":"<p>La Asociaci\u00f3n Mujeres de la Vi\u00f1a anunci\u00f3 que, por primera vez, exportar\u00e1n sus productos y ser\u00e1 gracias a la ayuda de ProMendoza. Esta semana se reunieron con la gerenta de&#8230;<\/p>\n","protected":false},"author":1,"featured_media":13391,"comment_status":"closed","ping_status":"open","sticky":false,"template":"","format":"image","meta":[],"categories":[110],"tags":[],"_links":{"self":[{"href":"https:\/\/www.promendoza.com\/en\/wp-json\/wp\/v2\/posts\/13390"}],"collection":[{"href":"https:\/\/www.promendoza.com\/en\/wp-json\/wp\/v2\/posts"}],"about":[{"href":"https:\/\/www.promendoza.com\/en\/wp-json\/wp\/v2\/types\/post"}],"author":[{"embeddable":true,"href":"https:\/\/www.promendoza.com\/en\/wp-json\/wp\/v2\/users\/1"}],"replies":[{"embeddable":true,"href":"https:\/\/www.promendoza.com\/en\/wp-json\/wp\/v2\/comments?post=13390"}],"version-history":[{"count":2,"href":"https:\/\/www.promendoza.com\/en\/wp-json\/wp\/v2\/posts\/13390\/revisions"}],"predecessor-version":[{"id":13393,"href":"https:\/\/www.promendoza.com\/en\/wp-json\/wp\/v2\/posts\/13390\/revisions\/13393"}],"wp:featuredmedia":[{"embeddable":true,"href":"https:\/\/www.promendoza.com\/en\/wp-json\/wp\/v2\/media\/13391"}],"wp:attachment":[{"href":"https:\/\/www.promendoza.com\/en\/wp-json\/wp\/v2\/media?parent=13390"}],"wp:term":[{"taxonomy":"category","embeddable":true,"href":"https:\/\/www.promendoza.com\/en\/wp-json\/wp\/v2\/categories?post=13390"},{"taxonomy":"post_tag","embeddable":true,"href":"https:\/\/www.promendoza.com\/en\/wp-json\/wp\/v2\/tags?post=13390"}],"curies":[{"name":"wp","href":"https:\/\/api.w.org\/{rel}","templated":true}]}}