{"id":13465,"date":"2024-03-19T11:18:00","date_gmt":"2024-03-19T14:18:00","guid":{"rendered":"https:\/\/www.promendoza.com\/es\/?p=13465"},"modified":"2024-03-19T11:26:37","modified_gmt":"2024-03-19T14:26:37","slug":"promendoza-y-la-camara-argentina-de-vino-a-granel-trabajan-para-mejorar-la-exportacion-del-producto","status":"publish","type":"post","link":"https:\/\/www.promendoza.com\/en\/promendoza-y-la-camara-argentina-de-vino-a-granel-trabajan-para-mejorar-la-exportacion-del-producto\/","title":{"rendered":"ProMendoza y la C\u00e1mara Argentina de Vino a Granel trabajan para mejorar la exportaci\u00f3n del producto"},"content":{"rendered":"<style type=\"text\/css\"><\/style>\n<figure class=\"wp-block-image\"><img alt=\"\"\/><\/figure>\n\n\n\n<p><strong>Patricia Gim\u00e9nez, presidente de la Unidad ProMendoza, recibi\u00f3 a representantes de la C\u00e1mara Argentina de Vino a Granel para acordar una agenda de trabajo de promoci\u00f3n en el exterior para este a\u00f1o.\u00a0<\/strong>\u00a0<\/p>\n\n\n\n<p>Estuvieron presentes, Jos\u00e9 Bartolucci, presidente de la C\u00e1mara; Juan Manuel Palomo, gerente de la C\u00e1mara. Participaron, adem\u00e1s 3 socios de la C\u00e1mara: Lis Cl\u00e9ment de Bodega y Vi\u00f1edos Cl\u00e9ment; Alejandro Ballarini de Lost Valley y Agust\u00edn Galeano, de la empresa Galeano y Antonacci.&nbsp;<\/p>\n\n\n\n<p>Palomo realiz\u00f3 una presentaci\u00f3n de la situaci\u00f3n actual del Vino a Granel en Mendoza y en el pa\u00eds, remarcando la ca\u00edda de las exportaciones de este sector \u201cde 54 mercados que compraban nuestro granel hemos descendido a 24\u201d.&nbsp;<\/p>\n\n\n\n<p>Explic\u00f3 que en 2023 se registr\u00f3 la sequ\u00eda m\u00e1s importante de la historia, lo que influy\u00f3 en la producci\u00f3n. Sin embargo, asegur\u00f3 que en 2024 la cosecha ser\u00e1 abundante y las ventas en el exterior ser\u00e1n el nivelador monetario de esta importante industria.&nbsp;&nbsp;<\/p>\n\n\n\n<p>Seg\u00fan las estad\u00edsticas de 2023, los mayores mercados compradores de vino a granel se encuentran en Europa -Reino Unido, Alemania, Francia, Dinamarca, Suecia, Espa\u00f1a y B\u00e9lgica-, por ello para la C\u00e1mara de Vino a Granel resulta indispensable la participaci\u00f3n en World Bulk Wine Exhibition (WBWE), la feria de vino a granel m\u00e1s importante del mundo, que se realiza cada noviembre en Amsterdam, capital de Pa\u00edses Bajos.&nbsp;&nbsp;<\/p>\n\n\n\n<p>Adem\u00e1s, la C\u00e1mara propone realizar una ronda inversa, con importadores europeos, asi\u00e1ticos y de Am\u00e9rica Latina, que el fin de realizar negocios internacionales desde la provincia y con un menor costo para las empresas.&nbsp;&nbsp;<\/p>\n\n\n\n<p>Para culminar la reuni\u00f3n, la presidente de la Unidad ProMendoza manifest\u00f3 su inter\u00e9s de acompa\u00f1ar a este importante sector de la industria vitivin\u00edcola para seguir marcando una agenda internacional de un producto que debe dejar de ser un actor ocasional para proveer de manera estable los mercados del exterior.&nbsp;&nbsp;<\/p>\n\n\n\n<p><strong>De qu\u00e9 hablamos cu\u00e1ndo decimos vino a granel\u00a0\u00a0<\/strong><\/p>\n\n\n\n<p>Se denomina vino a granel a aqu\u00e9l que se comercializa en un envase superior a 10 litros con el fin de ser fraccionado en destino, ya sea por otra bodega en el pa\u00eds o un establecimiento en el extranjero, pudiendo ser antes utilizado para mejorar o producir un nuevo corte de vinos (blend) o bien envasarse directamente sin cambio alguno en botellas, latas de aluminio o bag-in box para el consumidor final.&nbsp;&nbsp;<\/p>\n\n\n\n<p>De esta forma, se entiende que lo que define la categor\u00eda de graneles es solamente el volumen del envase en que se comercializa el vino sin hacer diferencia de calidades. Vinos de todos los tipos y calidades pueden ser comercializados a granel: vinos gen\u00e9ricos, varietales, blends; entry level, Premium o S\u00faper Premium. Los avances actuales de los envases contenedores de gran volumen permiten asegurar la misma calidad que los envases m\u00e1s peque\u00f1os.&nbsp;<\/p>\n","protected":false},"excerpt":{"rendered":"<p>Patricia Gim\u00e9nez, presidente de la Unidad ProMendoza, recibi\u00f3 a representantes de la C\u00e1mara Argentina de Vino a Granel para acordar una agenda de trabajo de promoci\u00f3n en el exterior para&#8230;<\/p>\n","protected":false},"author":1,"featured_media":13466,"comment_status":"closed","ping_status":"closed","sticky":false,"template":"","format":"image","meta":[],"categories":[100],"tags":[],"_links":{"self":[{"href":"https:\/\/www.promendoza.com\/en\/wp-json\/wp\/v2\/posts\/13465"}],"collection":[{"href":"https:\/\/www.promendoza.com\/en\/wp-json\/wp\/v2\/posts"}],"about":[{"href":"https:\/\/www.promendoza.com\/en\/wp-json\/wp\/v2\/types\/post"}],"author":[{"embeddable":true,"href":"https:\/\/www.promendoza.com\/en\/wp-json\/wp\/v2\/users\/1"}],"replies":[{"embeddable":true,"href":"https:\/\/www.promendoza.com\/en\/wp-json\/wp\/v2\/comments?post=13465"}],"version-history":[{"count":2,"href":"https:\/\/www.promendoza.com\/en\/wp-json\/wp\/v2\/posts\/13465\/revisions"}],"predecessor-version":[{"id":13468,"href":"https:\/\/www.promendoza.com\/en\/wp-json\/wp\/v2\/posts\/13465\/revisions\/13468"}],"wp:featuredmedia":[{"embeddable":true,"href":"https:\/\/www.promendoza.com\/en\/wp-json\/wp\/v2\/media\/13466"}],"wp:attachment":[{"href":"https:\/\/www.promendoza.com\/en\/wp-json\/wp\/v2\/media?parent=13465"}],"wp:term":[{"taxonomy":"category","embeddable":true,"href":"https:\/\/www.promendoza.com\/en\/wp-json\/wp\/v2\/categories?post=13465"},{"taxonomy":"post_tag","embeddable":true,"href":"https:\/\/www.promendoza.com\/en\/wp-json\/wp\/v2\/tags?post=13465"}],"curies":[{"name":"wp","href":"https:\/\/api.w.org\/{rel}","templated":true}]}}