{"id":13485,"date":"2024-03-29T11:58:00","date_gmt":"2024-03-29T14:58:00","guid":{"rendered":"https:\/\/www.promendoza.com\/es\/?p=13485"},"modified":"2024-03-30T12:02:45","modified_gmt":"2024-03-30T15:02:45","slug":"una-empresa-de-servicios-tech-busca-llegar-a-peru-de-la-mano-de-promendoza","status":"publish","type":"post","link":"https:\/\/www.promendoza.com\/en\/una-empresa-de-servicios-tech-busca-llegar-a-peru-de-la-mano-de-promendoza\/","title":{"rendered":"Una empresa de servicios tech busca llegar a Per\u00fa de la mano de ProMendoza"},"content":{"rendered":"<style type=\"text\/css\"><\/style>\n<figure class=\"wp-block-image\"><img alt=\"\"\/><\/figure>\n\n\n\n<h5>Referentes de la&nbsp;empresa Cuencotech visitaron&nbsp;ProMendoza para reunirse con su presidente, Patricia Gim\u00e9nez y con el c\u00f3nsul de Per\u00fa, Alberto Hart, con el fin de avanzar en el proceso de internacionalizaci\u00f3n de los servicios de integraci\u00f3n tecnol\u00f3gica desarrollando soluciones para empresas p\u00fablicas y privadas.&nbsp;<\/h5>\n\n\n\n<p>De la reuni\u00f3n participaron Dania Bodaneo responsable del sector de Servicios de ProMendoza,&nbsp;Marcelo Escalante y Jos\u00e9 Bosdari, director y director comercial de Cuencotech, respectivamente.<\/p>\n\n\n\n<p>Cucotech est\u00e1 integrada por un equipo de profesionales experimentados en el campo de la tecnolog\u00eda y las energ\u00edas, con trayectoria en Mendoza y un trabajo incipiente en el exterior.<\/p>\n\n\n\n<p>La empresa present\u00f3 su servicio exportable que es una \u201cconsultor\u00eda para integrar tecnolog\u00eda -software y hardware- desarrollando soluciones, para grandes empresas p\u00fablicas y privadas\u201d.<\/p>\n\n\n\n<p>La empresa tiene base en el Parque TIC y dentro del Polo Tic, es parte de un grupo de empresas que est\u00e1 enfocado en la internacionalizaci\u00f3n de sus servicios.<\/p>\n\n\n\n<p>\u201cUno de los destinos que nos interesa es Per\u00fa, por eso pedimos reunirnos con ProMendoza y el Consulado de Per\u00fa para empezar a abrir algunos caminos. Ya tenemos algunos prospectos en ese pa\u00eds para visitar, de hecho, del 15 al 23 de abril viajaremos&nbsp;con una agenda de negocios\u201d explic\u00f3 Bosdari.<\/p>\n\n\n\n<p>Tanto el c\u00f3nsul como la presidente de ProMendoza&nbsp;dialogaron con la empresa sobre la organizaci\u00f3n pol\u00edtica, empresarial y comercial en Per\u00fa, especialmente en los aspectos legales y administrativos para empresas de servicios. \u201cEl c\u00f3nsul nos explic\u00f3 d\u00f3nde deber\u00edamos acudir en busca de informaci\u00f3n y demanda para nuestros servicios\u201d, expresaron los empresarios y agregaron que es un mercado que les interesa por la cercan\u00eda -entre 3 y 4 horas de avi\u00f3n- y por la seguridad jur\u00eddica y regulatoria para las empresas del exterior.<\/p>\n\n\n\n<p>Los directivos comentaron que han vendido servicios en Chile, en Paraguay y que su meta es expandirse \u201cen el resto de Latinoam\u00e9rica\u201d. \u201cYa hemos hecho tambi\u00e9n una inserci\u00f3n en Ecuador, con el municipio de Quito, donde nos estamos presentando en una licitaci\u00f3n internacional\u201d, indicaron.<\/p>\n\n\n\n<p><strong>Agenda de negocios programada&nbsp;<\/strong><\/p>\n\n\n\n<p>\u201cTenemos un par de clientes potenciales que visitar, a los cuales ya le hemos hecho una presentaci\u00f3n de productos de manera virtual, pero queremos ir ahora presencialmente y coordinar con ellos el armado de un productivo &nbsp;y hacer una prueba de concepto de los servicios que damos all\u00ed\u201d, resumieron.&nbsp;<\/p>\n\n\n\n<p>\u201cAs\u00ed que, en paralelo, queremos aprovechar ese viaje para presentarnos a otros posibles clientes, potenciales clientes de Lima y otras ciudades. Y en eso es que nos est\u00e1 colaborando ProMendoza, PromPer\u00fa y a trav\u00e9s del consulado de Per\u00fa aqu\u00ed en Mendoza\u201d, finalizaron.<\/p>\n","protected":false},"excerpt":{"rendered":"<p>Referentes de la&nbsp;empresa Cuencotech visitaron&nbsp;ProMendoza para reunirse con su presidente, Patricia Gim\u00e9nez y con el c\u00f3nsul de Per\u00fa, Alberto Hart, con el fin de avanzar en el proceso de internacionalizaci\u00f3n&#8230;<\/p>\n","protected":false},"author":1,"featured_media":13486,"comment_status":"closed","ping_status":"closed","sticky":false,"template":"","format":"image","meta":[],"categories":[5],"tags":[],"_links":{"self":[{"href":"https:\/\/www.promendoza.com\/en\/wp-json\/wp\/v2\/posts\/13485"}],"collection":[{"href":"https:\/\/www.promendoza.com\/en\/wp-json\/wp\/v2\/posts"}],"about":[{"href":"https:\/\/www.promendoza.com\/en\/wp-json\/wp\/v2\/types\/post"}],"author":[{"embeddable":true,"href":"https:\/\/www.promendoza.com\/en\/wp-json\/wp\/v2\/users\/1"}],"replies":[{"embeddable":true,"href":"https:\/\/www.promendoza.com\/en\/wp-json\/wp\/v2\/comments?post=13485"}],"version-history":[{"count":2,"href":"https:\/\/www.promendoza.com\/en\/wp-json\/wp\/v2\/posts\/13485\/revisions"}],"predecessor-version":[{"id":13489,"href":"https:\/\/www.promendoza.com\/en\/wp-json\/wp\/v2\/posts\/13485\/revisions\/13489"}],"wp:featuredmedia":[{"embeddable":true,"href":"https:\/\/www.promendoza.com\/en\/wp-json\/wp\/v2\/media\/13486"}],"wp:attachment":[{"href":"https:\/\/www.promendoza.com\/en\/wp-json\/wp\/v2\/media?parent=13485"}],"wp:term":[{"taxonomy":"category","embeddable":true,"href":"https:\/\/www.promendoza.com\/en\/wp-json\/wp\/v2\/categories?post=13485"},{"taxonomy":"post_tag","embeddable":true,"href":"https:\/\/www.promendoza.com\/en\/wp-json\/wp\/v2\/tags?post=13485"}],"curies":[{"name":"wp","href":"https:\/\/api.w.org\/{rel}","templated":true}]}}