{"id":13508,"date":"2024-04-11T09:15:00","date_gmt":"2024-04-11T12:15:00","guid":{"rendered":"https:\/\/www.promendoza.com\/es\/?p=13508"},"modified":"2024-04-12T09:46:07","modified_gmt":"2024-04-12T12:46:07","slug":"en-su-primera-visita-a-mendoza-el-embajador-de-alemania-se-reunio-con-funcionarios-en-promendoza","status":"publish","type":"post","link":"https:\/\/www.promendoza.com\/en\/en-su-primera-visita-a-mendoza-el-embajador-de-alemania-se-reunio-con-funcionarios-en-promendoza\/","title":{"rendered":"En su primera visita a Mendoza, el embajador de Alemania se reuni\u00f3 con funcionarios en ProMendoza"},"content":{"rendered":"<style type=\"text\/css\"><\/style>\n<figure class=\"wp-block-image\"><img alt=\"\"\/><\/figure>\n\n\n\n<h5>La presidente de LA UNIDAD ProMendoza y gerente general de dicha Fundaci\u00f3n, Patricia Gim\u00e9nez, junto al ministro de Gobierno, Infraestructura y Desarrollo Territorial, Natalio Mema, recibieron este jueves por la tarde al embajador de Alemania en Argentina, Dieter Laml\u00e9, y al c\u00f3nsul honorario de ese pa\u00eds\u00a0en Mendoza, Andreas Vollmer.<\/h5>\n\n\n\n<p>Tambi\u00e9n participaron del encuentro el subsecretario de Relaciones Institucionales de la Provincia, Jos\u00e9 Mar\u00eda Videla, &nbsp;y los &nbsp;intendentes de Ciudad, Ulpiano Su\u00e1rez y&nbsp;Tupungato, Gustavo Aguilera. Asimismo, tuvieron presencia representantes de San Carlos, Tunuy\u00e1n y la coordinadora de Unicipio, Graciela Marty.<\/p>\n\n\n\n<p>El eje de la reuni\u00f3n fue presentar al embajador en su primera visita oficial a la provincia las cualidades de Mendoza y sus sectores productivos y exportadores . Con este encuentro se busca fortalecer el v\u00ednculo de los municipios mencionados con ciudades alemanas con las que ya vienen trabajando.<\/p>\n\n\n\n<p>Cabe destacar que Tunuy\u00e1n y Tupungato ya tienen un acuerdo de hermanamiento con las ciudades alemanas de Eltville am Rhein y Bietigheim-Bissingen, respectivamente. En tanto que Ciudad y San Carlos est\u00e1n trabajando en futuras alianzas con regiones de esa Naci\u00f3n.<\/p>\n\n\n\n<p>Durante el encuentro el embajador, Dieter Laml\u00e9 subray\u00f3 la importancia de conocer a Mendoza para poder vincularla con el sector p\u00fablico y privado de Alemania e indic\u00f3: \u201cHay mucho inter\u00e9s en nuestro pa\u00eds de las empresas privadas que est\u00e1n observando el desarrollo argentino para analizar inversiones\u201d. Asimismo, comunic\u00f3 que est\u00e1 organizando una visita de empresas a nuestra provincia con la C\u00e1mara de Comercio Alemana&nbsp;para este a\u00f1o.<\/p>\n\n\n\n<p>Ante esta novedad, Patricia Gim\u00e9nez ofreci\u00f3 el equipo e infraestructura de ProMendoza para apoyar la visita empresaria. Tambi\u00e9n propuso una sinergia entre empresas alemanas y de la provincia, especialmente con foco en energ\u00edas renovables. &nbsp;<\/p>\n\n\n\n<p>Para finalizar, el embajador Laml\u00e9 hizo eco de las palabras de los funcionarios y resalt\u00f3 que \u201cpara el crecimiento y la atracci\u00f3n de inversiones es fundamental la claridad jur\u00eddica y la generaci\u00f3n de confianza\u201d.<\/p>\n\n\n\n<p>Por su parte, el ministro Natalio Mema destac\u00f3 la institucionalidad que caracteriza a Mendoza en todos sus \u00e1mbitos y enfatiz\u00f3 que \u201cel Estado provincial nunca ha entrado en default y ha honrado todos sus compromisos\u201d.<\/p>\n\n\n\n<p><strong>&nbsp;Presentaron un proyecto innovador en la Legislatura<\/strong><\/p>\n\n\n\n<p>Durante la ma\u00f1ana se present\u00f3 en la Legislatura un proyecto de colaboraci\u00f3n entre la empresa alemana Venios y Distrocuyo \u2013 Seis de Mendoza y San Juan. Juntas estas empresas trabajar\u00e1n para incorporar tecnolog\u00eda e inteligencia artificial para el relevamiento del consumo energ\u00e9tico con una plataforma que permite visualizar la red el\u00e9ctrica y su topolog\u00eda en tiempo real.<\/p>\n\n\n\n<p>Este Proyecto cuenta con el apoyo del Ministerio Federal de Econom\u00eda y Protecci\u00f3n del Clima de Alemania (BMWK), en el marco del Programa de Soluciones en Energ\u00edas Renovables de la Iniciativa Alemana en Soluciones Energ\u00e9ticas.<\/p>\n\n\n\n<p>La tecnolog\u00eda permite funciones avanzadas de supervisi\u00f3n, planificaci\u00f3n y simulaci\u00f3n de las condiciones de la red el\u00e9ctrica. Tambi\u00e9n la gesti\u00f3n activa de la carga en la gama de baja y media tensi\u00f3n.<br><strong>&nbsp;<br>El comercio con Alemania<\/strong><\/p>\n\n\n\n<p>Argentina es uno de los principales socios comerciales de Alemania en Am\u00e9rica Latina, en t\u00e9rminos de comercio total. El producto m\u00e1s importante que exporta Mendoza es vino, con casi 10 millones de d\u00f3lares y alrededor de 4 millones de litros anuales.<\/p>\n\n\n\n<p>El vino como producto en Alemania cuenta con un mercado maduro. Sus consumidores exigen calidad, la oferta est\u00e1 marcada por una fuerte competencia y variedad y donde el&nbsp;<em>retail<\/em>&nbsp;se encuentra muy enfocado en el precio. En 2021 el consumo anual per c\u00e1pita fue de 23,9 litros de vino y espumantes.<\/p>\n\n\n\n<p><strong>Ferias alemanas que atraen mendocinos<\/strong><\/p>\n\n\n\n<p>Alemania es famosa por ser organizadora de importantes ferias para diversos rubros. Cada a\u00f1o ofrece entre 160 y 180 exposiciones nacionales e internacionales que atraen a m\u00e1s de 180 mil empresas y 10 millones de visitantes. De estos, 60% y 35% son extranjeros, respectivamente.<\/p>\n\n\n\n<p>Las empresas de Mendoza eligen cada a\u00f1o participar en Fruit Log\u00edstica (frutas frescas), ProWein (vinos), Anuga (alimentos), Biofach (alimentos org\u00e1nicos) y ExpoSolar (energ\u00edas renovables).<\/p>\n","protected":false},"excerpt":{"rendered":"<p>La presidente de LA UNIDAD ProMendoza y gerente general de dicha Fundaci\u00f3n, Patricia Gim\u00e9nez, junto al ministro de Gobierno, Infraestructura y Desarrollo Territorial, Natalio Mema, recibieron este jueves por la&#8230;<\/p>\n","protected":false},"author":1,"featured_media":13509,"comment_status":"closed","ping_status":"closed","sticky":false,"template":"","format":"image","meta":[],"categories":[54],"tags":[],"_links":{"self":[{"href":"https:\/\/www.promendoza.com\/en\/wp-json\/wp\/v2\/posts\/13508"}],"collection":[{"href":"https:\/\/www.promendoza.com\/en\/wp-json\/wp\/v2\/posts"}],"about":[{"href":"https:\/\/www.promendoza.com\/en\/wp-json\/wp\/v2\/types\/post"}],"author":[{"embeddable":true,"href":"https:\/\/www.promendoza.com\/en\/wp-json\/wp\/v2\/users\/1"}],"replies":[{"embeddable":true,"href":"https:\/\/www.promendoza.com\/en\/wp-json\/wp\/v2\/comments?post=13508"}],"version-history":[{"count":3,"href":"https:\/\/www.promendoza.com\/en\/wp-json\/wp\/v2\/posts\/13508\/revisions"}],"predecessor-version":[{"id":13512,"href":"https:\/\/www.promendoza.com\/en\/wp-json\/wp\/v2\/posts\/13508\/revisions\/13512"}],"wp:featuredmedia":[{"embeddable":true,"href":"https:\/\/www.promendoza.com\/en\/wp-json\/wp\/v2\/media\/13509"}],"wp:attachment":[{"href":"https:\/\/www.promendoza.com\/en\/wp-json\/wp\/v2\/media?parent=13508"}],"wp:term":[{"taxonomy":"category","embeddable":true,"href":"https:\/\/www.promendoza.com\/en\/wp-json\/wp\/v2\/categories?post=13508"},{"taxonomy":"post_tag","embeddable":true,"href":"https:\/\/www.promendoza.com\/en\/wp-json\/wp\/v2\/tags?post=13508"}],"curies":[{"name":"wp","href":"https:\/\/api.w.org\/{rel}","templated":true}]}}