{"id":13568,"date":"2024-04-19T11:04:39","date_gmt":"2024-04-19T14:04:39","guid":{"rendered":"https:\/\/www.promendoza.com\/es\/?p=13568"},"modified":"2024-04-19T11:05:04","modified_gmt":"2024-04-19T14:05:04","slug":"la-bodega-boutique-que-logro-vender-sus-malbec-luego-de-participar-en-una-importante-feria-en-brasil","status":"publish","type":"post","link":"https:\/\/www.promendoza.com\/en\/la-bodega-boutique-que-logro-vender-sus-malbec-luego-de-participar-en-una-importante-feria-en-brasil\/","title":{"rendered":"La bodega boutique que logr\u00f3 vender sus malbec luego de participar en una importante feria en Brasil"},"content":{"rendered":"<style type=\"text\/css\"><\/style>\n<figure class=\"wp-block-image\"><img alt=\"\"\/><\/figure>\n\n\n\n<h5>Una bodega de Mendoza que particip\u00f3 con ProMendoza en la feria internacional Prowine San Pablo 2023 vendi\u00f3 toda su l\u00ednea de malbec a dos importadores de Brasil. Se trata de El Gordo en Motoneta Garage Wines, fundada hace siete a\u00f1os por dos descontracturados emprendedores: Gast\u00f3n Sampere y Fernando Scandura.<\/h5>\n\n\n\n<p>Los j\u00f3venes realizaron una gran apuesta al participar en Prowine San Pablo. Es que luego de haber concretado algunas ventas a Per\u00fa, se decidieron a extenderse por toda Am\u00e9rica Latina y ser parte de ferias internacionales. \u201cNos ha ido bien en el mercado interno y hoy estamos abriendo un gran mercado externo, es por eso por lo que pretendemos volver a Prowine este a\u00f1o. Queremos afianzar todos los contactos que hicimos y seguir el camino que hicimos durante 2023\u201d, dijeron.&nbsp;<\/p>\n\n\n\n<p>Y contaron una gran noticia: \u201cAcabamos de realizar una venta a Brasil a trav\u00e9s de los contactos realizados en la feria de vinos el a\u00f1o pasado. Estamos muy contentos y agradecidos con ProMendoza por haber introducido toda la l\u00ednea nuestra de vino malbec de El Gordo en Motoneta Garage Wines en Brasil. Hemos concretado una importante meta. Nuestros malbec ya est\u00e1n en ese mercado\u201d.<\/p>\n\n\n\n<p>\u201cEl Gordo en Motoneta Garage Wines es un proyecto que fusiona la aventura, el disfrute y la libertad que tenemos todos y lo reflejamos a trav\u00e9s de nuestros vinos. La idea particular es que la persona que lo tome viva una linda experiencia y la pase bien con nuestros vinos. Entonces, no buscamos el tecnicismo, no buscamos lo tradicional, buscamos que la gente disfrute realmente\u201d, explic\u00f3 Fernando Scandura.&nbsp;<\/p>\n\n\n\n<p>El nombre surgi\u00f3 al evocar los recuerdos de la b\u00fasqueda de vi\u00f1edos en Mendoza para elaborar sus primeros vinos y reflejar en la marca la aventura que iban transitando. La bodega hoy elabora entre 400.000 y 500.000 botellas anuales. \u201cHemos crecido mucho en estos a\u00f1os y lo mejor est\u00e1 por venir. No sabemos cu\u00e1ndo vamos a sentir que el proyecto est\u00e9 cumplido, por eso nuestro eslogan&nbsp;<em>El vino en movimiento<\/em>\u201d, expresaron.<\/p>\n\n\n\n<p>Ambos socios estudiaron carreras exactas pero el proyecto desborda de creatividad. \u201cYo soy licenciado en Administraci\u00f3n de Empresas y Fernando es contador p\u00fablico nacional, pero en los&nbsp;<em>brainstorming<\/em>&nbsp;nos divertimos mucho y surgen ideas buen\u00edsimas\u201d, cont\u00f3 Sampere.&nbsp;<\/p>\n\n\n\n<p>La marca ha logrado llamar la atenci\u00f3n de un segmento m\u00e1s joven, uno de los objetivos de la industria del vino, pero han desarrollado una l\u00ednea completa de productos para todas las situaciones de consumo y para personas de todas las edades.<\/p>\n\n\n\n<p>\u201cNosotros hacemos no solo media gama, sino que tambi\u00e9n estamos haciendo alta gama, siempre respetando nuestra idiosincrasia, nuestra ideolog\u00eda y nuestro camino. Es decir, buscamos llevar desde los vinos m\u00e1s complejos nuestra impronta de aventura y libertad\u201d, culminaron.<\/p>\n","protected":false},"excerpt":{"rendered":"<p>Una bodega de Mendoza que particip\u00f3 con ProMendoza en la feria internacional Prowine San Pablo 2023 vendi\u00f3 toda su l\u00ednea de malbec a dos importadores de Brasil. Se trata de&#8230;<\/p>\n","protected":false},"author":1,"featured_media":13569,"comment_status":"closed","ping_status":"closed","sticky":false,"template":"","format":"image","meta":[],"categories":[47],"tags":[],"_links":{"self":[{"href":"https:\/\/www.promendoza.com\/en\/wp-json\/wp\/v2\/posts\/13568"}],"collection":[{"href":"https:\/\/www.promendoza.com\/en\/wp-json\/wp\/v2\/posts"}],"about":[{"href":"https:\/\/www.promendoza.com\/en\/wp-json\/wp\/v2\/types\/post"}],"author":[{"embeddable":true,"href":"https:\/\/www.promendoza.com\/en\/wp-json\/wp\/v2\/users\/1"}],"replies":[{"embeddable":true,"href":"https:\/\/www.promendoza.com\/en\/wp-json\/wp\/v2\/comments?post=13568"}],"version-history":[{"count":2,"href":"https:\/\/www.promendoza.com\/en\/wp-json\/wp\/v2\/posts\/13568\/revisions"}],"predecessor-version":[{"id":13571,"href":"https:\/\/www.promendoza.com\/en\/wp-json\/wp\/v2\/posts\/13568\/revisions\/13571"}],"wp:featuredmedia":[{"embeddable":true,"href":"https:\/\/www.promendoza.com\/en\/wp-json\/wp\/v2\/media\/13569"}],"wp:attachment":[{"href":"https:\/\/www.promendoza.com\/en\/wp-json\/wp\/v2\/media?parent=13568"}],"wp:term":[{"taxonomy":"category","embeddable":true,"href":"https:\/\/www.promendoza.com\/en\/wp-json\/wp\/v2\/categories?post=13568"},{"taxonomy":"post_tag","embeddable":true,"href":"https:\/\/www.promendoza.com\/en\/wp-json\/wp\/v2\/tags?post=13568"}],"curies":[{"name":"wp","href":"https:\/\/api.w.org\/{rel}","templated":true}]}}