{"id":13745,"date":"2024-04-24T12:52:38","date_gmt":"2024-04-24T15:52:38","guid":{"rendered":"https:\/\/www.promendoza.com\/es\/?p=13745"},"modified":"2024-04-24T12:52:54","modified_gmt":"2024-04-24T15:52:54","slug":"la-fundacion-promendoza-renovo-sus-autoridades","status":"publish","type":"post","link":"https:\/\/www.promendoza.com\/en\/la-fundacion-promendoza-renovo-sus-autoridades\/","title":{"rendered":"La Fundaci\u00f3n ProMendoza renov\u00f3 sus autoridades"},"content":{"rendered":"<style type=\"text\/css\"><\/style>\n<figure class=\"wp-block-image\"><img alt=\"\"\/><\/figure>\n\n\n\n<p>Como es tradici\u00f3n cada a\u00f1o, la Fundaci\u00f3n ProMendoza renov\u00f3 sus autoridades. Este a\u00f1o, como corresponde por su estatuto, la presidencia ser\u00e1 ejercida por el actual ministro de Producci\u00f3n, Rodolfo Vargas Arizu, quien durante la asunci\u00f3n destac\u00f3: &#8220;Asumo la gran responsabilidad de tomar las riendas de esta prestigiosa instituci\u00f3n que desde 1996, trabaja por impulsar la internacionalizaci\u00f3n de nuestros productos y servicios&#8221;.<\/p>\n\n\n\n<p>La gerente general de la Fundaci\u00f3n y Presidente de la Unidad ProMendoza del gobierno provincia, Patricia Gim\u00e9nez sostuvo: \u201cEn ProMendoza celebramos la institucionalidad. Hoy realizamos la asamblea anual, que incluye la aprobaci\u00f3n de memoria y el balance de lo hecho durante el a\u00f1o anterior. Adem\u00e1s, se hace el acto de asunci\u00f3n de las nuevas autoridades de la fundaci\u00f3n. Por la rotaci\u00f3n establecida en el estatuto, quien asume hoy la presidencia de la Fundaci\u00f3n es el ministro Rodolfo Vargas Arizu con quien continuaremos trabajando a la par.<br>Quiero destacar el compromiso de las instituciones que son parte de ProMendoza desde el inicio, como es la Bolsa de Comercio, la UCIM y la FEM. Pero, adem\u00e1s, el trabajo diario que hacemos con la C\u00e1mara de Exportadores, C\u00e1mara de Comercio Exterior de Cuyo, la CAFIM, y decenas de empresarios mendocinos mostrando una provincia que tiene a\u00f1os de trabajo coordinado entre el sector p\u00fablico privado\u201d.<\/p>\n\n\n\n<p>Rodolfo Vargas Arizu ocup\u00f3 el cargo de Presidente de la Fundaci\u00f3n en 2001 -2002 y hoy vuelve a ese lugar.<\/p>\n\n\n\n<p>Unidad y Fundaci\u00f3n ProMendoza<\/p>\n\n\n\n<p>La fundaci\u00f3n ProMendoza fue creada en el a\u00f1o 1996 por el Gobierno de Mendoza. Su estatuto establece que \u201cla Presidencia y Vicepresidencia del Consejo ser\u00e1n ejercidas en forma alternada y rotativa cada doce (12) meses, por cada uno de los socios fundadores, de modo tal que quien ocupe en un per\u00edodo la Presidencia, ocupar\u00e1 en el pr\u00f3ximo la Vicepresidencia 3\u00aa, para luego ocupar la Vicepresidencia 2\u00ba, y as\u00ed hasta ocupar nuevamente la Presidencia, siguiendo los otros cargos el mismo orden de rotaci\u00f3n\u201d.<\/p>\n\n\n\n<p>La Fundaci\u00f3n ProMendoza fue creada como entidad p\u00fablico-privada y es el resultado de la uni\u00f3n de esfuerzos de cuatro protagonistas relevantes de la econom\u00eda provincial: el Gobierno de Mendoza, la Uni\u00f3n Comercial e Industrial, la Bolsa de Comercio y la Federaci\u00f3n Econ\u00f3mica de Mendoza.<\/p>\n\n\n\n<p>En tanto que la Unidad ProMendoza fue creada por la Ley de Ministerios N\u00b0 9501, Art\u00edculo 17 sancionada por la Legislatura el 6 de diciembre de 2023 en el marco de la actual gesti\u00f3n del Gobernador Alfredo Cornejo.<\/p>\n\n\n\n<p>La Ley estipula que dicha Unidad tendr\u00e1 bajo su responsabilidad primordial la formulaci\u00f3n de las pol\u00edticas de internacionalizaci\u00f3n de la producci\u00f3n de la Provincia, la promoci\u00f3n de inversiones y la promoci\u00f3n comercial de la provincia en foros y organismos internacionales;<\/p>\n\n\n\n<p>Con la creaci\u00f3n de la Unidad ProMendoza, la Fundaci\u00f3n ProMendoza, pasa a integrarla sin que se modifique su objeto, estatuto y reglamentaci\u00f3n.<\/p>\n\n\n\n<p>Nueva n\u00f3mina de autoridades<\/p>\n\n\n\n<ul><li>Presidente: RODOLFO VARGAS ARIZU, Gobierno de Mendoza<\/li><li>Vicepresidente 1\u00ba: LUIS ROMANO, Bolsa de Comercio de Mendoza S.A.<\/li><li>Vicepresidente 2\u00ba: SANTIAGO LAUGERO, F.E.M.<\/li><li>Vicepresidente 3\u00ba: DANIEL ARIOSTO, U.C.I.M.<\/li><li>Secretario general: SANTIAGO P\u00c9REZ ARAUJO, Bolsa de Comercio de Mendoza S.A.<\/li><li>Tesorero: MARCELO DANIEL JAPAZ, Gobierno de Mendoza<\/li><li>Protesorero: GRACIELA ROVERA, F.E.M.<\/li><li>Vocal: JUAN ENRIQUE JOS\u00c9 VICIANA, U.C.I.M<\/li><li>Presidente Unidad ProMendoza y Gerente General fundaci\u00f3n: PATRICIA GIM\u00c9NEZ<\/li><\/ul>\n\n\n\n<p>Suplentes: Facundo Biffi y Patricia Gim\u00e9nez, por el Gobierno de Mendoza; Agust\u00edn Fr\u00fagoli y Gabriel Romano, por la Bolsa de Comercio de Mendoza; Hugo Tornaghi y Fabrixio Pedrosa, por la FEM, y Juan Jos\u00e9 Cerva Fris y Jorge Eugenio Colomer, por la UCIM.<\/p>\n","protected":false},"excerpt":{"rendered":"<p>Como es tradici\u00f3n cada a\u00f1o, la Fundaci\u00f3n ProMendoza renov\u00f3 sus autoridades. Este a\u00f1o, como corresponde por su estatuto, la presidencia ser\u00e1 ejercida por el actual ministro de Producci\u00f3n, Rodolfo Vargas&#8230;<\/p>\n","protected":false},"author":1,"featured_media":13746,"comment_status":"closed","ping_status":"closed","sticky":false,"template":"","format":"image","meta":[],"categories":[54],"tags":[],"_links":{"self":[{"href":"https:\/\/www.promendoza.com\/en\/wp-json\/wp\/v2\/posts\/13745"}],"collection":[{"href":"https:\/\/www.promendoza.com\/en\/wp-json\/wp\/v2\/posts"}],"about":[{"href":"https:\/\/www.promendoza.com\/en\/wp-json\/wp\/v2\/types\/post"}],"author":[{"embeddable":true,"href":"https:\/\/www.promendoza.com\/en\/wp-json\/wp\/v2\/users\/1"}],"replies":[{"embeddable":true,"href":"https:\/\/www.promendoza.com\/en\/wp-json\/wp\/v2\/comments?post=13745"}],"version-history":[{"count":2,"href":"https:\/\/www.promendoza.com\/en\/wp-json\/wp\/v2\/posts\/13745\/revisions"}],"predecessor-version":[{"id":13748,"href":"https:\/\/www.promendoza.com\/en\/wp-json\/wp\/v2\/posts\/13745\/revisions\/13748"}],"wp:featuredmedia":[{"embeddable":true,"href":"https:\/\/www.promendoza.com\/en\/wp-json\/wp\/v2\/media\/13746"}],"wp:attachment":[{"href":"https:\/\/www.promendoza.com\/en\/wp-json\/wp\/v2\/media?parent=13745"}],"wp:term":[{"taxonomy":"category","embeddable":true,"href":"https:\/\/www.promendoza.com\/en\/wp-json\/wp\/v2\/categories?post=13745"},{"taxonomy":"post_tag","embeddable":true,"href":"https:\/\/www.promendoza.com\/en\/wp-json\/wp\/v2\/tags?post=13745"}],"curies":[{"name":"wp","href":"https:\/\/api.w.org\/{rel}","templated":true}]}}