{"id":14260,"date":"2024-06-17T13:39:14","date_gmt":"2024-06-17T16:39:14","guid":{"rendered":"https:\/\/www.promendoza.com\/es\/?p=14260"},"modified":"2024-06-17T13:39:49","modified_gmt":"2024-06-17T16:39:49","slug":"invitan-al-primer-encuentro-internacional-apicola-en-el-sur-de-mendoza","status":"publish","type":"post","link":"https:\/\/www.promendoza.com\/en\/invitan-al-primer-encuentro-internacional-apicola-en-el-sur-de-mendoza\/","title":{"rendered":"Invitan al primer encuentro internacional ap\u00edcola en el sur de Mendoza"},"content":{"rendered":"<style type=\"text\/css\"><\/style>\n<figure class=\"wp-block-image\"><img alt=\"\"\/><\/figure>\n\n\n\n<p>Con entrada libre y gratuita, el 21 y 22 de junio, se realizar\u00e1 en el predio ferial de General Alvear, el primer encuentro internacional ap\u00edcola en el sur de Mendoza. Busca unir a interesados en la apicultura y promover el crecimiento y desarrollo de la actividad en la regi\u00f3n.<br>El programa incluye, en la primera jornada, exposiciones sobre las claves de un emprendedurismo exitoso, los pasos para la iniciaci\u00f3n ap\u00edcola, la multiplicaci\u00f3n de apiarios y el recambio de reinas.<\/p>\n\n\n\n<p>Para la segunda jornada est\u00e1 previsto el manejo de las colmenas en fin de temporada y el inicio de la primavera, culminando con la nutrici\u00f3n y sanidad.<\/p>\n\n\n\n<p>\u201cLa idea principal de este encuentro surgi\u00f3 con un grupo de colegas, debido a que hace alrededor de quince a\u00f1os que no se realiza una capacitaci\u00f3n sobre el tema en el sur mendocino\u201d, asegur\u00f3 Marcos Amor\u00f3s, empresario ap\u00edcola de General Alvear.<\/p>\n\n\n\n<p>\u201cEl objetivo del evento es brindar nueva informaci\u00f3n a los apicultores y sumar a otros emprendedores interesados en desarrollar la actividad econ\u00f3mica\u201d, dijo Amor\u00f3s.<\/p>\n\n\n\n<p>El evento est\u00e1 organizado por Apicultores del Sur Mendocino y auspiciado por la C\u00e1mara de Comercio, la Municipalidad de General Alvear, la Direcci\u00f3n de Ganader\u00eda de la provincia y el Instituto Nacional de Tecnolog\u00eda Agropecuaria (INTA).<\/p>\n\n\n\n<p>Mucha expectativa<\/p>\n\n\n\n<p>Amor\u00f3s sostuvo que ya han confirmado su presencia apicultores de diferentes partes del pa\u00eds que participar\u00e1n en las capacitaciones y que buscan introducir nuevas t\u00e9cnicas y fomentar la participaci\u00f3n de j\u00f3venes y adolescentes en la actividad.<\/p>\n\n\n\n<p>Amor\u00f3s recalc\u00f3 que \u201ces importante formar una nueva generaci\u00f3n de apicultores, ya que en la actualidad hay un vac\u00edo generacional en la actividad. La apicultura es una actividad noble que requiere dedicaci\u00f3n y pasi\u00f3n\u201d.<\/p>\n\n\n\n<p>Es por eso que, en el marco del encuentro preparan un concurso para j\u00f3venes y adolescentes que deber\u00e1n crear un reel sobre la importancia de la apicultura. El premio ser\u00e1 de 100.000 pesos.<\/p>\n","protected":false},"excerpt":{"rendered":"<p>Con entrada libre y gratuita, el 21 y 22 de junio, se realizar\u00e1 en el predio ferial de General Alvear, el primer encuentro internacional ap\u00edcola en el sur de Mendoza&#8230;.<\/p>\n","protected":false},"author":1,"featured_media":14262,"comment_status":"closed","ping_status":"closed","sticky":false,"template":"","format":"image","meta":[],"categories":[107],"tags":[],"_links":{"self":[{"href":"https:\/\/www.promendoza.com\/en\/wp-json\/wp\/v2\/posts\/14260"}],"collection":[{"href":"https:\/\/www.promendoza.com\/en\/wp-json\/wp\/v2\/posts"}],"about":[{"href":"https:\/\/www.promendoza.com\/en\/wp-json\/wp\/v2\/types\/post"}],"author":[{"embeddable":true,"href":"https:\/\/www.promendoza.com\/en\/wp-json\/wp\/v2\/users\/1"}],"replies":[{"embeddable":true,"href":"https:\/\/www.promendoza.com\/en\/wp-json\/wp\/v2\/comments?post=14260"}],"version-history":[{"count":2,"href":"https:\/\/www.promendoza.com\/en\/wp-json\/wp\/v2\/posts\/14260\/revisions"}],"predecessor-version":[{"id":14264,"href":"https:\/\/www.promendoza.com\/en\/wp-json\/wp\/v2\/posts\/14260\/revisions\/14264"}],"wp:featuredmedia":[{"embeddable":true,"href":"https:\/\/www.promendoza.com\/en\/wp-json\/wp\/v2\/media\/14262"}],"wp:attachment":[{"href":"https:\/\/www.promendoza.com\/en\/wp-json\/wp\/v2\/media?parent=14260"}],"wp:term":[{"taxonomy":"category","embeddable":true,"href":"https:\/\/www.promendoza.com\/en\/wp-json\/wp\/v2\/categories?post=14260"},{"taxonomy":"post_tag","embeddable":true,"href":"https:\/\/www.promendoza.com\/en\/wp-json\/wp\/v2\/tags?post=14260"}],"curies":[{"name":"wp","href":"https:\/\/api.w.org\/{rel}","templated":true}]}}