{"id":14313,"date":"2024-07-13T13:40:33","date_gmt":"2024-07-13T16:40:33","guid":{"rendered":"https:\/\/www.promendoza.com\/es\/?p=14313"},"modified":"2024-07-15T10:42:31","modified_gmt":"2024-07-15T13:42:31","slug":"invitan-a-participar-en-una-feria-multisectorial-en-santa-cruz-de-la-sierra","status":"publish","type":"post","link":"https:\/\/www.promendoza.com\/en\/invitan-a-participar-en-una-feria-multisectorial-en-santa-cruz-de-la-sierra\/","title":{"rendered":"Invitan a participar en una feria multisectorial en Santa Cruz de la Sierra"},"content":{"rendered":"<style type=\"text\/css\"><\/style>\n<figure class=\"wp-block-image\"><img alt=\"\"\/><\/figure>\n\n\n\n<hr class=\"wp-block-separator\"\/>\n\n\n\n<h5><\/h5>\n\n\n\n<p>La feria multisectorial m\u00e1s importante de Bolivia, ExpoCruz 2024, se llevar\u00e1 a cabo del 20 al 29 de septiembre en Santa Cruz de la Sierra, y el equipo t\u00e9cnico de ProMendoza asistir\u00e1 los d\u00edas 23, 24 y 25 para acompa\u00f1ar a las pymes de la provincia que quieran participar.<\/p>\n\n\n\n<p>Las empresas que por sus propios medios asistan a la feria podr\u00e1n utilizar un espacio de reuniones que ProMendoza pone a disposici\u00f3n para que las pymes agenden sus encuentros de negocios dentro del Pabell\u00f3n Argentino.<\/p>\n\n\n\n<p>La convocatoria est\u00e1 destinada a los sectores de alimentos, bebidas y maquinarias, servicios e insumos para dichas industrias. El cierre de inscripci\u00f3n para los interesados es el viernes 30 de agosto. Para m\u00e1s informaci\u00f3n, contactarse ProMendoza escribiendo a Gerardo Arribas al correo&nbsp;<a href=\"mailto:garribas@promendoza.com\">garribas@promendoza.com<\/a>.<\/p>\n\n\n\n<p><strong>En qu\u00e9 consiste ExpoCruz<\/strong><\/p>\n\n\n\n<p>Seg\u00fan sus organizadores, ExpoCruz es la feria m\u00e1s completa de Am\u00e9rica Latina y es el escenario donde convergen todos los sectores productivos de Bolivia y la regi\u00f3n. Es la plataforma de intercambios comerciales y sociales m\u00e1s grande de ese pa\u00eds<\/p>\n\n\n\n<p>La esposici\u00f3n genera escenarios donde emprendedores, empresarios y visitantes conectan y generan oportunidades de negocios. Fue fundada en 1962 por las dos instituciones productivas m\u00e1s representativas y destacadas a nivel internacional de la ciudad: la C\u00e1mara Agropecuaria del Oriente (CAO) y la C\u00e1mara de Industria, Comercio, Servicios y Turismo de Santa Cruz, Bolivia (CAINCO).<\/p>\n\n\n\n<p>Desde su creaci\u00f3n, m\u00e1s de un mill\u00f3n de visitantes han pasado por la feria en sus 30 ediciones y, en ese per\u00edodo, m\u00e1s de 3 mil marcas se han convocado all\u00ed para exponer sus productos.<\/p>\n","protected":false},"excerpt":{"rendered":"<p>La feria multisectorial m\u00e1s importante de Bolivia, ExpoCruz 2024, se llevar\u00e1 a cabo del 20 al 29 de septiembre en Santa Cruz de la Sierra, y el equipo t\u00e9cnico de&#8230;<\/p>\n","protected":false},"author":1,"featured_media":14314,"comment_status":"closed","ping_status":"closed","sticky":false,"template":"","format":"image","meta":[],"categories":[98],"tags":[],"_links":{"self":[{"href":"https:\/\/www.promendoza.com\/en\/wp-json\/wp\/v2\/posts\/14313"}],"collection":[{"href":"https:\/\/www.promendoza.com\/en\/wp-json\/wp\/v2\/posts"}],"about":[{"href":"https:\/\/www.promendoza.com\/en\/wp-json\/wp\/v2\/types\/post"}],"author":[{"embeddable":true,"href":"https:\/\/www.promendoza.com\/en\/wp-json\/wp\/v2\/users\/1"}],"replies":[{"embeddable":true,"href":"https:\/\/www.promendoza.com\/en\/wp-json\/wp\/v2\/comments?post=14313"}],"version-history":[{"count":3,"href":"https:\/\/www.promendoza.com\/en\/wp-json\/wp\/v2\/posts\/14313\/revisions"}],"predecessor-version":[{"id":14317,"href":"https:\/\/www.promendoza.com\/en\/wp-json\/wp\/v2\/posts\/14313\/revisions\/14317"}],"wp:featuredmedia":[{"embeddable":true,"href":"https:\/\/www.promendoza.com\/en\/wp-json\/wp\/v2\/media\/14314"}],"wp:attachment":[{"href":"https:\/\/www.promendoza.com\/en\/wp-json\/wp\/v2\/media?parent=14313"}],"wp:term":[{"taxonomy":"category","embeddable":true,"href":"https:\/\/www.promendoza.com\/en\/wp-json\/wp\/v2\/categories?post=14313"},{"taxonomy":"post_tag","embeddable":true,"href":"https:\/\/www.promendoza.com\/en\/wp-json\/wp\/v2\/tags?post=14313"}],"curies":[{"name":"wp","href":"https:\/\/api.w.org\/{rel}","templated":true}]}}