{"id":14396,"date":"2024-08-06T10:36:00","date_gmt":"2024-08-06T13:36:00","guid":{"rendered":"https:\/\/www.promendoza.com\/es\/?p=14396"},"modified":"2024-08-08T12:13:00","modified_gmt":"2024-08-08T15:13:00","slug":"desde-promendoza-celebramos-28-anos-con-una-capacitacion-para-pymes","status":"publish","type":"post","link":"https:\/\/www.promendoza.com\/en\/desde-promendoza-celebramos-28-anos-con-una-capacitacion-para-pymes\/","title":{"rendered":"Celebramos nuestros 28 a\u00f1os con una capacitaci\u00f3n para las PyMEs"},"content":{"rendered":"<style type=\"text\/css\"><\/style>\n<figure class=\"wp-block-image\"><img alt=\"\"\/><\/figure>\n\n\n\n<p><strong>Este 6 de agosto, cumplimos 28 a\u00f1os y lo celebramos junto a referentes de PyMes de Mendoza a quienes convocamos para una capacitaci\u00f3n gratuita sobre \u201cstorytelling\u201d para que sumen herramientas para poder comunicar mejor quienes son y qu\u00e9 hacen.<\/strong><\/p>\n\n\n\n<p><br>El disertante fue el Mgster Esteban Ruiz, quien tiene m\u00e1s de 20 a\u00f1os de experiencia en el rubro de la comunicaci\u00f3n y es due\u00f1o de Retina, una de las organizaciones m\u00e1s destacadas del sector. Adem\u00e1s el evento cont\u00f3 con la colaboraci\u00f3n del Grupo Bonarda que desde la Zona Este se sum\u00f3 con sus mejores etiquetas de vinos que sum\u00f3 a la Semana del Bonarda este evento.&nbsp;<\/p>\n\n\n\n<p><br>&nbsp;\u201cProMendoza renueva su compromiso de brindar servicios adecuados a las necesidades de los que apuestan por la Provincia, apoyando su proceso de internacionalizaci\u00f3n, sumando nuevos programas para incrementar la oferta exportable con mayor valor agregado, promoviendo la participaci\u00f3n de todos los actores econ\u00f3micos y atendiendo las necesidades de los diferentes sectores de la producci\u00f3n\u201d, indic\u00f3 Patricia Gim\u00e9nez, gerente de la fundaci\u00f3n ProMendoza y presidente de la Unidad que lleva el mismo nombre, en su palabras de bienvenida.<br><\/p>\n\n\n\n<p>Luego fue el momento del disertante quien resumi\u00f3: \u201cSi sos emprendedor, ten\u00e9s una empresa o busc\u00e1s comunicar tu marca personal, seguramente te has preguntado c\u00f3mo llegar a tus clientes, c\u00f3mo lograr que te escuchen y te recuerden y c\u00f3mo diferenciarte. El storytelling es la herramienta que se encarga de contar historias que capturen la atenci\u00f3n y mantengan el inter\u00e9s de la audiencia, despertando emociones y sensaciones vinculadas al contenido trasmitido, adem\u00e1s de presentar un mensaje claro\u201d.<\/p>\n\n\n\n<p><strong>Un poco de historia<\/strong><\/p>\n\n\n\n<p>Hace 28 a\u00f1os, representantes del Gobierno de Mendoza, la Uni\u00f3n Comercial e Industrial de Mendoza (UCIM), la Bolsa de Comercio de Mendoza y la Federaci\u00f3n Econ\u00f3mica de Mendoza (FEM) decidieron sumar esfuerzos para construir en conjunto un organismo p\u00fablico- privado, dedicado al comercio internacional de la Provincia.&nbsp;<br>As\u00ed naci\u00f3 el 6 de agosto de 1996 Fundaci\u00f3n ProMendoza, asumiendo un reto in\u00e9dito en la vida institucional de la provincia: insertarla en el globalizado y cambiante contexto internacional, con la decisi\u00f3n de mejorar la competitividad de las empresas, asistir al desarrollo del perfil exportador de las empresas regionales, incrementar el crecimiento de sus exportaciones y la promoci\u00f3n del comercio exterior.<br>En diciembre de 2023, el Gobernador Alfredo Cornejo cre\u00f3 la Unidad ProMendoza, d\u00e1ndole rango ministerial al organismo, a fin de poner en valor el comercio exterior de la provincia.<br>La Ley estipula que dicha Unidad tendr\u00e1 bajo su responsabilidad primordial la formulaci\u00f3n de las pol\u00edticas de internacionalizaci\u00f3n de la producci\u00f3n de la Provincia, la promoci\u00f3n de inversiones y la promoci\u00f3n comercial de la provincia en foros y organismos internacionales.&nbsp;<\/p>\n\n\n\n<p><strong>Crecimiento sostenido en el tiempo<\/strong><\/p>\n\n\n\n<p>Desde ProMendoza desarrollamos una importante labor territorial, impulsando la difusi\u00f3n de informaci\u00f3n, el dise\u00f1o y la ejecuci\u00f3n de programas de promoci\u00f3n comercial y la atracci\u00f3n de inversiones. Actualmente contamos con una oficina central y 3 sedes en los principales oasis productivos: Este, Sur y Valle de Uco.<br>\u201cImpulsamos proyectos de cooperaci\u00f3n entre regiones para insertarse en los diferentes mercados en forma conjunta, trabajando con herramientas adecuadas para facilitar la inserci\u00f3n internacional.&nbsp; Otro de los grandes ejes y desaf\u00edos que tenemos es el de atraer nuevas inversiones a la provincia\u201d, agreg\u00f3 Gim\u00e9nez.&nbsp;<\/p>\n\n\n\n<p><strong>Algunos n\u00fameros<\/strong><\/p>\n\n\n\n<p>En estos 28 a\u00f1os en ProMendoza hemos concretado 170 misiones comerciales, m\u00e1s de 380 participaciones en ferias, m\u00e1s 250 rondas inversas de negocios, 300 capacitaciones a empresas sobre temas relacionados a las exportaciones, y hemos generado millones de d\u00f3lares FOB en negocios con el exterior.<br>En los \u00faltimos a\u00f1os, los principales destinos de exportaci\u00f3n de Mendoza han sido Brasil, EE. UU., Reino Unido, Chile, Espa\u00f1a, Canad\u00e1, M\u00e9xico, China, Uruguay y Pa\u00edses Bajos.<br>Las exportaciones, en 1996, &nbsp;consist\u00edan en un 50% s\u00f3lo en gas y petr\u00f3leo. El resto estaba concentrada en otros productos o servicios que se generaban en&nbsp; pocas empresas. En estos a\u00f1os se han superado los 1800 millones de d\u00f3lares en exportaciones, diversificados en m\u00e1s de 700 pymes.<br><br><strong>Otras actividades por el mes aniversario<\/strong><\/p>\n\n\n\n<p>&nbsp;Durante este mes tambi\u00e9n desarrollaremos otras actividades importantes para fomentar el comercio exterior de las empresas mendocinas. Esta semana, organizamos de una importante agenda de negocios de un reconocido importador de Brasil. Se trata de Fecoagro que es la Federaci\u00f3n de Cooperativas de Alimentos de Brasil. Con m\u00e1s de 48 a\u00f1os de trayectoria, re\u00fane a 10 cooperativas \u00fanicas y una cooperativa central, que emplean de manera conjunta a 56 mil personas y cuentan con m\u00e1s de 71 mil socios en su planilla. Uno de sus principales funcionarios recorre la provincia conociendo empresas que quieren llevar sus productos a ese pa\u00eds.<br>Tambi\u00e9n, realizaremos en paralelo un foro para desarrollar negocios con Ecuador. La exposici\u00f3n estar\u00e1 a cargo de la consejera comercial de Ecuador en Argentina, Elizabeth Barsallo, y contar\u00e1 con la presencia de la c\u00f3nsul honoraria de Ecuador en Mendoza, Bernardita Romero Kramarenko, adem\u00e1s de t\u00e9cnicos de nuestra instituci\u00f3n y su titular, Patricia Gim\u00e9nez.<\/p>\n\n\n\n<figure class=\"wp-block-gallery columns-3 is-cropped\"><ul class=\"blocks-gallery-grid\"><li class=\"blocks-gallery-item\"><figure><img loading=\"lazy\" width=\"1024\" height=\"684\" src=\"https:\/\/www.promendoza.com\/wp-content\/uploads\/2024\/08\/DSC_6786-1024x684.jpg\" alt=\"\" data-id=\"14432\" data-link=\"https:\/\/www.promendoza.com\/es\/?attachment_id=14432\" class=\"wp-image-14432\" srcset=\"https:\/\/www.promendoza.com\/wp-content\/uploads\/2024\/08\/DSC_6786-1024x684.jpg 1024w, https:\/\/www.promendoza.com\/wp-content\/uploads\/2024\/08\/DSC_6786-300x200.jpg 300w, https:\/\/www.promendoza.com\/wp-content\/uploads\/2024\/08\/DSC_6786-768x513.jpg 768w, https:\/\/www.promendoza.com\/wp-content\/uploads\/2024\/08\/DSC_6786-1536x1025.jpg 1536w, https:\/\/www.promendoza.com\/wp-content\/uploads\/2024\/08\/DSC_6786-2048x1367.jpg 2048w, https:\/\/www.promendoza.com\/wp-content\/uploads\/2024\/08\/DSC_6786-580x387.jpg 580w, https:\/\/www.promendoza.com\/wp-content\/uploads\/2024\/08\/DSC_6786-820x547.jpg 820w, https:\/\/www.promendoza.com\/wp-content\/uploads\/2024\/08\/DSC_6786-1160x774.jpg 1160w\" sizes=\"(max-width: 1024px) 100vw, 1024px\" \/><\/figure><\/li><li class=\"blocks-gallery-item\"><figure><img loading=\"lazy\" width=\"1024\" height=\"683\" src=\"https:\/\/www.promendoza.com\/wp-content\/uploads\/2024\/08\/DSC_6849-1024x683.jpg\" alt=\"\" data-id=\"14433\" data-link=\"https:\/\/www.promendoza.com\/es\/?attachment_id=14433\" class=\"wp-image-14433\" srcset=\"https:\/\/www.promendoza.com\/wp-content\/uploads\/2024\/08\/DSC_6849-1024x683.jpg 1024w, https:\/\/www.promendoza.com\/wp-content\/uploads\/2024\/08\/DSC_6849-300x200.jpg 300w, https:\/\/www.promendoza.com\/wp-content\/uploads\/2024\/08\/DSC_6849-768x512.jpg 768w, https:\/\/www.promendoza.com\/wp-content\/uploads\/2024\/08\/DSC_6849-1536x1024.jpg 1536w, https:\/\/www.promendoza.com\/wp-content\/uploads\/2024\/08\/DSC_6849-2048x1365.jpg 2048w, https:\/\/www.promendoza.com\/wp-content\/uploads\/2024\/08\/DSC_6849-580x387.jpg 580w, https:\/\/www.promendoza.com\/wp-content\/uploads\/2024\/08\/DSC_6849-820x547.jpg 820w, https:\/\/www.promendoza.com\/wp-content\/uploads\/2024\/08\/DSC_6849-1160x773.jpg 1160w\" sizes=\"(max-width: 1024px) 100vw, 1024px\" \/><\/figure><\/li><li class=\"blocks-gallery-item\"><figure><img loading=\"lazy\" width=\"1024\" height=\"684\" src=\"https:\/\/www.promendoza.com\/wp-content\/uploads\/2024\/08\/DSC_6860-1024x684.jpg\" alt=\"\" data-id=\"14434\" data-link=\"https:\/\/www.promendoza.com\/es\/?attachment_id=14434\" class=\"wp-image-14434\" srcset=\"https:\/\/www.promendoza.com\/wp-content\/uploads\/2024\/08\/DSC_6860-1024x684.jpg 1024w, https:\/\/www.promendoza.com\/wp-content\/uploads\/2024\/08\/DSC_6860-300x200.jpg 300w, https:\/\/www.promendoza.com\/wp-content\/uploads\/2024\/08\/DSC_6860-768x513.jpg 768w, https:\/\/www.promendoza.com\/wp-content\/uploads\/2024\/08\/DSC_6860-1536x1025.jpg 1536w, https:\/\/www.promendoza.com\/wp-content\/uploads\/2024\/08\/DSC_6860-2048x1367.jpg 2048w, https:\/\/www.promendoza.com\/wp-content\/uploads\/2024\/08\/DSC_6860-580x387.jpg 580w, https:\/\/www.promendoza.com\/wp-content\/uploads\/2024\/08\/DSC_6860-820x547.jpg 820w, https:\/\/www.promendoza.com\/wp-content\/uploads\/2024\/08\/DSC_6860-1160x774.jpg 1160w\" sizes=\"(max-width: 1024px) 100vw, 1024px\" \/><\/figure><\/li><li class=\"blocks-gallery-item\"><figure><img loading=\"lazy\" width=\"1024\" height=\"768\" src=\"https:\/\/www.promendoza.com\/wp-content\/uploads\/2024\/08\/20240806_195408-1024x768.jpg\" alt=\"\" data-id=\"14435\" data-full-url=\"https:\/\/www.promendoza.com\/wp-content\/uploads\/2024\/08\/20240806_195408-scaled.jpg\" data-link=\"https:\/\/www.promendoza.com\/es\/?attachment_id=14435\" class=\"wp-image-14435\" srcset=\"https:\/\/www.promendoza.com\/wp-content\/uploads\/2024\/08\/20240806_195408-1024x768.jpg 1024w, https:\/\/www.promendoza.com\/wp-content\/uploads\/2024\/08\/20240806_195408-300x225.jpg 300w, https:\/\/www.promendoza.com\/wp-content\/uploads\/2024\/08\/20240806_195408-768x576.jpg 768w, https:\/\/www.promendoza.com\/wp-content\/uploads\/2024\/08\/20240806_195408-1536x1152.jpg 1536w, https:\/\/www.promendoza.com\/wp-content\/uploads\/2024\/08\/20240806_195408-2048x1536.jpg 2048w, https:\/\/www.promendoza.com\/wp-content\/uploads\/2024\/08\/20240806_195408-580x435.jpg 580w, https:\/\/www.promendoza.com\/wp-content\/uploads\/2024\/08\/20240806_195408-820x615.jpg 820w, https:\/\/www.promendoza.com\/wp-content\/uploads\/2024\/08\/20240806_195408-1160x870.jpg 1160w\" sizes=\"(max-width: 1024px) 100vw, 1024px\" \/><\/figure><\/li><li class=\"blocks-gallery-item\"><figure><img loading=\"lazy\" width=\"1024\" height=\"768\" src=\"https:\/\/www.promendoza.com\/wp-content\/uploads\/2024\/08\/20240806_195439-1024x768.jpg\" alt=\"\" data-id=\"14436\" data-full-url=\"https:\/\/www.promendoza.com\/wp-content\/uploads\/2024\/08\/20240806_195439-scaled.jpg\" data-link=\"https:\/\/www.promendoza.com\/es\/?attachment_id=14436\" class=\"wp-image-14436\" srcset=\"https:\/\/www.promendoza.com\/wp-content\/uploads\/2024\/08\/20240806_195439-1024x768.jpg 1024w, https:\/\/www.promendoza.com\/wp-content\/uploads\/2024\/08\/20240806_195439-300x225.jpg 300w, https:\/\/www.promendoza.com\/wp-content\/uploads\/2024\/08\/20240806_195439-768x576.jpg 768w, https:\/\/www.promendoza.com\/wp-content\/uploads\/2024\/08\/20240806_195439-1536x1152.jpg 1536w, https:\/\/www.promendoza.com\/wp-content\/uploads\/2024\/08\/20240806_195439-2048x1536.jpg 2048w, https:\/\/www.promendoza.com\/wp-content\/uploads\/2024\/08\/20240806_195439-580x435.jpg 580w, https:\/\/www.promendoza.com\/wp-content\/uploads\/2024\/08\/20240806_195439-820x615.jpg 820w, https:\/\/www.promendoza.com\/wp-content\/uploads\/2024\/08\/20240806_195439-1160x870.jpg 1160w\" sizes=\"(max-width: 1024px) 100vw, 1024px\" \/><\/figure><\/li><li class=\"blocks-gallery-item\"><figure><img loading=\"lazy\" width=\"1024\" height=\"768\" src=\"https:\/\/www.promendoza.com\/wp-content\/uploads\/2024\/08\/20240806_195505-1024x768.jpg\" alt=\"\" data-id=\"14438\" data-full-url=\"https:\/\/www.promendoza.com\/wp-content\/uploads\/2024\/08\/20240806_195505-scaled.jpg\" data-link=\"https:\/\/www.promendoza.com\/es\/?attachment_id=14438\" class=\"wp-image-14438\" srcset=\"https:\/\/www.promendoza.com\/wp-content\/uploads\/2024\/08\/20240806_195505-1024x768.jpg 1024w, https:\/\/www.promendoza.com\/wp-content\/uploads\/2024\/08\/20240806_195505-300x225.jpg 300w, https:\/\/www.promendoza.com\/wp-content\/uploads\/2024\/08\/20240806_195505-768x576.jpg 768w, https:\/\/www.promendoza.com\/wp-content\/uploads\/2024\/08\/20240806_195505-1536x1152.jpg 1536w, https:\/\/www.promendoza.com\/wp-content\/uploads\/2024\/08\/20240806_195505-2048x1536.jpg 2048w, https:\/\/www.promendoza.com\/wp-content\/uploads\/2024\/08\/20240806_195505-580x435.jpg 580w, https:\/\/www.promendoza.com\/wp-content\/uploads\/2024\/08\/20240806_195505-820x615.jpg 820w, https:\/\/www.promendoza.com\/wp-content\/uploads\/2024\/08\/20240806_195505-1160x870.jpg 1160w\" sizes=\"(max-width: 1024px) 100vw, 1024px\" \/><\/figure><\/li><li class=\"blocks-gallery-item\"><figure><img src=\"blob:https:\/\/www.promendoza.com\/c996d818-478e-4405-860a-d6eff1c03d4f\" data-id=\"\"\/><\/figure><\/li><li class=\"blocks-gallery-item\"><figure><img src=\"blob:https:\/\/www.promendoza.com\/e3eee4ff-84cf-439a-b4b5-886510cdbc4b\" data-id=\"\"\/><\/figure><\/li><li class=\"blocks-gallery-item\"><figure><img src=\"blob:https:\/\/www.promendoza.com\/f2e46299-2a3b-4b27-bdc8-1fa6c9ac4223\" data-id=\"\"\/><\/figure><\/li><\/ul><\/figure>\n\n\n\n<p><\/p>\n","protected":false},"excerpt":{"rendered":"<p>Este 6 de agosto, cumplimos 28 a\u00f1os y lo celebramos junto a referentes de PyMes de Mendoza a quienes convocamos para una capacitaci\u00f3n gratuita sobre \u201cstorytelling\u201d para que sumen herramientas&#8230;<\/p>\n","protected":false},"author":1,"featured_media":14431,"comment_status":"closed","ping_status":"closed","sticky":false,"template":"","format":"image","meta":[],"categories":[107,54],"tags":[],"_links":{"self":[{"href":"https:\/\/www.promendoza.com\/en\/wp-json\/wp\/v2\/posts\/14396"}],"collection":[{"href":"https:\/\/www.promendoza.com\/en\/wp-json\/wp\/v2\/posts"}],"about":[{"href":"https:\/\/www.promendoza.com\/en\/wp-json\/wp\/v2\/types\/post"}],"author":[{"embeddable":true,"href":"https:\/\/www.promendoza.com\/en\/wp-json\/wp\/v2\/users\/1"}],"replies":[{"embeddable":true,"href":"https:\/\/www.promendoza.com\/en\/wp-json\/wp\/v2\/comments?post=14396"}],"version-history":[{"count":8,"href":"https:\/\/www.promendoza.com\/en\/wp-json\/wp\/v2\/posts\/14396\/revisions"}],"predecessor-version":[{"id":14462,"href":"https:\/\/www.promendoza.com\/en\/wp-json\/wp\/v2\/posts\/14396\/revisions\/14462"}],"wp:featuredmedia":[{"embeddable":true,"href":"https:\/\/www.promendoza.com\/en\/wp-json\/wp\/v2\/media\/14431"}],"wp:attachment":[{"href":"https:\/\/www.promendoza.com\/en\/wp-json\/wp\/v2\/media?parent=14396"}],"wp:term":[{"taxonomy":"category","embeddable":true,"href":"https:\/\/www.promendoza.com\/en\/wp-json\/wp\/v2\/categories?post=14396"},{"taxonomy":"post_tag","embeddable":true,"href":"https:\/\/www.promendoza.com\/en\/wp-json\/wp\/v2\/tags?post=14396"}],"curies":[{"name":"wp","href":"https:\/\/api.w.org\/{rel}","templated":true}]}}