{"id":14410,"date":"2024-08-02T15:20:02","date_gmt":"2024-08-02T18:20:02","guid":{"rendered":"https:\/\/www.promendoza.com\/es\/?p=14410"},"modified":"2024-08-02T15:21:19","modified_gmt":"2024-08-02T18:21:19","slug":"foro-virtual-para-desarrollar-negocios-con-ecuador","status":"publish","type":"post","link":"https:\/\/www.promendoza.com\/en\/foro-virtual-para-desarrollar-negocios-con-ecuador\/","title":{"rendered":"Foro virtual para desarrollar negocios con Ecuador"},"content":{"rendered":"<style type=\"text\/css\"><\/style>\n<figure class=\"wp-block-image\"><img alt=\"\"\/><\/figure>\n\n\n\n<h5>El encuentro ser\u00e1 virtual y se desarrollar\u00e1 el pr\u00f3ximo viernes 9 de agosto. La actividad no tiene costo, pero se requiere inscripci\u00f3n previa.<\/h5>\n\n\n\n<p>ProMendoza y Pro Ecuador invitan a referentes de pymes locales a participar de un foro para conocer informaci\u00f3n clave para desarrollar negocios con Ecuador.<\/p>\n\n\n\n<p>La exposici\u00f3n estar\u00e1 a cargo de la consejera comercial de Ecuador en Argentina, Elizabeth Barsallo, y contar\u00e1 con la presencia de la c\u00f3nsul honoraria de Ecuador en Mendoza, Bernardita Romero Kramarenko, adem\u00e1s de t\u00e9cnicos de ProMendoza y su titular Patricia Gim\u00e9nez.<\/p>\n\n\n\n<p>En la oportunidad, Maximiliano Campanella y Mat\u00edas Benegas, de la empresa mendocina de servicios Embarca, contar\u00e1n su experiencia en alianzas y negocios con ese pa\u00eds. La charla ser\u00e1 una excelente oportunidad para conocer de primera mano c\u00f3mo empezar a hacer negocios con all\u00ed.<\/p>\n\n\n\n<p>El encuentro ser\u00e1 virtual y se desarrollar\u00e1 el pr\u00f3ximo viernes 9 de agosto de 12 a 13.30. La actividad no tiene costo, pero se requiere inscripci\u00f3n previa completando un formulario en el siguiente link:&nbsp;<a href=\"http:\/\/bit.ly\/NegociosConEcuadorInscripciones\">bit.ly\/NegociosConEcuadorInscripciones<\/a>.<\/p>\n\n\n\n<p><strong>Ecuador como destino de negocios<\/strong><\/p>\n\n\n\n<p>Ecuador tiene una poblaci\u00f3n de m\u00e1s de 18 millones de habitantes y un PBI per c\u00e1pita de 6500 d\u00f3lares.<\/p>\n\n\n\n<p>Argentina se ubica en el top ten de pa\u00edses que exportan al Ecuador. Representa el 2,5% de las importaciones de ese pa\u00eds, superado por China, Estados Unidos, Colombia y Brasil, entre otros.<\/p>\n\n\n\n<p>Durante 2023, Mendoza export\u00f3 a ese pa\u00eds diversos productos primarios y tambi\u00e9n manufacturas de origen industrial y agropecuario por un valor cercano a los 10 millones de d\u00f3lares.<\/p>\n\n\n\n<p>Entre los principales productos primarios enviados se encuentran manzanas y peras. Tambi\u00e9n se exportaron aceitunas, frutas secas, pasta de frutas, legumbres, hortalizas y, por supuesto, vino.<\/p>\n","protected":false},"excerpt":{"rendered":"<p>El encuentro ser\u00e1 virtual y se desarrollar\u00e1 el pr\u00f3ximo viernes 9 de agosto. La actividad no tiene costo, pero se requiere inscripci\u00f3n previa. ProMendoza y Pro Ecuador invitan a referentes&#8230;<\/p>\n","protected":false},"author":1,"featured_media":14411,"comment_status":"closed","ping_status":"closed","sticky":false,"template":"","format":"image","meta":[],"categories":[110],"tags":[],"_links":{"self":[{"href":"https:\/\/www.promendoza.com\/en\/wp-json\/wp\/v2\/posts\/14410"}],"collection":[{"href":"https:\/\/www.promendoza.com\/en\/wp-json\/wp\/v2\/posts"}],"about":[{"href":"https:\/\/www.promendoza.com\/en\/wp-json\/wp\/v2\/types\/post"}],"author":[{"embeddable":true,"href":"https:\/\/www.promendoza.com\/en\/wp-json\/wp\/v2\/users\/1"}],"replies":[{"embeddable":true,"href":"https:\/\/www.promendoza.com\/en\/wp-json\/wp\/v2\/comments?post=14410"}],"version-history":[{"count":2,"href":"https:\/\/www.promendoza.com\/en\/wp-json\/wp\/v2\/posts\/14410\/revisions"}],"predecessor-version":[{"id":14413,"href":"https:\/\/www.promendoza.com\/en\/wp-json\/wp\/v2\/posts\/14410\/revisions\/14413"}],"wp:featuredmedia":[{"embeddable":true,"href":"https:\/\/www.promendoza.com\/en\/wp-json\/wp\/v2\/media\/14411"}],"wp:attachment":[{"href":"https:\/\/www.promendoza.com\/en\/wp-json\/wp\/v2\/media?parent=14410"}],"wp:term":[{"taxonomy":"category","embeddable":true,"href":"https:\/\/www.promendoza.com\/en\/wp-json\/wp\/v2\/categories?post=14410"},{"taxonomy":"post_tag","embeddable":true,"href":"https:\/\/www.promendoza.com\/en\/wp-json\/wp\/v2\/tags?post=14410"}],"curies":[{"name":"wp","href":"https:\/\/api.w.org\/{rel}","templated":true}]}}