{"id":14527,"date":"2024-09-09T14:55:39","date_gmt":"2024-09-09T17:55:39","guid":{"rendered":"https:\/\/www.promendoza.com\/es\/?p=14527"},"modified":"2024-09-09T14:56:02","modified_gmt":"2024-09-09T17:56:02","slug":"promendoza-convoca-a-bodegas-para-una-ronda-inversa-de-vinos","status":"publish","type":"post","link":"https:\/\/www.promendoza.com\/en\/promendoza-convoca-a-bodegas-para-una-ronda-inversa-de-vinos\/","title":{"rendered":"ProMendoza convoca a bodegas para una Ronda Inversa de Vinos"},"content":{"rendered":"<style type=\"text\/css\"><\/style>\n<figure class=\"wp-block-image\"><img alt=\"\"\/><\/figure>\n\n\n\n<p>Hasta el 13 de septiembre est\u00e1 abierta la inscripci\u00f3n a la \u201cRonda de Negocios de las Am\u00e9ricas&#8221;, que organiza ProMendoza y tendr\u00e1 lugar entre el 15 y 17 de octubre en el Espacio Arizu de Godoy Cruz y en Tunuy\u00e1n.<br>Se trata de una ronda inversa de negocios en donde importadores y distribuidores de Estados Unidos, Brasil, Per\u00fa, M\u00e9xico, Aruba, Paraguay y Bolivia recorrer\u00e1n Mendoza y durante tres jornadas se reunir\u00e1n con representantes de bodegas de Mendoza que quieran exportar a esos mercados.<br>Atendiendo a la federalizaci\u00f3n del evento, se dividir\u00e1n las jornadas de negocios. Habr\u00e1 una jornada para bodegas del Este y del Gran Mendoza y otra para las del Valle de Uco y Regi\u00f3n Sur.<br>La Ronda est\u00e1 organizada por el Gobierno de Mendoza, el Consejo Federal de Inversiones y ProMendoza, con la colaboraci\u00f3n de la Corporaci\u00f3n Vitivin\u00edcola Argentina (COVIAR), la C\u00e1mara Argentina de Vino a Granel y C\u00e1mara de Productores y Exportadores de Mosto.<\/p>\n\n\n\n<p>En detalle<br>El 15 y 16 de octubre la Ronda ser\u00e1 en el Espacio Arizu, de Godoy Cruz, para bodegas de los oasis Este y Norte. En tanto que el 17 de octubre se har\u00e1 en el Hotel Fuente Mayor, de Tunuy\u00e1n, para bodegas de los oasis del Valle de Uco.<br>El cupo es limitado y el costo de participaci\u00f3n es de: $300.000,00 e incluye:5 reuniones con importadores.<\/p>\n\n\n\n<p>Criterios de selecci\u00f3n de bodegas<br>La inscripci\u00f3n es para cualquier bodega mendocina, pero el cupo es limitado. Tendr\u00e1n prioridad aquellas pymes que se inscriban y paguen en tiempo y forma, que no cuenten con importadores en Latinoam\u00e9rica ni en EE. UU. o que sean parte del programa AGIL NEX de ProMendoza.<br>Para mayor informaci\u00f3n e inscripciones ingresar a bit.ly\/RondaDeLasAm\u00e9ricas. Tambi\u00e9n pueden escribir a Javier Rojas &#8211; jrojas@promendoza.com o Gustavo Calandra &#8211; gcalandra@promendoza.com.<\/p>\n","protected":false},"excerpt":{"rendered":"<p>Hasta el 13 de septiembre est\u00e1 abierta la inscripci\u00f3n a la \u201cRonda de Negocios de las Am\u00e9ricas&#8221;, que organiza ProMendoza y tendr\u00e1 lugar entre el 15 y 17 de octubre&#8230;<\/p>\n","protected":false},"author":1,"featured_media":14528,"comment_status":"closed","ping_status":"closed","sticky":false,"template":"","format":"image","meta":[],"categories":[52],"tags":[],"_links":{"self":[{"href":"https:\/\/www.promendoza.com\/en\/wp-json\/wp\/v2\/posts\/14527"}],"collection":[{"href":"https:\/\/www.promendoza.com\/en\/wp-json\/wp\/v2\/posts"}],"about":[{"href":"https:\/\/www.promendoza.com\/en\/wp-json\/wp\/v2\/types\/post"}],"author":[{"embeddable":true,"href":"https:\/\/www.promendoza.com\/en\/wp-json\/wp\/v2\/users\/1"}],"replies":[{"embeddable":true,"href":"https:\/\/www.promendoza.com\/en\/wp-json\/wp\/v2\/comments?post=14527"}],"version-history":[{"count":2,"href":"https:\/\/www.promendoza.com\/en\/wp-json\/wp\/v2\/posts\/14527\/revisions"}],"predecessor-version":[{"id":14530,"href":"https:\/\/www.promendoza.com\/en\/wp-json\/wp\/v2\/posts\/14527\/revisions\/14530"}],"wp:featuredmedia":[{"embeddable":true,"href":"https:\/\/www.promendoza.com\/en\/wp-json\/wp\/v2\/media\/14528"}],"wp:attachment":[{"href":"https:\/\/www.promendoza.com\/en\/wp-json\/wp\/v2\/media?parent=14527"}],"wp:term":[{"taxonomy":"category","embeddable":true,"href":"https:\/\/www.promendoza.com\/en\/wp-json\/wp\/v2\/categories?post=14527"},{"taxonomy":"post_tag","embeddable":true,"href":"https:\/\/www.promendoza.com\/en\/wp-json\/wp\/v2\/tags?post=14527"}],"curies":[{"name":"wp","href":"https:\/\/api.w.org\/{rel}","templated":true}]}}