{"id":14566,"date":"2024-09-28T10:05:46","date_gmt":"2024-09-28T13:05:46","guid":{"rendered":"https:\/\/www.promendoza.com\/es\/?p=14566"},"modified":"2025-06-11T11:02:01","modified_gmt":"2025-06-11T14:02:01","slug":"promendoza-fortalece-vinculos-con-peru-para-impulsar-inversiones-y-comercio","status":"publish","type":"post","link":"https:\/\/www.promendoza.com\/en\/promendoza-fortalece-vinculos-con-peru-para-impulsar-inversiones-y-comercio\/","title":{"rendered":"ProMendoza fortalece v\u00ednculos con Per\u00fa para impulsar inversiones y comercio"},"content":{"rendered":"<style type=\"text\/css\"><\/style>\n<figure class=\"wp-block-image\"><img alt=\"\"\/><\/figure>\n\n\n\n<h1><\/h1>\n\n\n\n<h5>Adem\u00e1s de acompa\u00f1ar a las pymes mendocinas en la Expoalimentaria 2024 que se realiz\u00f3 en Lima, la titular de la entidad, Patricia Gim\u00e9nez, mantuvo reuniones clave con referentes econ\u00f3micos de aquel pa\u00eds para dar a conocer lo que nuestra provincia ofrece en materia de bienes y servicios, adem\u00e1s de resaltar las oportunidades de inversi\u00f3n en nuestra provincia.<\/h5>\n\n\n\n<p>La titular de la Unidad ProMendoza, Patricia Gim\u00e9nez, viaj\u00f3 esta semana a Per\u00fa para acompa\u00f1ar a pymes mendocinas en una de las ferias m\u00e1s importantes de la regi\u00f3n: Expoalimentaria 2024. En paralelo, mantuvo reuniones clave con referentes econ\u00f3micos de aquel pa\u00eds. El objetivo fue mostrar todo lo que Mendoza ofrece en materia de bienes y servicios, adem\u00e1s de resaltar las oportunidades de inversi\u00f3n en nuestra provincia.<\/p>\n\n\n\n<p>En la Embajada Argentina en Per\u00fa, Gim\u00e9nez junto a la encargada de Atracci\u00f3n de Inversiones, Noelia de la Rosa, y Guillermo Mart\u00ednez del sector de Manufacturas de Origen Industrial, se reunieron con el embajador argentino en Lima Samuel Ortiz Basualdo, miembros de la C\u00e1mara de Comercio de la regi\u00f3n de Ica y de la Universidad Privada de San Juan Bautista, y con Arturo Rosadio Quevedo, director del Centro de Innovaci\u00f3n Productiva y Transferencia Tecnol\u00f3gica Agroindustrial CITEagroindustrial.<\/p>\n\n\n\n<p>Durante este encuentro, fijaron ejes de trabajo y objetivos enfocados en abastecer la demanda de maquinarias, servicios e insumos para la industria vitivin\u00edcola y pisquera de la regi\u00f3n. Asimismo, exploraron la posibilidad de vincular a empresas mendocinas proveedoras de productos y servicios en el rubro minero para que incorporen el&nbsp;<em>know how<\/em>&nbsp;de sus pares peruanas para aplicar en Mendoza. Adem\u00e1s, se mostraron proyectos de inversi\u00f3n en la provincia.<\/p>\n\n\n\n<p>Luego, Patricia Gim\u00e9nez fue recibida por autoridades de la Sociedad Nacional de Industrias de Per\u00fa, donde se establecieron lazos de vinculaci\u00f3n institucional que favorecer\u00e1n el flujo comercial entre Mendoza y aquel pa\u00eds. Se acordaron l\u00edneas de trabajo por sectores, tomando como ejemplo la cooperaci\u00f3n t\u00e9cnica que se hizo en la industria del durazno. Adem\u00e1s, se present\u00f3 el r\u00e9gimen de incentivos a grandes inversiones para promover la llegada de inversiones a Mendoza.<\/p>\n\n\n\n<p>\u201cTambi\u00e9n, pero dentro del marco de la feria Expoalimentaria, tuvimos una reuni\u00f3n con Carmen Robatty, Presidenta del comit\u00e9 del pisco de la Asociaci\u00f3n de Exportadores del Per\u00fa, Presidenta de las Damas del Pisco &#038; Vino y miembro del Comit\u00e9 de Pisco de la C\u00e1mara de Comercio de Ica. Juntos, estamos planificando acciones para potenciar la venta de insumos y maquinarias mendocinas en la industria del pisco\u201d, inform\u00f3 la titular de ProMendoza y coment\u00f3 que esa asociaci\u00f3n de productores tiene planes de visitar Mendoza para aprender sobre la cultura del enoturismo y llevar esas experiencias a la regi\u00f3n de Ica.<\/p>\n\n\n\n<p>\u201cCreemos que nuestras dos industrias principales tienen mucho por compartir y para potenciarse Hemos concluido una agenda de internacionalizaci\u00f3n de la provincia en uno de los pa\u00edses hermanos de Argentina. ProMendoza contin\u00faa trabajando para fortalecer la colaboraci\u00f3n y generar oportunidades que beneficien a nuestra provincia. Volvemos de Per\u00fa con muchas expectativas\u201d, concluy\u00f3 la funcionaria.<\/p>\n","protected":false},"excerpt":{"rendered":"<p>Adem\u00e1s de acompa\u00f1ar a las pymes mendocinas en la Expoalimentaria 2024 que se realiz\u00f3 en Lima, la titular de la entidad, Patricia Gim\u00e9nez, mantuvo reuniones clave con referentes econ\u00f3micos de&#8230;<\/p>\n","protected":false},"author":1,"featured_media":14567,"comment_status":"closed","ping_status":"closed","sticky":false,"template":"","format":"image","meta":[],"categories":[96],"tags":[],"_links":{"self":[{"href":"https:\/\/www.promendoza.com\/en\/wp-json\/wp\/v2\/posts\/14566"}],"collection":[{"href":"https:\/\/www.promendoza.com\/en\/wp-json\/wp\/v2\/posts"}],"about":[{"href":"https:\/\/www.promendoza.com\/en\/wp-json\/wp\/v2\/types\/post"}],"author":[{"embeddable":true,"href":"https:\/\/www.promendoza.com\/en\/wp-json\/wp\/v2\/users\/1"}],"replies":[{"embeddable":true,"href":"https:\/\/www.promendoza.com\/en\/wp-json\/wp\/v2\/comments?post=14566"}],"version-history":[{"count":2,"href":"https:\/\/www.promendoza.com\/en\/wp-json\/wp\/v2\/posts\/14566\/revisions"}],"predecessor-version":[{"id":14569,"href":"https:\/\/www.promendoza.com\/en\/wp-json\/wp\/v2\/posts\/14566\/revisions\/14569"}],"wp:featuredmedia":[{"embeddable":true,"href":"https:\/\/www.promendoza.com\/en\/wp-json\/wp\/v2\/media\/14567"}],"wp:attachment":[{"href":"https:\/\/www.promendoza.com\/en\/wp-json\/wp\/v2\/media?parent=14566"}],"wp:term":[{"taxonomy":"category","embeddable":true,"href":"https:\/\/www.promendoza.com\/en\/wp-json\/wp\/v2\/categories?post=14566"},{"taxonomy":"post_tag","embeddable":true,"href":"https:\/\/www.promendoza.com\/en\/wp-json\/wp\/v2\/tags?post=14566"}],"curies":[{"name":"wp","href":"https:\/\/api.w.org\/{rel}","templated":true}]}}