{"id":14755,"date":"2024-10-15T10:18:37","date_gmt":"2024-10-15T13:18:37","guid":{"rendered":"https:\/\/www.promendoza.com\/es\/?p=14755"},"modified":"2024-10-18T10:38:34","modified_gmt":"2024-10-18T13:38:34","slug":"el-gobernador-dio-inicio-a-la-ronda-de-las-americas-un-megaencuentro-vitivinicola-que-se-realiza-en-mendoza","status":"publish","type":"post","link":"https:\/\/www.promendoza.com\/en\/el-gobernador-dio-inicio-a-la-ronda-de-las-americas-un-megaencuentro-vitivinicola-que-se-realiza-en-mendoza\/","title":{"rendered":"El Gobernador dio inicio a la Ronda de las Am\u00e9ricas, un megaencuentro vitivin\u00edcola que se realiza en Mendoza"},"content":{"rendered":"<style type=\"text\/css\"><\/style>\n<figure class=\"wp-block-image\"><img alt=\"\"\/><\/figure>\n\n\n\n<h5>Organizado por ProMendoza y el Consejo Federal de Inversiones (CFI), se realiza en distintas locaciones de la provincia. Participan 78 bodegas de Mendoza y 8 de San Juan, que se reunir\u00e1n con 15 importadores y distribuidores de vinos provenientes de Aruba, Bolivia, Brasil, Estados Unidos, M\u00e9xico, Per\u00fa y Paraguay. Adem\u00e1s, empresarios de Polonia tambi\u00e9n son parte del encuentro.<\/h5>\n\n\n\n<p>El Gobernador Alfredo Cornejo dio inicio a la Ronda de las Am\u00e9ricas, un megaencuentro en el que participan m\u00e1s de 80 bodegas y 15 importadores, y dar\u00e1 lugar a m\u00e1s de 500 reuniones de negocios desde hoy y hasta el jueves. La actividad, organizada por ProMendoza y el Consejo Federal de Inversiones (CFI), tiene como objetivo dinamizar el comercio exterior de las bodegas mendocinas. Por esta raz\u00f3n se desarrollar\u00e1 en distintos escenarios de la provincia.<\/p>\n\n\n\n<p>En el Espacio Arizu tambi\u00e9n estuvieron presentes el intendente de Godoy Cruz, Diego Costarelli; el ministro de Producci\u00f3n y gerente de la Fundaci\u00f3n ProMendoza, Rodolfo Vargas Arizu; la presidenta de la Unidad ProMendoza, Patricia Gim\u00e9nez; el secretario de Coordinaci\u00f3n para el Desarrollo Econ\u00f3mico de San Juan, Alfredo Aciar, autoridades provinciales, representantes de bodegas, importadores, y estudiantes de carreras vinculadas a la industria del vino.<\/p>\n\n\n\n<p>Durante los primeros dos d\u00edas, el Espacio Arizu de Godoy Cruz ser\u00e1 el epicentro de las actividades, recibiendo a bodegas del Este y del Gran Mendoza. El tercer d\u00eda, la acci\u00f3n se trasladar\u00e1 a Tunuy\u00e1n, donde participar\u00e1n empresas del Valle de Uco y del Sur.<\/p>\n\n\n\n<p>En total, participan 78 bodegas de Mendoza y 8 de San Juan, que mantendr\u00e1n reuniones de trabajo con 15 importadores y distribuidores de vinos provenientes de Aruba, Bolivia, Brasil, Estados Unidos, M\u00e9xico, Per\u00fa y Paraguay. Adem\u00e1s, empresarios de Polonia han sido invitados especialmente para esta ocasi\u00f3n.<\/p>\n\n\n\n<p>El Gobernador Cornejo dio la bienvenida a los presentes y augur\u00f3 que este encuentro sirva para lograr beneficios mutuos, tanto para Mendoza como para las empresas y comunidades que representan a quienes participan en esta ronda. \u201cEsta feria nos llena de orgullo porque es la pol\u00edtica que queremos desarrollar, que nuestras pymes puedan vender mucho m\u00e1s de lo que venden hasta aqu\u00ed, que muestren sus productos y ofrecerlos a un p\u00fablico mucho m\u00e1s amplio que el mercado interno\u201d, dijo el mandatario provincial, y explic\u00f3 que para lograr ese objetivo se organiz\u00f3 esta actividad a trav\u00e9s de ProMendoza.<\/p>\n\n\n\n<p>El mandatario remarc\u00f3 que esta instituci\u00f3n es \u201cuna pol\u00edtica de Estado de largos a\u00f1os\u201d, porque los gobiernos pasan pero se mantiene ProMendoza. De todas maneras, explic\u00f3 que siempre se trabaja para reconvertirla, \u201cporque queremos aumentar nuestras exportaciones, independientemente de la macroeconom\u00eda de nuestro pa\u00eds\u201d.<\/p>\n\n\n\n<p>Ante esto, Cornejo asegur\u00f3: \u201cNos hemos propuesto diversas rondas, ferias de distinto tipo, traer gente aqu\u00ed para que vea qu\u00e9 es lo que producimos y pueda comprar mucho mejor de lo que har\u00eda con otras herramientas, otros canales de comercializaci\u00f3n\u201d.<\/p>\n\n\n\n<p><strong>\u201cMendoza puede transformarse en un mayor exportador de lo que ya es\u201d<\/strong><\/p>\n\n\n\n<p>En conferencia de prensa, el Gobernador destac\u00f3 las pol\u00edticas p\u00fablicas que se aplican. \u201cNos gusta mucho esta nueva modalidad que estamos implementando desde ProMendoza, desde el Gobierno de la provincia, que es traer los principales compradores de nuestros productos a Mendoza. Requiere un trabajo de log\u00edstica, de organizaci\u00f3n, pero nos permite unirnos y vernos las caras con nuestros productores, ver los productos, d\u00f3nde los hacen, su calidad y el proceso\u201d.<\/p>\n\n\n\n<p>Adem\u00e1s, el Gobernador asever\u00f3 que, para aumentar exportaciones, se necesita un tipo de cambio favorable y calidad en productos como ajo y ciruelas. \u201cLos principales instrumentos de pol\u00edtica econ\u00f3mica los tiene el Gobierno nacional, no los tienen las provincias\u201d, sostuvo el mandatario, y afirm\u00f3 que \u201ccuando Mendoza ha tenido un tipo de cambio alto, ha crecido y ha tenido buenos momentos con su producci\u00f3n, no solo la del vino sino tambi\u00e9n de otros productos de exportaci\u00f3n\u201d.<\/p>\n\n\n\n<p>Cornejo afirm\u00f3 que \u201csi nos esforzamos en calidad y cantidad para mercados espec\u00edficos, podemos ir de alguna forma independiz\u00e1ndonos de los conflictos macroecon\u00f3micoa\u201d. Y a\u00f1adi\u00f3 que \u201csi hay seguridad jur\u00eddica en la Argentina, si no se cambian las reglas, creo que Mendoza puede transformarse en un mayor exportador de lo que ya es\u201d.<\/p>\n\n\n\n<p>El mandatario tambi\u00e9n agreg\u00f3 que a los compradores los beneficia, porque \u201ccompran un poco m\u00e1s barato de lo que comprar\u00edan con intermediaci\u00f3n\u201d, mientras que a los productores les permite llegar a mercados a los que tendr\u00edan muchas dificultades para llegar. \u201cEs beneficioso para nuestra producci\u00f3n, para nuestras pymes. As\u00ed, asegur\u00f3 que hay varios importadores que ya tienen su canales de comercializaci\u00f3n, lo que beneficia a ambas partes.<\/p>\n\n\n\n<p><strong>Sobre el Pacto de Mayo y la propuesta para ser delegado<\/strong><\/p>\n\n\n\n<p>Durante la conferencia de prensa, el Gobernador habl\u00f3 sobre la posibilidad de ser el representante de los mandatarios provinciales y detall\u00f3 que se trata de \u201cuna propuesta que me han hecho algunos ministros del Gobierno y el propio presidente de la Naci\u00f3n\u201d. Adem\u00e1s, asegur\u00f3 que es algo que lo \u201cllena de orgullo, que piensen en m\u00ed. Hay algunos gobernadores que me han manifestado su apoyo\u201d. Y afirm\u00f3 que \u201ces un tema bastante trabajoso y yo quiero estar concentrado en la gesti\u00f3n de la administraci\u00f3n provincial\u201d.<\/p>\n\n\n\n<p>Acto seguido, Cornejo dej\u00f3 en claro su inter\u00e9s por ser parte del directorio que trabajar\u00e1 en el desarrollo del Pacto de Mayo, y se\u00f1al\u00f3 que \u201cpodr\u00eda hacerlo, pero si realmente los 18 est\u00e1n de acuerdo y si armamos un equipo m\u00e1s integrado\u201d.<\/p>\n\n\n\n<p>En este sentido, subray\u00f3 que quiere que se realice \u201ccon el m\u00e1s alto grado de consenso\u201d. A lo que a\u00f1adi\u00f3 que \u201csi yo represento a 18 gobernadores, que son los que firmaron el Pacto de Mayo, tengo que conversar con todos ellos y hacer reuniones con sus equipos t\u00e9cnicos para hablar en nombre de los 18\u201d.<\/p>\n\n\n\n<p><strong>Nuevo laboratorio para certificar alcohol\u00edmetros<\/strong><\/p>\n\n\n\n<p>Cornejo tambi\u00e9n fue consultado sobre la creaci\u00f3n de un laboratorio para certificar los alcohol\u00edmetros que se utilizan en los controles viales. \u201cPor legislaci\u00f3n nacional, los alcohol\u00edmetros se deben certificar cada seis meses. Ese proceso de certificaci\u00f3n es bastante engorroso, solo lo hace el INTI en un laboratorio lejos de aqu\u00ed. Ayer logramos tener un laboratorio propio en el lugar para que los municipios puedan certificar, cada seis meses, los alcohol\u00edmetros para poder hacer sus controles de rutinas en el tema alcohol en sangre en los conductores\u201d.<\/p>\n\n\n\n<p>El Gobernador sum\u00f3 que este servicio se puede prestar a otras provincias, como San Luis y San Juan, y que estas certificaciones \u201cnos permitir\u00e1n hacer mayores controles y no ser objetados jur\u00eddicamente. Estamos poniendo mucho \u00e9nfasis para que el que consuma alcohol no conduzca\u201d.<\/p>\n\n\n\n<p><strong>Presupuesto 2025<\/strong><\/p>\n\n\n\n<p>Sobre la presentaci\u00f3n del Presupuesto 2025, el Gobernador adelant\u00f3 que<br>tendr\u00e1 grandes l\u00edneas que tienen que ver con lo estructural. As\u00ed detall\u00f3 que el primer punto es \u201cmantener el equilibrio fiscal, queremos que no se gaste m\u00e1s de lo que se ingresa. Con eso tratamos de proyectar lo mejor que podemos la recaudaci\u00f3n de los impuestos provinciales y de lo que llega de los impuestos nacionales\u201d.<\/p>\n\n\n\n<p>En este sentido, el mandatario asegur\u00f3 que desde el Ejecutivo \u201caspiramos que haya una recuperaci\u00f3n, que va a haber una recuperaci\u00f3n del consumo y una recuperaci\u00f3n del salario real. Va a ser lento y con tiempo y con muchos meses por delante\u201d.<\/p>\n\n\n\n<p>Sobre los impuestos provinciales, Cornejo detall\u00f3 que la Provincia tiene facultad exclusiva y se\u00f1al\u00f3 que, en este sentido, \u201cestamos eliminando algunos impuestos de sellos, y estamos bajando sellos a todos los contratos\u201d.<\/p>\n\n\n\n<p>Tambi\u00e9n mencion\u00f3 que se trabaja en bajar Ingresos Brutos en algunos aspectos. Asimismo, remarc\u00f3 que \u201cno podemos desfinanciar al Gobierno provincial, eliminar Ingresos Brutos como nos piden algunos, no lo har\u00edamos, porque hay que sostener la educaci\u00f3n, la salud, los gastos sustantivos del Estado\u201d.<\/p>\n\n\n\n<p>Sobre obra p\u00fablica, el Gobernador anticip\u00f3: \u201cProyectamos un poco m\u00e1s del 10%\u201d, de los cuales el 50% se lo lleva el Instituto Provincial de la Vivienda. Anticip\u00f3 que desde la Provincia \u201cqueremos terminar casas que est\u00e1n en funcionamiento\u201d, por lo que en esta gesti\u00f3n est\u00e1 como prioridad.<\/p>\n\n\n\n<p>Al ser consultado sobre los fondos de Portezuelo del Viento, Cornejo anticip\u00f3 que se van a anunciar \u201cobras que tenemos en vista, que podr\u00edan ser ejecutadas a partir de los fondos del resarcimiento de la promoci\u00f3n industrial\u201d y asegur\u00f3 que \u201cya tenemos legislaci\u00f3n aprobada para esa ejecuci\u00f3n\u201d.<\/p>\n\n\n\n<p>Adem\u00e1s, asegur\u00f3 que existen condiciones espec\u00edficas para esas obras: \u201cTienen que generar energ\u00eda, con lo cual aumenta la oferta de energ\u00eda que sirve para la infraestructura\u201d. Y as\u00ed detall\u00f3 los beneficios de esta inversi\u00f3n, como la instalaci\u00f3n de m\u00e1s industrias, m\u00e1s actividades, m\u00e1s servicios, m\u00e1s comercios, m\u00e1s actividad econ\u00f3mica.<\/p>\n\n\n\n<p>Antes de finalizar, Cornejo detall\u00f3: \u201cTenemos un plan sistem\u00e1tico de medidores. Hay 70.000 medidores que son de bronce, que est\u00e1n robando para comercializar y estamos colocando 20.000\u201d.<\/p>\n\n\n\n<p><strong>\u201cArgentina es un pa\u00eds vitivin\u00edcola\u201d<\/strong><\/p>\n\n\n\n<p>El ministro Vargas Arizu, por su parte, hizo especial hincapi\u00e9 en la funci\u00f3n de ProMendoza en el desarrollo de la industria vitivin\u00edcola al afirmar que \u201ces una de las pocas pol\u00edticas de Estado que hay en Argentina, y en Mendoza ha pasado por todos los gobiernos. Es una pol\u00edtica de inclusi\u00f3n de Argentina en el mundo, de meter la marca Mendoza en el mundo\u201d.<\/p>\n\n\n\n<p>Acto seguido, se\u00f1al\u00f3 que ProMendoza es una entidad que le da mucho valor a los productos locales. \u201cArgentina no es un pa\u00eds con vino, es un pa\u00eds vitivin\u00edcola y un pa\u00eds vitivin\u00edcola debe ser predecible. En ese camino estamos. Desde hace ocho a\u00f1os en Mendoza lo hacemos y esperemos que sea fruct\u00edfero lo que est\u00e1 haciendo Argentina\u201d, remarc\u00f3.<\/p>\n\n\n\n<p><strong>\u201cLa ronda inversa ofrece a las bodegas la visibilidad que merecen sin tener que viajar\u201d<\/strong><\/p>\n\n\n\n<p>Sobre la Ronda de las Am\u00e9ricas, Patricia Gim\u00e9nez detall\u00f3 que \u201cel evento cuenta con m\u00e1s de 500 reuniones de negocios, brindando a las peque\u00f1as y medianas bodegas una plataforma \u00fanica para establecer contactos comerciales y explorar nuevas oportunidades de exportaci\u00f3n\u201d. A esto le sum\u00f3 que la ronda no solo busca fortalecer a las bodegas ya consolidadas en el comercio exterior, sino tambi\u00e9n animar a aquellas que est\u00e1n dando sus primeros pasos en mercados latinoamericanos y emergentes.<\/p>\n\n\n\n<p>Adem\u00e1s, la gerente de ProMendoza afirm\u00f3 que \u201cestas actividades de promoci\u00f3n comercial son esenciales para diversificar y ampliar las oportunidades de exportaci\u00f3n de las bodegas provinciales, proporcionando la visibilidad y los contactos necesarios para competir en un mercado global\u201d.<\/p>\n\n\n\n<p>En este sentido, Gimenez se\u00f1al\u00f3 que \u201cla ronda inversa no solo ofrece un espacio para hacer negocios, sino que tambi\u00e9n proporciona a las bodegas la visibilidad que merecen sin tener la necesidad de viajar. Les traemos a Mendoza a diferentes empresarios que son una puerta a nuevos mercados. La posibilidad de interactuar directamente con importadores y distribuidores representa una oportunidad invaluable. Cada reuni\u00f3n es una posibilidad de generar lazos comerciales que podr\u00edan llevar a los vinos mendocinos a nuevas mesas alrededor del mundo\u201d.<\/p>\n\n\n\n<p><strong>La importancia de las familias que forman parte de la historia vitivin\u00edcola de Mendoza<\/strong><\/p>\n\n\n\n<p>Diego Costarelli, en tanto, dio la bienvenida a los presentes como intendente anfitri\u00f3n, y puso en valor el Espacio Arizu donde se realiza esta primera parte del encuentro. Detall\u00f3 que pertenec\u00eda a una familia tradicional de Mendoza que empez\u00f3 a hacer vino y agreg\u00f3 que \u201cpor eso decimos que Godoy Cruz es la verdadera cuna del vino mendocino\u201d. Acto seguido mencion\u00f3 a otras familias que forman parte de la tradici\u00f3n de la industria vitivin\u00edcola de Mendoza, como la familia Tomba, Filippini y Escorihuela Gasc\u00f3n.<\/p>\n\n\n\n<p>De esta manera, el intendente afirm\u00f3 que ese edificio es clave para el desarrollo de la industria. En este sentido, subray\u00f3 que la producci\u00f3n vitivin\u00edcola es \u201cuna de las principales industrias que m\u00e1s aportan al PBG de la provincia de Mendoza\u201d, y mencion\u00f3 que \u201cgobierno tras gobierno, Mendoza se ha venido ocupando de esta actividad\u201d.<\/p>\n\n\n\n<p>\u201cEs un espacio para el encuentro, para que puedan hacer negocios, y tambi\u00e9n es la concreci\u00f3n de una pol\u00edtica p\u00fablica que se planific\u00f3 en Godoy Cruz durante much\u00edsimos a\u00f1os\u201d, puntualiz\u00f3 Costarelli, y sum\u00f3 que, en el mediano plazo, \u201ceste espacio est\u00e1 llamado a ser el verdadero&nbsp;<em>hub&nbsp;<\/em>tur\u00edstico de Mendoza\u201d.<\/p>\n\n\n\n<p><strong>Convenio para un&nbsp;<em>hub&nbsp;<\/em>log\u00edstico<\/strong><\/p>\n\n\n\n<p>Como parte del acto de apertura, tambi\u00e9n se firm\u00f3 un convenio entre las autoridades de ProMendoza y un empresario brasilero con el objetivo de crear un&nbsp;<em>hub&nbsp;<\/em>log\u00edstico en el estado de Santa Catarina.<\/p>\n\n\n\n<p>El acuerdo rubricado por Vargas Arizu y el empresario brasilero Vitor Figueiredo, due\u00f1o de Conservas Almeida, busca fomentar la exportaci\u00f3n de productos y servicios mendocinos a Brasil.<\/p>\n\n\n\n<p>En cuanto al convenio, el Gobernador se dirigi\u00f3 al empresario brasilero y dijo: \u201cVenimos trabajando hace muchos a\u00f1os, ha confiado en nosotros y nosotros confiamos en \u00e9l. Creemos que tenemos aqu\u00ed un canal de comercializaci\u00f3n muy importante para nuestras empresas, para nuestras pymes, para nuestro sector privado\u201d.<\/p>\n\n\n\n<p><strong>Detalles del acuerdo entre Mendoza y Brasil<\/strong><\/p>\n\n\n\n<p>Para lograr esto, ofrecen beneficios impositivos con un tarifario promocional para las pymes locales que lleguen a Brasil a trav\u00e9s de ProMendoza. Asimismo, el esp\u00edritu de este convenio, que llev\u00f3 casi un a\u00f1o de trabajo entre las partes, es fomentar y promover las exportaciones de mercader\u00edas frescas, manufacturados, vinos, bebidas y otros productos o servicios producidos en la provincia de Mendoza.<\/p>\n\n\n\n<p>Este acuerdo tiene una duraci\u00f3n de cinco a\u00f1os y se puede renovar autom\u00e1ticamente por igual per\u00edodo. Establece que ProMendoza se compromete a desarrollar con este importador programas para fomentar y promover las exportaciones a Brasil, de productos o servicios producidos locales y tambi\u00e9n realizar la difusi\u00f3n de los todos los programas y eventos que se hagan de ahora en m\u00e1s all\u00ed.<\/p>\n\n\n\n<p>En tanto, el empresario brasilero, titular de la firma Conservas Almeida, se compromete a ofrecer servicio de importaci\u00f3n y almacenamiento a productos de empresas mendocinas y dar servicios de log\u00edstica y distribuci\u00f3n de productos a empresas usuarias del almac\u00e9n. Tambi\u00e9n deber\u00e1 ofrecer el servicio de venta a cambio de una comisi\u00f3n por venta y poner a disposici\u00f3n de las empresas un tarifario promocional para aquellas empresas participantes del programa&nbsp;<em>Hub&nbsp;<\/em>Log\u00edstico de ProMendoza.<\/p>\n\n\n\n<p>Vale destacar que, adem\u00e1s, este acuerdo permite acceder a los empresarios mendocinos a los beneficios impositivos que posee el Estado de Santa Catarina. En concreto, en Santa Catarina se tributa 4% de ICMS (Impuesto de Circulaci\u00f3n de Mercader\u00edas y Servicios) para bebidas alcoh\u00f3licas, mientras que en otros estados como San Pablo tributan 18%.<\/p>\n\n\n\n<p>En lo que va de 2024, Mendoza export\u00f3 a Brasil productos por un valor de 275 millones de d\u00f3lares FOB, 30% m\u00e1s que en 2023. La lista la encabezan los ajos, materias pl\u00e1sticas -y sus manufacturas- y vinos que son muy requeridos en el pa\u00eds vecino.<\/p>\n\n\n\n<figure class=\"wp-block-gallery columns-3 is-cropped\"><ul class=\"blocks-gallery-grid\"><li class=\"blocks-gallery-item\"><figure><img loading=\"lazy\" width=\"1024\" height=\"682\" src=\"https:\/\/www.promendoza.com\/wp-content\/uploads\/2024\/10\/1DSC_3367-1024x682.jpg\" alt=\"\" data-id=\"14757\" data-full-url=\"https:\/\/www.promendoza.com\/wp-content\/uploads\/2024\/10\/1DSC_3367-scaled.jpg\" data-link=\"https:\/\/www.promendoza.com\/es\/?attachment_id=14757\" class=\"wp-image-14757\" srcset=\"https:\/\/www.promendoza.com\/wp-content\/uploads\/2024\/10\/1DSC_3367-1024x682.jpg 1024w, https:\/\/www.promendoza.com\/wp-content\/uploads\/2024\/10\/1DSC_3367-300x200.jpg 300w, https:\/\/www.promendoza.com\/wp-content\/uploads\/2024\/10\/1DSC_3367-768x512.jpg 768w, https:\/\/www.promendoza.com\/wp-content\/uploads\/2024\/10\/1DSC_3367-1536x1023.jpg 1536w, https:\/\/www.promendoza.com\/wp-content\/uploads\/2024\/10\/1DSC_3367-2048x1364.jpg 2048w, https:\/\/www.promendoza.com\/wp-content\/uploads\/2024\/10\/1DSC_3367-580x386.jpg 580w, https:\/\/www.promendoza.com\/wp-content\/uploads\/2024\/10\/1DSC_3367-820x546.jpg 820w, https:\/\/www.promendoza.com\/wp-content\/uploads\/2024\/10\/1DSC_3367-1160x773.jpg 1160w\" sizes=\"(max-width: 1024px) 100vw, 1024px\" \/><\/figure><\/li><li class=\"blocks-gallery-item\"><figure><img loading=\"lazy\" width=\"1024\" height=\"682\" src=\"https:\/\/www.promendoza.com\/wp-content\/uploads\/2024\/10\/1DSC_3355-1024x682.jpg\" alt=\"\" data-id=\"14758\" data-full-url=\"https:\/\/www.promendoza.com\/wp-content\/uploads\/2024\/10\/1DSC_3355-scaled.jpg\" data-link=\"https:\/\/www.promendoza.com\/es\/?attachment_id=14758\" class=\"wp-image-14758\" srcset=\"https:\/\/www.promendoza.com\/wp-content\/uploads\/2024\/10\/1DSC_3355-1024x682.jpg 1024w, https:\/\/www.promendoza.com\/wp-content\/uploads\/2024\/10\/1DSC_3355-300x200.jpg 300w, https:\/\/www.promendoza.com\/wp-content\/uploads\/2024\/10\/1DSC_3355-768x512.jpg 768w, https:\/\/www.promendoza.com\/wp-content\/uploads\/2024\/10\/1DSC_3355-1536x1023.jpg 1536w, https:\/\/www.promendoza.com\/wp-content\/uploads\/2024\/10\/1DSC_3355-2048x1364.jpg 2048w, https:\/\/www.promendoza.com\/wp-content\/uploads\/2024\/10\/1DSC_3355-580x386.jpg 580w, https:\/\/www.promendoza.com\/wp-content\/uploads\/2024\/10\/1DSC_3355-820x546.jpg 820w, https:\/\/www.promendoza.com\/wp-content\/uploads\/2024\/10\/1DSC_3355-1160x773.jpg 1160w\" sizes=\"(max-width: 1024px) 100vw, 1024px\" \/><\/figure><\/li><li class=\"blocks-gallery-item\"><figure><img loading=\"lazy\" width=\"1024\" height=\"682\" src=\"https:\/\/www.promendoza.com\/wp-content\/uploads\/2024\/10\/1DSC_3352-1024x682.jpg\" alt=\"\" data-id=\"14759\" data-full-url=\"https:\/\/www.promendoza.com\/wp-content\/uploads\/2024\/10\/1DSC_3352-scaled.jpg\" data-link=\"https:\/\/www.promendoza.com\/es\/?attachment_id=14759\" class=\"wp-image-14759\" srcset=\"https:\/\/www.promendoza.com\/wp-content\/uploads\/2024\/10\/1DSC_3352-1024x682.jpg 1024w, https:\/\/www.promendoza.com\/wp-content\/uploads\/2024\/10\/1DSC_3352-300x200.jpg 300w, https:\/\/www.promendoza.com\/wp-content\/uploads\/2024\/10\/1DSC_3352-768x512.jpg 768w, https:\/\/www.promendoza.com\/wp-content\/uploads\/2024\/10\/1DSC_3352-1536x1023.jpg 1536w, https:\/\/www.promendoza.com\/wp-content\/uploads\/2024\/10\/1DSC_3352-2048x1364.jpg 2048w, https:\/\/www.promendoza.com\/wp-content\/uploads\/2024\/10\/1DSC_3352-580x386.jpg 580w, https:\/\/www.promendoza.com\/wp-content\/uploads\/2024\/10\/1DSC_3352-820x546.jpg 820w, https:\/\/www.promendoza.com\/wp-content\/uploads\/2024\/10\/1DSC_3352-1160x773.jpg 1160w\" sizes=\"(max-width: 1024px) 100vw, 1024px\" \/><\/figure><\/li><li class=\"blocks-gallery-item\"><figure><img loading=\"lazy\" width=\"1024\" height=\"681\" src=\"https:\/\/www.promendoza.com\/wp-content\/uploads\/2024\/10\/1DSC_3337-1024x681.jpg\" alt=\"\" data-id=\"14760\" data-full-url=\"https:\/\/www.promendoza.com\/wp-content\/uploads\/2024\/10\/1DSC_3337-scaled.jpg\" data-link=\"https:\/\/www.promendoza.com\/es\/?attachment_id=14760\" class=\"wp-image-14760\" srcset=\"https:\/\/www.promendoza.com\/wp-content\/uploads\/2024\/10\/1DSC_3337-1024x681.jpg 1024w, https:\/\/www.promendoza.com\/wp-content\/uploads\/2024\/10\/1DSC_3337-300x200.jpg 300w, https:\/\/www.promendoza.com\/wp-content\/uploads\/2024\/10\/1DSC_3337-768x511.jpg 768w, https:\/\/www.promendoza.com\/wp-content\/uploads\/2024\/10\/1DSC_3337-1536x1021.jpg 1536w, https:\/\/www.promendoza.com\/wp-content\/uploads\/2024\/10\/1DSC_3337-2048x1362.jpg 2048w, https:\/\/www.promendoza.com\/wp-content\/uploads\/2024\/10\/1DSC_3337-580x386.jpg 580w, https:\/\/www.promendoza.com\/wp-content\/uploads\/2024\/10\/1DSC_3337-820x545.jpg 820w, https:\/\/www.promendoza.com\/wp-content\/uploads\/2024\/10\/1DSC_3337-1160x771.jpg 1160w\" sizes=\"(max-width: 1024px) 100vw, 1024px\" \/><\/figure><\/li><li class=\"blocks-gallery-item\"><figure><img loading=\"lazy\" width=\"1024\" height=\"682\" src=\"https:\/\/www.promendoza.com\/wp-content\/uploads\/2024\/10\/1DSC_3316-1024x682.jpg\" alt=\"\" data-id=\"14761\" data-full-url=\"https:\/\/www.promendoza.com\/wp-content\/uploads\/2024\/10\/1DSC_3316-scaled.jpg\" data-link=\"https:\/\/www.promendoza.com\/es\/?attachment_id=14761\" class=\"wp-image-14761\" srcset=\"https:\/\/www.promendoza.com\/wp-content\/uploads\/2024\/10\/1DSC_3316-1024x682.jpg 1024w, https:\/\/www.promendoza.com\/wp-content\/uploads\/2024\/10\/1DSC_3316-300x200.jpg 300w, https:\/\/www.promendoza.com\/wp-content\/uploads\/2024\/10\/1DSC_3316-768x512.jpg 768w, https:\/\/www.promendoza.com\/wp-content\/uploads\/2024\/10\/1DSC_3316-1536x1023.jpg 1536w, https:\/\/www.promendoza.com\/wp-content\/uploads\/2024\/10\/1DSC_3316-2048x1364.jpg 2048w, https:\/\/www.promendoza.com\/wp-content\/uploads\/2024\/10\/1DSC_3316-580x386.jpg 580w, https:\/\/www.promendoza.com\/wp-content\/uploads\/2024\/10\/1DSC_3316-820x546.jpg 820w, https:\/\/www.promendoza.com\/wp-content\/uploads\/2024\/10\/1DSC_3316-1160x773.jpg 1160w\" sizes=\"(max-width: 1024px) 100vw, 1024px\" \/><\/figure><\/li><\/ul><\/figure>\n","protected":false},"excerpt":{"rendered":"<p>Organizado por ProMendoza y el Consejo Federal de Inversiones (CFI), se realiza en distintas locaciones de la provincia. Participan 78 bodegas de Mendoza y 8 de San Juan, que se&#8230;<\/p>\n","protected":false},"author":1,"featured_media":14756,"comment_status":"closed","ping_status":"closed","sticky":false,"template":"","format":"image","meta":[],"categories":[99],"tags":[],"_links":{"self":[{"href":"https:\/\/www.promendoza.com\/en\/wp-json\/wp\/v2\/posts\/14755"}],"collection":[{"href":"https:\/\/www.promendoza.com\/en\/wp-json\/wp\/v2\/posts"}],"about":[{"href":"https:\/\/www.promendoza.com\/en\/wp-json\/wp\/v2\/types\/post"}],"author":[{"embeddable":true,"href":"https:\/\/www.promendoza.com\/en\/wp-json\/wp\/v2\/users\/1"}],"replies":[{"embeddable":true,"href":"https:\/\/www.promendoza.com\/en\/wp-json\/wp\/v2\/comments?post=14755"}],"version-history":[{"count":2,"href":"https:\/\/www.promendoza.com\/en\/wp-json\/wp\/v2\/posts\/14755\/revisions"}],"predecessor-version":[{"id":14763,"href":"https:\/\/www.promendoza.com\/en\/wp-json\/wp\/v2\/posts\/14755\/revisions\/14763"}],"wp:featuredmedia":[{"embeddable":true,"href":"https:\/\/www.promendoza.com\/en\/wp-json\/wp\/v2\/media\/14756"}],"wp:attachment":[{"href":"https:\/\/www.promendoza.com\/en\/wp-json\/wp\/v2\/media?parent=14755"}],"wp:term":[{"taxonomy":"category","embeddable":true,"href":"https:\/\/www.promendoza.com\/en\/wp-json\/wp\/v2\/categories?post=14755"},{"taxonomy":"post_tag","embeddable":true,"href":"https:\/\/www.promendoza.com\/en\/wp-json\/wp\/v2\/tags?post=14755"}],"curies":[{"name":"wp","href":"https:\/\/api.w.org\/{rel}","templated":true}]}}