{"id":15000,"date":"2024-10-23T13:17:00","date_gmt":"2024-10-23T16:17:00","guid":{"rendered":"https:\/\/www.promendoza.com\/es\/?p=15000"},"modified":"2024-10-25T13:24:56","modified_gmt":"2024-10-25T16:24:56","slug":"mendoza-mostro-su-oferta-exportable-de-frutas-y-hortalizas-en-sial-paris-2024","status":"publish","type":"post","link":"https:\/\/www.promendoza.com\/en\/mendoza-mostro-su-oferta-exportable-de-frutas-y-hortalizas-en-sial-paris-2024\/","title":{"rendered":"Mendoza mostr\u00f3 su oferta exportable de frutas y hortalizas en SIAL Paris 2024"},"content":{"rendered":"<style type=\"text\/css\"><\/style>\n<figure class=\"wp-block-image\"><img alt=\"\"\/><\/figure>\n\n\n\n<h5>Junto a la titular de ProMendoza, Patricia Gim\u00e9nez, empresarios mendocinos ofrecieron sus productos en el encuentro que tuvo lugar del 19 al 23 de octubre en Francia.<\/h5>\n\n\n\n<p>Del 19 al 23 de octubre, la presidenta de la Unidad ProMendoza, Patricia Gim\u00e9nez, particip\u00f3 junto a empresarios locales en SIAL Par\u00eds(<em>Salon International de l\u2019Alimentation<\/em>)<em>,&nbsp;<\/em>la feria m\u00e1s importante del sector agroalimentario que se realiz\u00f3 este a\u00f1o. El evento se celebra cada dos a\u00f1os y est\u00e1 dirigido a un p\u00fablico exclusivamente profesional.<\/p>\n\n\n\n<p>En esta oportunidad hubo una importante presencia de empresas de alimentos de Mendoza que fueron como expositores y ofrecieron sus productos. Las firmas que participaron fueron:<\/p>\n\n\n\n<p>\u2022&nbsp;Cimafr\u00fa: frutas desecadas, de General Alvear.<\/p>\n\n\n\n<p>\u2022&nbsp;F\u00e9nix: concentrado de frutas y verduras, de General Alvear.<\/p>\n\n\n\n<p>\u2022&nbsp;Pietrelli: ciruela desecada, pasta de ciruela y pasas de uva, de San Rafael.<\/p>\n\n\n\n<p>\u2022&nbsp;Nevada Argentina: ciruelas, peras, ar\u00e1ndanos, pasa de uva, frutillas, duraznos, damascos y manzanas desecadas, de San Rafael.<\/p>\n\n\n\n<p>\u2022&nbsp;Ava: mermeladas, pulpas y conservas, de Luj\u00e1n de Cuyo.<\/p>\n\n\n\n<p>\u2022&nbsp;&nbsp;La Rosita: nueces, de Tupungato.<\/p>\n\n\n\n<p>\u201cHa sido una muy buena oportunidad para la ciruela. Este a\u00f1o, por problemas clim\u00e1ticos, hay menos oferta mundial, por lo que hay m\u00e1s espacio para las de nuestra provincia\u201d, explic\u00f3 la presidenta de la Unidad ProMendoza, Patricia Gim\u00e9nez.<\/p>\n\n\n\n<p>\u201cEsta feria les da a nuestros empresarios la posibilidad de ver clientes habituales, nuevos y las tendencias que se vienen. Como en todas las ferias, nada se concreta en el momento, las operaciones comerciales llevan tiempo, pero se realizan reuniones importantes y se sigue trabajando el resto del a\u00f1o. Es necesario el contacto &nbsp;y estar presentes en los mercados alejados\u201d, concluy\u00f3 Gim\u00e9nez.&nbsp;<\/p>\n\n\n\n<p><strong>Agenda de reuniones<\/strong><\/p>\n\n\n\n<p>La presidenta de la Unidad ProMendoza desarroll\u00f3, adem\u00e1s, una agenda de reuniones empresariales y diplom\u00e1ticas. \u201cLuego de su visita a Mendoza, nos encontramos en SIAL Par\u00eds con Rodolphe Lameyse, CEO de Vinexposium, con quien trabajamos para potenciar la promoci\u00f3n del vino mendocino en el mundo\u201d, indic\u00f3.<\/p>\n\n\n\n<p>Gim\u00e9nez se reuni\u00f3, en paralelo, con autoridades de la Gran Mezquita de Par\u00eds para hablar sobre certificaci\u00f3n Halal, que es la que garantiza que los productos cumplen las leyes y normas isl\u00e1micas y lo que posibilita la llegada a esos mercados.<\/p>\n\n\n\n<p>Gim\u00e9nez aprovech\u00f3 la oportunidad para dise\u00f1ar, junto al responsable del \u00e1rea comercial de la Embajada Argentina en Par\u00eds, Pablo Ciotti, propuestas de trabajo en conjunto entre ProMendoza y la Embajada para el a\u00f1o que viene.<\/p>\n\n\n\n<p>Vale destacar que Mendoza export\u00f3 a Europa en 2023 casi 173 millones de d\u00f3lares principalmente en vinos fraccionados, frutas y hortalizas frescas y procesadas, frutos secos y miel.<\/p>\n\n\n\n<p>Francia compr\u00f3 el a\u00f1o pasado 28,5 millones de d\u00f3lares en productos mendocinos, especialmente ajo fresco, frutas de carozo, frutas secas o procesadas y vino.<\/p>\n\n\n\n<figure class=\"wp-block-gallery columns-3 is-cropped\"><ul class=\"blocks-gallery-grid\"><li class=\"blocks-gallery-item\"><figure><img loading=\"lazy\" width=\"700\" height=\"525\" src=\"https:\/\/www.promendoza.com\/wp-content\/uploads\/2024\/10\/c-700x525-2.jpeg\" alt=\"\" data-id=\"15005\" data-full-url=\"https:\/\/www.promendoza.com\/wp-content\/uploads\/2024\/10\/c-700x525-2.jpeg\" data-link=\"https:\/\/www.promendoza.com\/es\/?attachment_id=15005\" class=\"wp-image-15005\" srcset=\"https:\/\/www.promendoza.com\/wp-content\/uploads\/2024\/10\/c-700x525-2.jpeg 700w, https:\/\/www.promendoza.com\/wp-content\/uploads\/2024\/10\/c-700x525-2-300x225.jpeg 300w, https:\/\/www.promendoza.com\/wp-content\/uploads\/2024\/10\/c-700x525-2-580x435.jpeg 580w\" sizes=\"(max-width: 700px) 100vw, 700px\" \/><\/figure><\/li><li class=\"blocks-gallery-item\"><figure><img loading=\"lazy\" width=\"700\" height=\"654\" src=\"https:\/\/www.promendoza.com\/wp-content\/uploads\/2024\/10\/b-700x654-1.jpeg\" alt=\"\" data-id=\"15004\" data-full-url=\"https:\/\/www.promendoza.com\/wp-content\/uploads\/2024\/10\/b-700x654-1.jpeg\" data-link=\"https:\/\/www.promendoza.com\/es\/?attachment_id=15004\" class=\"wp-image-15004\" srcset=\"https:\/\/www.promendoza.com\/wp-content\/uploads\/2024\/10\/b-700x654-1.jpeg 700w, https:\/\/www.promendoza.com\/wp-content\/uploads\/2024\/10\/b-700x654-1-300x280.jpeg 300w, https:\/\/www.promendoza.com\/wp-content\/uploads\/2024\/10\/b-700x654-1-580x542.jpeg 580w\" sizes=\"(max-width: 700px) 100vw, 700px\" \/><\/figure><\/li><li class=\"blocks-gallery-item\"><figure><img loading=\"lazy\" width=\"700\" height=\"315\" src=\"https:\/\/www.promendoza.com\/wp-content\/uploads\/2024\/10\/e-700x315-1.jpeg\" alt=\"\" data-id=\"15003\" data-full-url=\"https:\/\/www.promendoza.com\/wp-content\/uploads\/2024\/10\/e-700x315-1.jpeg\" data-link=\"https:\/\/www.promendoza.com\/es\/?attachment_id=15003\" class=\"wp-image-15003\" srcset=\"https:\/\/www.promendoza.com\/wp-content\/uploads\/2024\/10\/e-700x315-1.jpeg 700w, https:\/\/www.promendoza.com\/wp-content\/uploads\/2024\/10\/e-700x315-1-300x135.jpeg 300w, https:\/\/www.promendoza.com\/wp-content\/uploads\/2024\/10\/e-700x315-1-580x261.jpeg 580w\" sizes=\"(max-width: 700px) 100vw, 700px\" \/><\/figure><\/li><li class=\"blocks-gallery-item\"><figure><img loading=\"lazy\" width=\"700\" height=\"315\" src=\"https:\/\/www.promendoza.com\/wp-content\/uploads\/2024\/10\/d-700x315-1.jpeg\" alt=\"\" data-id=\"15002\" data-full-url=\"https:\/\/www.promendoza.com\/wp-content\/uploads\/2024\/10\/d-700x315-1.jpeg\" data-link=\"https:\/\/www.promendoza.com\/es\/?attachment_id=15002\" class=\"wp-image-15002\" srcset=\"https:\/\/www.promendoza.com\/wp-content\/uploads\/2024\/10\/d-700x315-1.jpeg 700w, https:\/\/www.promendoza.com\/wp-content\/uploads\/2024\/10\/d-700x315-1-300x135.jpeg 300w, https:\/\/www.promendoza.com\/wp-content\/uploads\/2024\/10\/d-700x315-1-580x261.jpeg 580w\" sizes=\"(max-width: 700px) 100vw, 700px\" \/><\/figure><\/li><li class=\"blocks-gallery-item\"><figure><img loading=\"lazy\" width=\"700\" height=\"525\" src=\"https:\/\/www.promendoza.com\/wp-content\/uploads\/2024\/10\/c-700x525-1.jpeg\" alt=\"\" data-id=\"15001\" data-full-url=\"https:\/\/www.promendoza.com\/wp-content\/uploads\/2024\/10\/c-700x525-1.jpeg\" data-link=\"https:\/\/www.promendoza.com\/es\/?attachment_id=15001\" class=\"wp-image-15001\" srcset=\"https:\/\/www.promendoza.com\/wp-content\/uploads\/2024\/10\/c-700x525-1.jpeg 700w, https:\/\/www.promendoza.com\/wp-content\/uploads\/2024\/10\/c-700x525-1-300x225.jpeg 300w, https:\/\/www.promendoza.com\/wp-content\/uploads\/2024\/10\/c-700x525-1-580x435.jpeg 580w\" sizes=\"(max-width: 700px) 100vw, 700px\" \/><\/figure><\/li><\/ul><\/figure>\n","protected":false},"excerpt":{"rendered":"<p>Junto a la titular de ProMendoza, Patricia Gim\u00e9nez, empresarios mendocinos ofrecieron sus productos en el encuentro que tuvo lugar del 19 al 23 de octubre en Francia. Del 19 al&#8230;<\/p>\n","protected":false},"author":1,"featured_media":15006,"comment_status":"closed","ping_status":"closed","sticky":false,"template":"","format":"image","meta":[],"categories":[98],"tags":[],"_links":{"self":[{"href":"https:\/\/www.promendoza.com\/en\/wp-json\/wp\/v2\/posts\/15000"}],"collection":[{"href":"https:\/\/www.promendoza.com\/en\/wp-json\/wp\/v2\/posts"}],"about":[{"href":"https:\/\/www.promendoza.com\/en\/wp-json\/wp\/v2\/types\/post"}],"author":[{"embeddable":true,"href":"https:\/\/www.promendoza.com\/en\/wp-json\/wp\/v2\/users\/1"}],"replies":[{"embeddable":true,"href":"https:\/\/www.promendoza.com\/en\/wp-json\/wp\/v2\/comments?post=15000"}],"version-history":[{"count":2,"href":"https:\/\/www.promendoza.com\/en\/wp-json\/wp\/v2\/posts\/15000\/revisions"}],"predecessor-version":[{"id":15008,"href":"https:\/\/www.promendoza.com\/en\/wp-json\/wp\/v2\/posts\/15000\/revisions\/15008"}],"wp:featuredmedia":[{"embeddable":true,"href":"https:\/\/www.promendoza.com\/en\/wp-json\/wp\/v2\/media\/15006"}],"wp:attachment":[{"href":"https:\/\/www.promendoza.com\/en\/wp-json\/wp\/v2\/media?parent=15000"}],"wp:term":[{"taxonomy":"category","embeddable":true,"href":"https:\/\/www.promendoza.com\/en\/wp-json\/wp\/v2\/categories?post=15000"},{"taxonomy":"post_tag","embeddable":true,"href":"https:\/\/www.promendoza.com\/en\/wp-json\/wp\/v2\/tags?post=15000"}],"curies":[{"name":"wp","href":"https:\/\/api.w.org\/{rel}","templated":true}]}}