{"id":15465,"date":"2025-02-11T10:22:00","date_gmt":"2025-02-11T13:22:00","guid":{"rendered":"https:\/\/www.promendoza.com\/es\/?p=15465"},"modified":"2025-02-12T10:25:32","modified_gmt":"2025-02-12T13:25:32","slug":"mendoza-fortalece-su-relacion-con-la-ocde-para-impulsar-el-desarrollo-sostenible","status":"publish","type":"post","link":"https:\/\/www.promendoza.com\/en\/mendoza-fortalece-su-relacion-con-la-ocde-para-impulsar-el-desarrollo-sostenible\/","title":{"rendered":"Mendoza fortalece su relaci\u00f3n con la OCDE para impulsar el desarrollo sostenible"},"content":{"rendered":"<style type=\"text\/css\"><\/style>\n<figure class=\"wp-block-image\"><img alt=\"\"\/><\/figure>\n\n\n\n<h5>En la continuidad de la misi\u00f3n mendocina en Europa, el Gobernador Alfredo Cornejo encabez\u00f3 una reuni\u00f3n en Par\u00eds con directivos de la Organizaci\u00f3n para la Cooperaci\u00f3n y el Desarrollo Econ\u00f3mico. Surgi\u00f3 el compromiso para desarrollar pol\u00edticas p\u00fablicas en la provincia que le permitan fortalecer la competividad y el crecimiento.<\/h5>\n\n\n\n<p>El Gobernador Alfredo Cornejo, junto con la comitiva de Mendoza que participa en una misi\u00f3n en Europa, mantuvo una reuni\u00f3n clave en la sede de la Organizaci\u00f3n para la Cooperaci\u00f3n y el Desarrollo Econ\u00f3mico (OCDE), en Par\u00eds, Francia. El encuentro cont\u00f3 con la presencia del director de Relaciones Globales y Cooperaci\u00f3n de la OCDE, Andreas Schaal, as\u00ed como de otros altos funcionarios del organismo, entre ellos Lamia Kamal-Chaoui, directora de Regiones, Ciudades y Pymes, y Jos\u00e9 Antonio Ardav\u00edn, jefe para Am\u00e9rica Latina y el Caribe.<\/p>\n\n\n\n<p>Acompa\u00f1aron al mandatario mendocino la titular de ProMendoza, Patricia Gim\u00e9nez; el responsable de negociaciones internacionales de la Fundaci\u00f3n ProMendoza, Nicol\u00e1s Piazza, y el especialista en comercio exterior y representante de la OCDE Marcelo Scaglione.<\/p>\n\n\n\n<p>El objetivo de la reuni\u00f3n fue trabajar en el dise\u00f1o e implementaci\u00f3n de pol\u00edticas p\u00fablicas orientadas a fomentar la prosperidad, la igualdad de oportunidades y el bienestar social en Mendoza. Durante su intervenci\u00f3n, Cornejo destac\u00f3 la diversidad de la matriz productiva de la provincia pese a su aridez y subray\u00f3 la necesidad de mejorar la gesti\u00f3n del recurso h\u00eddrico.<\/p>\n\n\n\n<p>El Gobernador explic\u00f3 c\u00f3mo Mendoza optimiza el recurso del agua: \u201cEstamos implementando un plan de eficiencia que nos ha permitido optimizar el uso del agua. Hoy somos m\u00e1s eficientes que hace una d\u00e9cada, a pesar de contar con menor disponibilidad del recurso\u201d.<\/p>\n\n\n\n<p>Cornejo destac\u00f3 la importancia de sectores estrat\u00e9gicos como la agricultura, el turismo y la energ\u00eda, destacando el potencial de Mendoza en la explotaci\u00f3n de minerales cr\u00edticos: \u201cContamos con una importante dotaci\u00f3n de cobre. Chile, que es nuestro vecino y el principal proveedor de cobre del mundo, trabaja en yacimientos cercanos a los nuestros. Para desarrollar esta industria, necesitamos atraer inversores con experiencia y prestigio, adem\u00e1s de garantizar que nuestras pr\u00e1cticas sean validadas internacionalmente para despejar cualquier duda\u201d. El Gobernador se refiri\u00f3 adem\u00e1s a la importancia del uranio y a la necesidad de que Argentina avance en su explotaci\u00f3n.<\/p>\n\n\n\n<p>Otro de los temas que trat\u00f3 el mandatario fue el crecimiento de Mendoza en materia de energ\u00edas renovables: \u201cSomos productores de energ\u00eda solar y tenemos m\u00faltiples proyectos privados en marcha. Para 2026, Mendoza ser\u00e1 la principal provincia en generaci\u00f3n de energ\u00eda solar a partir de inversiones privadas\u201d.<\/p>\n\n\n\n<p><strong>El apoyo de la OCDE y la financiaci\u00f3n de proyectos en Mendoza<\/strong><\/p>\n\n\n\n<p>Por su parte, Andreas Schaal se mostr\u00f3 interesado en realizar un trabajo conjunto en Mendoza y remarc\u00f3 la necesidad de combinar sostenibilidad h\u00eddrica y agricultura en la provincia para garantizar un desarrollo equilibrado. Tambi\u00e9n subray\u00f3 el papel clave que deber\u00e1n tener los emprendedores en la innovaci\u00f3n en distintos sectores estrat\u00e9gicos.<\/p>\n\n\n\n<p>A su turno, Lamia Kamal-Chaoui, directora de Regiones, Ciudades y Pymes, destac\u00f3 la importancia de la relaci\u00f3n entre la OCDE y las provincias argentinas como Mendoza: \u201cNuestro rol no es el de auditores sino el de aliados en la identificaci\u00f3n de prioridades. La OCDE puede aportar datos y buenas pr\u00e1cticas internacionales, adem\u00e1s de facilitar el contacto con otras regiones que hayan superado desaf\u00edos similares. Lo fundamental es el compromiso pol\u00edtico para implementar pol\u00edticas p\u00fablicas basadas en evidencia\u201d.<\/p>\n\n\n\n<p>Kamal-Chaoui record\u00f3 que la OCDE ya ha trabajado con Mendoza en el pasado, en un estudio sobre la gesti\u00f3n del agua en provincias semi\u00e1ridas realizado hace cuatro a\u00f1os.<\/p>\n\n\n\n<p>En cuanto a la financiaci\u00f3n de proyectos, la OCDE explic\u00f3 que los gobiernos subnacionales pueden aportar fondos directamente para estudios y an\u00e1lisis t\u00e9cnicos. Este mecanismo, conocido como contribuci\u00f3n voluntaria, ha sido utilizado por otras provincias como C\u00f3rdoba. Los recursos pueden provenir tanto del Gobierno provincial como de organismos multilaterales, como el Banco Interamericano de Desrrollo, la CAF y otros.<\/p>\n\n\n\n<p>La experiencia internacional demuestra que cuando un pa\u00eds o una provincia se compromete con este proceso, aumenta el inter\u00e9s de actores internacionales en financiar estudios y apoyar su desarrollo.<\/p>\n\n\n\n<p><strong>Mendoza, un modelo de desarrollo sostenible<\/strong><\/p>\n\n\n\n<p>El encuentro en Par\u00eds dej\u00f3 en claro que Mendoza tiene el potencial para consolidarse como una provincia modelo en t\u00e9rminos de diversificaci\u00f3n econ\u00f3mica, eficiencia en la gesti\u00f3n de recursos y atracci\u00f3n de inversiones. El respaldo de la OCDE y la implementaci\u00f3n de pol\u00edticas basadas en est\u00e1ndares internacionales pueden ser claves para fortalecer la competitividad y el crecimiento sostenible de la provincia.<\/p>\n\n\n\n<p>Al termino del encuentro, la titular de ProMendoza, Patricia Gim\u00e9nez, comparti\u00f3 algunas de las conclusiones a las que se arrib\u00f3. \u201cCon una Argentina en un proceso de ingreso hacia la OCDE, se va a requerir de actores subregionales que piensen y act\u00faen de manera estrat\u00e9gica e innovadora, particularmente respecto de la competitividad econ\u00f3mica, el desarrollo urbano, la gobernanza urbana. O sea, el trabajo sobre el desarrollo territorial articulado, la miner\u00eda y energ\u00eda sostenible y la gobernanza del agua. Las reuniones del d\u00eda de hoy apuntan a ver c\u00f3mo Mendoza, con las herramientas que ya tiene y el apoyo de la OCDE, puede mejorar en todas estas \u00e1reas\u201d, resumi\u00f3.<\/p>\n\n\n\n<p><strong>Sobre la OCDE<\/strong><\/p>\n\n\n\n<p>La Organizaci\u00f3n para la Cooperaci\u00f3n y el Desarrollo Econ\u00f3micos (OCDE) es un organismo internacional que trabaja en el dise\u00f1o e implementaci\u00f3n de pol\u00edticas p\u00fablicas orientadas a fomentar la prosperidad, la igualdad de oportunidades y el bienestar de las sociedades. Su sede central se encuentra en el Ch\u00e2teau de la Muette, en Par\u00eds, Francia, y actualmente est\u00e1 integrada por 38 pa\u00edses miembros.<\/p>\n\n\n\n<p>Creada tras la Segunda Guerra Mundial bajo el nombre de Organizaci\u00f3n para la Cooperaci\u00f3n Econ\u00f3mica Europea (OECE), su objetivo inicial fue coordinar la implementaci\u00f3n del Plan Marshall para la reconstrucci\u00f3n de Europa. En 1961, la organizaci\u00f3n ampli\u00f3 su alcance y adopt\u00f3 su denominaci\u00f3n actual, consolid\u00e1ndose como un foro global de cooperaci\u00f3n econ\u00f3mica y social.<\/p>\n","protected":false},"excerpt":{"rendered":"<p>En la continuidad de la misi\u00f3n mendocina en Europa, el Gobernador Alfredo Cornejo encabez\u00f3 una reuni\u00f3n en Par\u00eds con directivos de la Organizaci\u00f3n para la Cooperaci\u00f3n y el Desarrollo Econ\u00f3mico&#8230;.<\/p>\n","protected":false},"author":1,"featured_media":15466,"comment_status":"closed","ping_status":"closed","sticky":false,"template":"","format":"image","meta":[],"categories":[54],"tags":[],"_links":{"self":[{"href":"https:\/\/www.promendoza.com\/en\/wp-json\/wp\/v2\/posts\/15465"}],"collection":[{"href":"https:\/\/www.promendoza.com\/en\/wp-json\/wp\/v2\/posts"}],"about":[{"href":"https:\/\/www.promendoza.com\/en\/wp-json\/wp\/v2\/types\/post"}],"author":[{"embeddable":true,"href":"https:\/\/www.promendoza.com\/en\/wp-json\/wp\/v2\/users\/1"}],"replies":[{"embeddable":true,"href":"https:\/\/www.promendoza.com\/en\/wp-json\/wp\/v2\/comments?post=15465"}],"version-history":[{"count":1,"href":"https:\/\/www.promendoza.com\/en\/wp-json\/wp\/v2\/posts\/15465\/revisions"}],"predecessor-version":[{"id":15467,"href":"https:\/\/www.promendoza.com\/en\/wp-json\/wp\/v2\/posts\/15465\/revisions\/15467"}],"wp:featuredmedia":[{"embeddable":true,"href":"https:\/\/www.promendoza.com\/en\/wp-json\/wp\/v2\/media\/15466"}],"wp:attachment":[{"href":"https:\/\/www.promendoza.com\/en\/wp-json\/wp\/v2\/media?parent=15465"}],"wp:term":[{"taxonomy":"category","embeddable":true,"href":"https:\/\/www.promendoza.com\/en\/wp-json\/wp\/v2\/categories?post=15465"},{"taxonomy":"post_tag","embeddable":true,"href":"https:\/\/www.promendoza.com\/en\/wp-json\/wp\/v2\/tags?post=15465"}],"curies":[{"name":"wp","href":"https:\/\/api.w.org\/{rel}","templated":true}]}}