{"id":15468,"date":"2025-02-17T20:25:47","date_gmt":"2025-02-17T23:25:47","guid":{"rendered":"https:\/\/www.promendoza.com\/es\/?p=15468"},"modified":"2025-02-19T12:05:08","modified_gmt":"2025-02-19T15:05:08","slug":"con-presencia-mendocina-comenzo-la-feria-gulfood-en-dubai","status":"publish","type":"post","link":"https:\/\/www.promendoza.com\/en\/con-presencia-mendocina-comenzo-la-feria-gulfood-en-dubai\/","title":{"rendered":"Con presencia mendocina, comenz\u00f3 la feria Gulfood en Dub\u00e1i"},"content":{"rendered":"<style type=\"text\/css\"><\/style>\n<figure class=\"wp-block-image\"><img alt=\"\"\/><\/figure>\n\n\n\n<h5>Comenz\u00f3 este lunes en la ciudad de Dub\u00e1i, Emiratos \u00c1rabes, la trig\u00e9sima edici\u00f3n de&nbsp;<em>Gulfood<\/em>, una de las ferias de alimentos y bebidas m\u00e1s importantes del mundo. Empresarios mendocinos participan mostrando sus productos, y un equipo de ProMendoza los acompa\u00f1a.<\/h5>\n\n\n\n<p><em>Gulfood&nbsp;<\/em>se celebra en el&nbsp;<em>Dubai World Trade Centre<\/em>&nbsp;del 17 al 21 de febrero de 2025 y este a\u00f1o cuenta con la participaci\u00f3n de un r\u00e9cord de 5.500 expositores provenientes de m\u00e1s de 129 pa\u00edses. La feria se considera la mayor plataforma de negocios de la industria de alimentos y bebidas en el Medio Oriente y \u00c1frica, y atrae a m\u00e1s de 100.000 visitantes de 200 pa\u00edses.<\/p>\n\n\n\n<p>Organizada por el&nbsp;<em>Dubai World Trade Center<\/em>, la feria funciona como una vitrina para productores, distribuidores y proveedores de todo el mundo. Est\u00e1 dirigida exclusivamente a p\u00fablico profesional y resulta clave para las empresas que buscan establecer contactos comerciales en una regi\u00f3n de alto crecimiento econ\u00f3mico y con gran demanda de alimentos de calidad.<br>Mendoza dice presente a trav\u00e9s de varias empresas principalmente productoras de frutas secas y deshidratas que ofrecen nueces, almendras, pistachos, ciruelas secas, entre otros comestibles muy requeridos en esos mercados.<\/p>\n\n\n\n<p>\u201cUn nuevo a\u00f1o que estamos con ProMendoza junto a las pymes mendocinas en este evento comercial tan importante en el que se re\u00fanen los principales compradores de Medio Oriente, pa\u00edses de gran consumo como India y otros grandes jugadores de toda Europa. El rubro de alimentos secos y deshidratados es el principal para este tipo de mercados\u201d, coment\u00f3 Gerardo Arribas, del \u00e1rea de Alimentos de ProMendoza.<\/p>\n\n\n\n<p>\u201cComparado con 2023, en 2024 Mendoza export\u00f3 a Emiratos \u00c1rabes Unidos un 50 por ciento m\u00e1s en valores FOB, llegando a los 6.700.000 de d\u00f3lares. En cuanto al peso neto de las exportaciones, durante 2024 salieron 1897000 de kilos, un 26 por ciento m\u00e1s que en 2023. Adem\u00e1s, esta ciudad es un&nbsp;<em>hub&nbsp;<\/em>que permite que la mercader\u00eda llegue a decenas de pa\u00edses de todo el mundo\u201d, sum\u00f3.<\/p>\n\n\n\n<p>De nuestra provincia llegaron hasta los distintos pabellones argentinos en Dub\u00e1i firmas como Expoandes, F\u00e9nix, Trador SA, Agr\u00edcola Presidente, Terrandes, Pietrelli, Los Prunos y Prunuts.<\/p>\n\n\n\n<p>Desde General Alvear se mostraron con muchas expectativas los creadores de Zummy, el pur\u00e9 de frutas que ha tenido \u00e9xito en varios pa\u00edses. Su hacedor, Mariano Per\u00f3n, destac\u00f3: \u201cEs la primera vez que participamos con este producto, nuestro pur\u00e9 de frutas. Este es un mercado enorme y desde ac\u00e1 se exporta para otros pa\u00edses. Estamos buscando nuevos clientes para este mercado asi\u00e1tico que es s\u00faper importante\u201d, cont\u00f3 Mariano Per\u00f3n, de F\u00e9nix SA.<\/p>\n\n\n\n<p>Otro empresario de General Alvear, que comparte las expectativas de su vecino es Carlos Ponce, quien, con su firma Trador SA, lleg\u00f3 al pabell\u00f3n para afianzar y lograr nuevos mercados para sus frutas secas y disecadas. \u201cEs el puente entre Oriente y Occidente en t\u00e9rminos comerciales. Hemos tenido la posibilidad de hacer conocer nuestros productos, que hacemos en Bowen, a importadores de todo el mundo m\u00e1s all\u00e1 del mundo \u00e1rabe. Hemos tenido contacto con gente de Asia, Europa, otros pa\u00edses de Am\u00e9rica. Hay un crisol y una oferta muy interesante para nuestro producto\u201d, indic\u00f3 Ponce.<\/p>\n\n\n\n<p>Por otro lado, en la ciudad emirat\u00ed tambi\u00e9n se promocionan, entre otros comestibles, las nueces mendocinas del Valle de Uco. \u201cVenimos a mantener relaciones, a abrir nuevos canales de distribuci\u00f3n y lograr nuevos mercados. Estamos felices en este primer d\u00eda de Gulfood 2025\u201d, destac\u00f3 Marcos Barraud, de Agr\u00edcola Presidente.<\/p>\n\n\n\n<figure class=\"wp-block-gallery columns-2 is-cropped\"><ul class=\"blocks-gallery-grid\"><li class=\"blocks-gallery-item\"><figure><img loading=\"lazy\" width=\"1024\" height=\"1024\" src=\"https:\/\/www.promendoza.com\/wp-content\/uploads\/2025\/02\/WhatsApp-Image-2025-02-17-at-15.51.03-2-1024x1024.jpeg\" alt=\"\" data-id=\"15474\" data-full-url=\"https:\/\/www.promendoza.com\/wp-content\/uploads\/2025\/02\/WhatsApp-Image-2025-02-17-at-15.51.03-2.jpeg\" data-link=\"https:\/\/www.promendoza.com\/es\/?attachment_id=15474\" class=\"wp-image-15474\" srcset=\"https:\/\/www.promendoza.com\/wp-content\/uploads\/2025\/02\/WhatsApp-Image-2025-02-17-at-15.51.03-2-1024x1024.jpeg 1024w, https:\/\/www.promendoza.com\/wp-content\/uploads\/2025\/02\/WhatsApp-Image-2025-02-17-at-15.51.03-2-300x300.jpeg 300w, https:\/\/www.promendoza.com\/wp-content\/uploads\/2025\/02\/WhatsApp-Image-2025-02-17-at-15.51.03-2-150x150.jpeg 150w, https:\/\/www.promendoza.com\/wp-content\/uploads\/2025\/02\/WhatsApp-Image-2025-02-17-at-15.51.03-2-768x768.jpeg 768w, https:\/\/www.promendoza.com\/wp-content\/uploads\/2025\/02\/WhatsApp-Image-2025-02-17-at-15.51.03-2.jpeg 1536w, https:\/\/www.promendoza.com\/wp-content\/uploads\/2025\/02\/WhatsApp-Image-2025-02-17-at-15.51.03-2-55x55.jpeg 55w, https:\/\/www.promendoza.com\/wp-content\/uploads\/2025\/02\/WhatsApp-Image-2025-02-17-at-15.51.03-2-250x250.jpeg 250w, https:\/\/www.promendoza.com\/wp-content\/uploads\/2025\/02\/WhatsApp-Image-2025-02-17-at-15.51.03-2-580x580.jpeg 580w, https:\/\/www.promendoza.com\/wp-content\/uploads\/2025\/02\/WhatsApp-Image-2025-02-17-at-15.51.03-2-820x820.jpeg 820w, https:\/\/www.promendoza.com\/wp-content\/uploads\/2025\/02\/WhatsApp-Image-2025-02-17-at-15.51.03-2-1160x1160.jpeg 1160w\" sizes=\"(max-width: 1024px) 100vw, 1024px\" \/><\/figure><\/li><li class=\"blocks-gallery-item\"><figure><img loading=\"lazy\" width=\"1024\" height=\"1024\" src=\"https:\/\/www.promendoza.com\/wp-content\/uploads\/2025\/02\/WhatsApp-Image-2025-02-17-at-15.53.49-1-1024x1024.jpeg\" alt=\"\" data-id=\"15473\" data-full-url=\"https:\/\/www.promendoza.com\/wp-content\/uploads\/2025\/02\/WhatsApp-Image-2025-02-17-at-15.53.49-1.jpeg\" data-link=\"https:\/\/www.promendoza.com\/es\/?attachment_id=15473\" class=\"wp-image-15473\" srcset=\"https:\/\/www.promendoza.com\/wp-content\/uploads\/2025\/02\/WhatsApp-Image-2025-02-17-at-15.53.49-1-1024x1024.jpeg 1024w, https:\/\/www.promendoza.com\/wp-content\/uploads\/2025\/02\/WhatsApp-Image-2025-02-17-at-15.53.49-1-300x300.jpeg 300w, https:\/\/www.promendoza.com\/wp-content\/uploads\/2025\/02\/WhatsApp-Image-2025-02-17-at-15.53.49-1-150x150.jpeg 150w, https:\/\/www.promendoza.com\/wp-content\/uploads\/2025\/02\/WhatsApp-Image-2025-02-17-at-15.53.49-1-768x768.jpeg 768w, https:\/\/www.promendoza.com\/wp-content\/uploads\/2025\/02\/WhatsApp-Image-2025-02-17-at-15.53.49-1-1536x1536.jpeg 1536w, https:\/\/www.promendoza.com\/wp-content\/uploads\/2025\/02\/WhatsApp-Image-2025-02-17-at-15.53.49-1-55x55.jpeg 55w, https:\/\/www.promendoza.com\/wp-content\/uploads\/2025\/02\/WhatsApp-Image-2025-02-17-at-15.53.49-1-250x250.jpeg 250w, https:\/\/www.promendoza.com\/wp-content\/uploads\/2025\/02\/WhatsApp-Image-2025-02-17-at-15.53.49-1-580x580.jpeg 580w, https:\/\/www.promendoza.com\/wp-content\/uploads\/2025\/02\/WhatsApp-Image-2025-02-17-at-15.53.49-1-820x820.jpeg 820w, https:\/\/www.promendoza.com\/wp-content\/uploads\/2025\/02\/WhatsApp-Image-2025-02-17-at-15.53.49-1-1160x1160.jpeg 1160w, https:\/\/www.promendoza.com\/wp-content\/uploads\/2025\/02\/WhatsApp-Image-2025-02-17-at-15.53.49-1.jpeg 1600w\" sizes=\"(max-width: 1024px) 100vw, 1024px\" \/><\/figure><\/li><\/ul><\/figure>\n\n\n\n<figure class=\"wp-block-gallery columns-0 is-cropped\"><ul class=\"blocks-gallery-grid\"><\/ul><\/figure>\n","protected":false},"excerpt":{"rendered":"<p>Comenz\u00f3 este lunes en la ciudad de Dub\u00e1i, Emiratos \u00c1rabes, la trig\u00e9sima edici\u00f3n de&nbsp;Gulfood, una de las ferias de alimentos y bebidas m\u00e1s importantes del mundo. Empresarios mendocinos participan mostrando&#8230;<\/p>\n","protected":false},"author":1,"featured_media":15469,"comment_status":"closed","ping_status":"closed","sticky":false,"template":"","format":"image","meta":[],"categories":[98],"tags":[],"_links":{"self":[{"href":"https:\/\/www.promendoza.com\/en\/wp-json\/wp\/v2\/posts\/15468"}],"collection":[{"href":"https:\/\/www.promendoza.com\/en\/wp-json\/wp\/v2\/posts"}],"about":[{"href":"https:\/\/www.promendoza.com\/en\/wp-json\/wp\/v2\/types\/post"}],"author":[{"embeddable":true,"href":"https:\/\/www.promendoza.com\/en\/wp-json\/wp\/v2\/users\/1"}],"replies":[{"embeddable":true,"href":"https:\/\/www.promendoza.com\/en\/wp-json\/wp\/v2\/comments?post=15468"}],"version-history":[{"count":8,"href":"https:\/\/www.promendoza.com\/en\/wp-json\/wp\/v2\/posts\/15468\/revisions"}],"predecessor-version":[{"id":15491,"href":"https:\/\/www.promendoza.com\/en\/wp-json\/wp\/v2\/posts\/15468\/revisions\/15491"}],"wp:featuredmedia":[{"embeddable":true,"href":"https:\/\/www.promendoza.com\/en\/wp-json\/wp\/v2\/media\/15469"}],"wp:attachment":[{"href":"https:\/\/www.promendoza.com\/en\/wp-json\/wp\/v2\/media?parent=15468"}],"wp:term":[{"taxonomy":"category","embeddable":true,"href":"https:\/\/www.promendoza.com\/en\/wp-json\/wp\/v2\/categories?post=15468"},{"taxonomy":"post_tag","embeddable":true,"href":"https:\/\/www.promendoza.com\/en\/wp-json\/wp\/v2\/tags?post=15468"}],"curies":[{"name":"wp","href":"https:\/\/api.w.org\/{rel}","templated":true}]}}