{"id":15492,"date":"2025-02-20T09:32:34","date_gmt":"2025-02-20T12:32:34","guid":{"rendered":"https:\/\/www.promendoza.com\/es\/?p=15492"},"modified":"2025-04-23T17:04:46","modified_gmt":"2025-04-23T20:04:46","slug":"la-empresa-familiar-de-san-rafael-de-90-anos-que-debuta-en-la-feria-mas-importante-de-medio-oriente","status":"publish","type":"post","link":"https:\/\/www.promendoza.com\/en\/la-empresa-familiar-de-san-rafael-de-90-anos-que-debuta-en-la-feria-mas-importante-de-medio-oriente\/","title":{"rendered":"La empresa familiar de San Rafael de 90 a\u00f1os que debuta en la feria m\u00e1s importante de Medio Oriente"},"content":{"rendered":"<style type=\"text\/css\"><\/style>\n<figure class=\"wp-block-image\"><img alt=\"\"\/><\/figure>\n\n\n\n<p><strong>Varias empresas de Mendoza promocionan sus productos en Gulfood, la feria de alimentos y bebidas m\u00e1s importante de Medio Oriente, que atrae la atenci\u00f3n de importadores de todo el mundo.<\/strong><\/p>\n\n\n\n<p>Entre ellas, se destaca Los Prunos, una empresa familiar de San Rafael con m\u00e1s de 90 a\u00f1os de trayectoria en la elaboraci\u00f3n de frutas deshidratadas, que busca conquistar nuevos mercados con sus ciruelas, duraznos, tomate, pasas de uva y otros productos.<\/p>\n\n\n\n<p>En 2024, Los Prunos fue parte del programa \u00c1gil NEX de ProMendoza, que le brind\u00f3 herramientas clave para avanzar en su proceso de internacionalizaci\u00f3n.<\/p>\n\n\n\n<p>Durante el programa, la empresa particip\u00f3 en encuentros de negocios en un ambiente controlado con dos importadores, lo que le permiti\u00f3 recibir feedback directo, identificar sus principales barreras para exportar y dise\u00f1ar un plan estrat\u00e9gico a cargo de la consultora Noel Lebaudy.<\/p>\n\n\n\n<p>Actualmente, la tercera generaci\u00f3n de la familia lidera la empresa con el objetivo de expandir su presencia internacional. Desde Dub\u00e1i, Andr\u00e9s Vallejos, titular de Los Prunos describi\u00f3 a su empresa como \u201cuna familia dedicada a la producci\u00f3n, deshidratado y empaque de ciruelas, uvas, duraznos y tomates destinados para los mercados de Argentina y el mundo\u201d. Expres\u00f3 su orgullo por formar parte por primera vez de Gulfood: \u201cEs una experiencia impactante. Buscamos generar nuevos contactos y entender mejor el mercado. Esta feria re\u00fane a los actores m\u00e1s influyentes de la industria y nos brinda un aprendizaje invaluable sobre consumo y comercializaci\u00f3n\u201d, coment\u00f3.<\/p>\n\n\n\n<p>Tambi\u00e9n destac\u00f3 la importancia del acompa\u00f1amiento recibido: \u201cDespu\u00e9s de \u00c1gil NEX est\u00e1s m\u00e1s preparado. El programa te capacita y te da una visi\u00f3n global de lo que implica la internacionalizaci\u00f3n. El trabajo conjunto con Mar\u00eda Noel Lebaudy \u2013 excelente consultora que nos acompa\u00f1a hoy aqu\u00ed en Dub\u00e1i-&nbsp; y ProMendoza fue fundamental para llegar hasta aqu\u00ed\u201d, agreg\u00f3.<\/p>\n\n\n\n<p>\u00c1gil NEX potencia a las PyMEs mendocinas, brind\u00e1ndoles asesor\u00eda en exportaci\u00f3n y pr\u00e1cticas \u00e1giles para mejorar su competitividad en mercados internacionales. En 2025, el programa abrir\u00e1 nuevas oportunidades para empresas interesadas en sumarse a futuras ediciones. Para m\u00e1s informaci\u00f3n, se invita a contactar a Luciano Romero al correo&nbsp;<a rel=\"noreferrer noopener\" href=\"mailto:lromero@promendoza.com\" target=\"_blank\">lromero@promendoza.com<\/a><\/p>\n\n\n\n<figure class=\"wp-block-gallery columns-1 is-cropped\"><ul class=\"blocks-gallery-grid\"><li class=\"blocks-gallery-item\"><figure><img loading=\"lazy\" width=\"700\" height=\"700\" src=\"https:\/\/www.promendoza.com\/wp-content\/uploads\/2025\/02\/IMG-20250220-WA0030-700x700-1.jpg\" alt=\"\" data-id=\"15493\" data-full-url=\"https:\/\/www.promendoza.com\/wp-content\/uploads\/2025\/02\/IMG-20250220-WA0030-700x700-1.jpg\" data-link=\"https:\/\/www.promendoza.com\/es\/?attachment_id=15493\" class=\"wp-image-15493\" srcset=\"https:\/\/www.promendoza.com\/wp-content\/uploads\/2025\/02\/IMG-20250220-WA0030-700x700-1.jpg 700w, https:\/\/www.promendoza.com\/wp-content\/uploads\/2025\/02\/IMG-20250220-WA0030-700x700-1-300x300.jpg 300w, https:\/\/www.promendoza.com\/wp-content\/uploads\/2025\/02\/IMG-20250220-WA0030-700x700-1-150x150.jpg 150w, https:\/\/www.promendoza.com\/wp-content\/uploads\/2025\/02\/IMG-20250220-WA0030-700x700-1-55x55.jpg 55w, https:\/\/www.promendoza.com\/wp-content\/uploads\/2025\/02\/IMG-20250220-WA0030-700x700-1-250x250.jpg 250w, https:\/\/www.promendoza.com\/wp-content\/uploads\/2025\/02\/IMG-20250220-WA0030-700x700-1-580x580.jpg 580w\" sizes=\"(max-width: 700px) 100vw, 700px\" \/><\/figure><\/li><\/ul><\/figure>\n","protected":false},"excerpt":{"rendered":"<p>Varias empresas de Mendoza promocionan sus productos en Gulfood, la feria de alimentos y bebidas m\u00e1s importante de Medio Oriente, que atrae la atenci\u00f3n de importadores de todo el mundo&#8230;.<\/p>\n","protected":false},"author":1,"featured_media":15494,"comment_status":"closed","ping_status":"closed","sticky":false,"template":"","format":"image","meta":[],"categories":[123,98],"tags":[],"_links":{"self":[{"href":"https:\/\/www.promendoza.com\/en\/wp-json\/wp\/v2\/posts\/15492"}],"collection":[{"href":"https:\/\/www.promendoza.com\/en\/wp-json\/wp\/v2\/posts"}],"about":[{"href":"https:\/\/www.promendoza.com\/en\/wp-json\/wp\/v2\/types\/post"}],"author":[{"embeddable":true,"href":"https:\/\/www.promendoza.com\/en\/wp-json\/wp\/v2\/users\/1"}],"replies":[{"embeddable":true,"href":"https:\/\/www.promendoza.com\/en\/wp-json\/wp\/v2\/comments?post=15492"}],"version-history":[{"count":2,"href":"https:\/\/www.promendoza.com\/en\/wp-json\/wp\/v2\/posts\/15492\/revisions"}],"predecessor-version":[{"id":15496,"href":"https:\/\/www.promendoza.com\/en\/wp-json\/wp\/v2\/posts\/15492\/revisions\/15496"}],"wp:featuredmedia":[{"embeddable":true,"href":"https:\/\/www.promendoza.com\/en\/wp-json\/wp\/v2\/media\/15494"}],"wp:attachment":[{"href":"https:\/\/www.promendoza.com\/en\/wp-json\/wp\/v2\/media?parent=15492"}],"wp:term":[{"taxonomy":"category","embeddable":true,"href":"https:\/\/www.promendoza.com\/en\/wp-json\/wp\/v2\/categories?post=15492"},{"taxonomy":"post_tag","embeddable":true,"href":"https:\/\/www.promendoza.com\/en\/wp-json\/wp\/v2\/tags?post=15492"}],"curies":[{"name":"wp","href":"https:\/\/api.w.org\/{rel}","templated":true}]}}