{"id":15546,"date":"2025-03-08T14:08:16","date_gmt":"2025-03-08T17:08:16","guid":{"rendered":"https:\/\/www.promendoza.com\/es\/?p=15546"},"modified":"2025-03-08T14:08:50","modified_gmt":"2025-03-08T17:08:50","slug":"cornejo-anuncio-que-mendoza-sera-sede-de-la-feria-internacional-vinexpo-explorer","status":"publish","type":"post","link":"https:\/\/www.promendoza.com\/en\/cornejo-anuncio-que-mendoza-sera-sede-de-la-feria-internacional-vinexpo-explorer\/","title":{"rendered":"Cornejo anunci\u00f3 que Mendoza ser\u00e1 sede de la feria internacional Vinexpo Explorer"},"content":{"rendered":"<style type=\"text\/css\"><\/style>\n<figure class=\"wp-block-image\"><img alt=\"\"\/><\/figure>\n\n\n\n<h1><\/h1>\n\n\n\n<p><strong>En el desayuno que ofrece cada vendimia la Corporaci\u00f3n Vitivin\u00edcola Argentina, el Gobernador adelant\u00f3 la realizaci\u00f3n de un evento que ser\u00e1 el m\u00e1s grande de su tipo jam\u00e1s realizado en la Argentina. El encuentro reunir\u00e1 a 80 compradores internacionales y a 150 bodegas locales. Ante autoridades provinciales y nacionales, el mandatario dijo que Mendoza es hoy un \u201claboratorio de soluciones para el pa\u00eds\u201d.<\/strong><\/p>\n\n\n\n<p>En el marco del tradicional desayuno de la Corporaci\u00f3n Vitivin\u00edcola Argentina (COVIAR), el Gobernador de Mendoza, Alfredo Cornejo, realiz\u00f3 anuncios clave para el sector vitivin\u00edcola, as\u00ed como destac\u00f3 la importancia de la previsibilidad econ\u00f3mica y el rol del Estado en la generaci\u00f3n de condiciones propicias para la inversi\u00f3n y el desarrollo.<\/p>\n\n\n\n<p>En su discurso enfatiz\u00f3 la necesidad de consolidar la competitividad de la industria, fortalecer la infraestructura, avanzar en la apertura de nuevos mercados internacionales y abordar problem\u00e1ticas estructurales del sector productivo.<\/p>\n\n\n\n<p>Como es habitual, el desayuno se realiz\u00f3 en el Park Hyatt Hotel, uno de los encuentros pol\u00edticos e industriales m\u00e1s esperados del a\u00f1o. Estuvieron ah\u00ed gobernadores de las provincias vitivin\u00edcolas, el gabinete provincial, legisladores nacionales y provinciales, exgobernadores y autoridades nacionales, como Sergio Iraeta, secretario de Agricultura, Ganader\u00eda y Pesca, y Lisandro Catal\u00e1n, vicejefe de Gabinete del Interior.<\/p>\n\n\n\n<h5><strong>Vinexpo Explorer, un evento estrat\u00e9gico para la vitivinicultura<\/strong><\/h5>\n\n\n\n<p>Uno de los anuncios m\u00e1s relevantes fue la confirmaci\u00f3n de que Mendoza ser\u00e1 sede de Vinexpo Explorer, un evento internacional que ser\u00e1 realizado por primera vez en el Hemisferio Sur.<\/p>\n\n\n\n<p>Organizado por Vinexposium, ProMendoza y el Gobierno provincial, este encuentro reunir\u00e1 a 80 compradores internacionales y a 150 bodegas locales en un espacio de negociaci\u00f3n que incluir\u00e1 catas, reuniones B2B&nbsp;<em>(business-to-business<\/em>&nbsp;o bilaterales) y visitas a establecimientos vitivin\u00edcolas. Cornejo destac\u00f3 que la feria representa una oportunidad estrat\u00e9gica para posicionar la producci\u00f3n mendocina en mercados clave, consolidando as\u00ed su presencia en destinos tradicionales y abriendo nuevas oportunidades en pa\u00edses como India y Emiratos \u00c1rabes Unidos.<\/p>\n\n\n\n<p>\u201cEste evento ser\u00e1 el mayor de su tipo en Argentina y contribuir\u00e1 a reforzar nuestra presencia internacional tras a\u00f1os de crisis que dificultaron la expansi\u00f3n de nuestros productos. Es clave que las bodegas mendocinas acompa\u00f1en el esfuerzo y la inversi\u00f3n que realizamos desde el Estado provincial para ampliar las exportaciones y garantizar la sostenibilidad de la industria\u201d, sostuvo el gobernador. Asimismo anunci\u00f3 que la inscripci\u00f3n para las bodegas interesadas estar\u00e1 abierta hasta el 9 de julio a trav\u00e9s de las plataformas digitales de Vinexpo Explorer y ProMendoza.<\/p>\n\n\n\n<p>El mandatario provincial contextualiz\u00f3 estos anuncios en el marco de la transici\u00f3n econ\u00f3mica que atraviesa el pa\u00eds destacando la importancia de garantizar estabilidad fiscal y previsibilidad para el crecimiento del sector productivo. \u201cEstamos dando vuelta la p\u00e1gina despu\u00e9s de d\u00e9cadas de desajustes. La baja de la inflaci\u00f3n, la reducci\u00f3n del d\u00e9ficit y la eliminaci\u00f3n de distorsiones econ\u00f3micas son pasos fundamentales para recuperar la competitividad de nuestra econom\u00eda\u201d, afirm\u00f3. En este sentido hizo especial hincapi\u00e9 en la necesidad de que el pa\u00eds cuente con la Ley de Presupuesto para consolidar la institucionalidad y evitar medidas cortoplacistas que afecten el desarrollo de las provincias.<\/p>\n\n\n\n<h5><strong>Medidas para fortalecer la competitividad del sector<\/strong><\/h5>\n\n\n\n<p>Adem\u00e1s, Cornejo detall\u00f3 las medidas que el Gobierno provincial ha implementado para respaldar a la vitivinicultura subrayando que Mendoza mantiene la tasa cero para la producci\u00f3n primaria y que ha mejorado el Fondo Compensador Agr\u00edcola, lo que incluye su actualizaci\u00f3n por el \u00cdndice de Precios al Consumidor (IPC) para evitar la p\u00e9rdida del capital de trabajo de los productores afectados por contingencias clim\u00e1ticas.<\/p>\n\n\n\n<p>Tambi\u00e9n destac\u00f3 el financiamiento a tasa subsidiada por 60.000 millones de pesos gestionado a trav\u00e9s del Banco de la Naci\u00f3n y el Banco Ciudad, destinado a inversiones en eficiencia energ\u00e9tica, riego tecnificado y adquisici\u00f3n de mallas antigranizo, entre dem\u00e1s objetivos estrat\u00e9gicos para el sector.<\/p>\n\n\n\n<p>Otro de los puntos clave abordados en el discurso fue la eliminaci\u00f3n de la tasa estad\u00edstica y de las retenciones a la exportaci\u00f3n, medidas que \u2500seg\u00fan el Gobernador\u2500 permitir\u00e1n mejorar la competitividad de los productos mendocinos en los mercados internacionales.<\/p>\n\n\n\n<p>\u201cEl Estado no debe intervenir en la formaci\u00f3n de precios, sino generar un entorno propicio para la producci\u00f3n. Cuando ha intentado regular los valores de mercado, s\u00f3lo ha provocado anomal\u00edas que han impactado negativamente en la actividad\u201d, sostuvo Cornejo, reafirmando as\u00ed la postura de su gesti\u00f3n en favor de la desregulaci\u00f3n del sector agroindustrial.<\/p>\n\n\n\n<h5><strong>Infraestructura y obras clave para la producci\u00f3n<\/strong><\/h5>\n\n\n\n<p>En relaci\u00f3n con la infraestructura remarc\u00f3 que Mendoza ha asumido el costo fiscal de la Ley de Emergencia Agropecuaria cubriendo en algunos casos hasta la totalidad de impuestos y servicios para los productores afectados. Asimismo se\u00f1al\u00f3 que la provincia contin\u00faa invirtiendo en obras h\u00eddricas y en la construcci\u00f3n de rutas productivas, fundamentales para la sustentabilidad de la agroindustria y la optimizaci\u00f3n del uso del recurso h\u00eddrico en un contexto de cambio clim\u00e1tico. \u201cNuestro objetivo es garantizar que Mendoza siga siendo un modelo de eficiencia y planificaci\u00f3n, con un enfoque estrat\u00e9gico en la gesti\u00f3n del agua y el desarrollo de infraestructura clave para la producci\u00f3n\u201d, explic\u00f3.<\/p>\n\n\n\n<p>El mandatario tambi\u00e9n hizo \u00e9nfasis en la necesidad de que la Naci\u00f3n rembolse los fondos que Mendoza ha destinado a obras originalmente financiadas por el Gobierno central y que quedaron paralizadas. \u201cEsperamos que en un marco de entendimiento prime el sentido com\u00fan y que esos fondos puedan ser rembolsados, ya que son fundamentales para el desarrollo de nuestra provincia\u201d, expres\u00f3.<\/p>\n\n\n\n<h5><strong>Recuperaci\u00f3n de mercados y estrategia exportadora<\/strong><\/h5>\n\n\n\n<p>Hacia el final de su discurso, Cornejo reiter\u00f3 la necesidad de fortalecer el esfuerzo conjunto entre el Estado y el sector privado para recuperar los mercados internacionales y estimular el consumo interno. \u201cNo hay m\u00faltiples vitiviniculturas, hay una sola, y debemos avanzar en conjunto para potenciar nuestra reputaci\u00f3n y nuestras oportunidades de negocio\u201d, enfatiz\u00f3.<\/p>\n\n\n\n<p>De esta manera anunci\u00f3 que el Gobierno provincial est\u00e1 trabajando junto con la Canciller\u00eda para ampliar los cupos existentes y negociar aranceles en mercados emergentes. Tambi\u00e9n ponder\u00f3 que se han acordado tasas de prefinanciaci\u00f3n de exportaciones en d\u00f3lares, que rondan entre el 2,5% y el 3%, a trav\u00e9s del Banco de la Naci\u00f3n Argentina.<\/p>\n\n\n\n<p>Incluso subray\u00f3 la importancia de la participaci\u00f3n en ferias y misiones comerciales como una estrategia para consolidar la presencia de Mendoza en mercados clave. \u201cCon estas actividades, en un a\u00f1o estaremos presentes en todos nuestros mercados foco y abordaremos regiones que no pudimos seguir visitando por la crisis, como China\u201d, se\u00f1al\u00f3.<\/p>\n\n\n\n<h5><strong>Una Provincia con administraci\u00f3n eficiente<\/strong><\/h5>\n\n\n\n<p>Cornejo cerr\u00f3 su discurso reafirmando el compromiso de Mendoza con una gesti\u00f3n eficiente y orientada al crecimiento. \u201cNuestra Provincia ha demostrado que es posible administrar con equilibrio fiscal y con pol\u00edticas de desarrollo sostenibles. Hemos ejecutado ocho per\u00edodos consecutivos con equilibrio fiscal, creando as\u00ed un Estado m\u00e1s inteligente, eficiente y austero que garantiza la sostenibilidad de los contribuyentes\u201d, afirm\u00f3.<\/p>\n\n\n\n<p>Finalmente expres\u00f3 su respaldo al Gobierno nacional en el proceso de transformaci\u00f3n econ\u00f3mica y concluy\u00f3 con un mensaje de solidaridad hacia la ciudad de Bah\u00eda Blanca, afectada por un desastre clim\u00e1tico. \u201cMendoza seguir\u00e1 siendo un actor clave en la reconstrucci\u00f3n del pa\u00eds y en el crecimiento de la industria vitivin\u00edcola\u201d, concluy\u00f3.<\/p>\n\n\n\n<p>Con este conjunto de medidas, nuestra provincia reafirma su liderazgo en el sector vitivin\u00edcola consolidando su presencia en el comercio internacional y garantizando un marco de previsibilidad y desarrollo para los productores y las bodegas locales.<\/p>\n\n\n\n<p><strong>La perspectiva del presidente de la COVIAR<\/strong><\/p>\n\n\n\n<p>Abri\u00f3 el turno de discursos el presidente de la COVIAR, Mario Gonz\u00e1lez, quien destac\u00f3 la trascendencia de este encuentro, que reuni\u00f3 a m\u00e1s de 250 periodistas y 40 medios acreditados, reflejando el impacto del sector en la econom\u00eda argentina. Adem\u00e1s expres\u00f3 su solidaridad con la ciudad de Bah\u00eda Blanca por la dif\u00edcil situaci\u00f3n que atraviesa. \u201cEste evento es un espacio de encuentro clave para todos los actores de la vitivinicultura, donde trabajamos juntos para construir un futuro m\u00e1s s\u00f3lido y competitivo\u201d, afirm\u00f3.<\/p>\n\n\n\n<p>Gonz\u00e1lez subray\u00f3 la necesidad de fortalecer la competitividad de la industria vitivin\u00edcola para consolidar su posici\u00f3n en los mercados internacionales. Para eso propuso estabilizar la econom\u00eda, reducir costos log\u00edsticos y establecer acuerdos comerciales favorables. Tambi\u00e9n hizo hincapi\u00e9 en la importancia de un sistema financiero que se adapte a la naturaleza del sector, con cr\u00e9ditos accesibles y plazos adecuados para los productores.<\/p>\n\n\n\n<p>\u201cDebemos garantizar que la vitivinicultura tenga acceso a herramientas financieras acordes a sus ciclos productivos, permitiendo inversiones que nos den estabilidad y crecimiento a largo plazo\u201d, sostuvo. Adem\u00e1s destac\u00f3 el papel clave de la inversi\u00f3n en tecnolog\u00eda para mejorar la eficiencia en todos los eslabones de la cadena productiva.<\/p>\n\n\n\n<p>El titular de la COVIAR resalt\u00f3 la diversidad del sector, que incluye desde vinos de alta gama hasta productos derivados, como el jugo de uva concentrado y las pasas de uva, los cuales generan valor agregado y empleo en distintas regiones del pa\u00eds.<\/p>\n\n\n\n<p>Asimismo enfatiz\u00f3 que la entidad es la encargada de ejecutar el Plan Estrat\u00e9gico Vitivin\u00edcola a largo plazo, con un enfoque en la sostenibilidad y el desarrollo del turismo del vino como motor de crecimiento. \u201cLa vitivinicultura es una actividad econ\u00f3mica de alto valor agregado y generaci\u00f3n de empleo genuino. Es fundamental que trabajemos con visi\u00f3n de futuro para fortalecer cada uno de sus eslabones\u201d, remarc\u00f3.<\/p>\n\n\n\n<p>Finalmente, Gonz\u00e1lez agradeci\u00f3 el respaldo de las provincias vitivin\u00edcolas, en particular Mendoza y San Juan, que concentran la mayor parte de la producci\u00f3n. Tambi\u00e9n reconoci\u00f3 el apoyo de organismos como el Banco Interamericano de Desarrollo y el Consejo Federal de Inversiones, as\u00ed como el compromiso de las entidades agropecuarias y el sector privado. Reafirm\u00f3 la necesidad de un trabajo conjunto para enfrentar los desaf\u00edos del sector promoviendo pol\u00edticas que fortalezcan su desarrollo y posicionamiento en el mercado global.<\/p>\n","protected":false},"excerpt":{"rendered":"<p>En el desayuno que ofrece cada vendimia la Corporaci\u00f3n Vitivin\u00edcola Argentina, el Gobernador adelant\u00f3 la realizaci\u00f3n de un evento que ser\u00e1 el m\u00e1s grande de su tipo jam\u00e1s realizado en&#8230;<\/p>\n","protected":false},"author":1,"featured_media":15547,"comment_status":"closed","ping_status":"closed","sticky":false,"template":"","format":"image","meta":[],"categories":[118],"tags":[],"_links":{"self":[{"href":"https:\/\/www.promendoza.com\/en\/wp-json\/wp\/v2\/posts\/15546"}],"collection":[{"href":"https:\/\/www.promendoza.com\/en\/wp-json\/wp\/v2\/posts"}],"about":[{"href":"https:\/\/www.promendoza.com\/en\/wp-json\/wp\/v2\/types\/post"}],"author":[{"embeddable":true,"href":"https:\/\/www.promendoza.com\/en\/wp-json\/wp\/v2\/users\/1"}],"replies":[{"embeddable":true,"href":"https:\/\/www.promendoza.com\/en\/wp-json\/wp\/v2\/comments?post=15546"}],"version-history":[{"count":2,"href":"https:\/\/www.promendoza.com\/en\/wp-json\/wp\/v2\/posts\/15546\/revisions"}],"predecessor-version":[{"id":15549,"href":"https:\/\/www.promendoza.com\/en\/wp-json\/wp\/v2\/posts\/15546\/revisions\/15549"}],"wp:featuredmedia":[{"embeddable":true,"href":"https:\/\/www.promendoza.com\/en\/wp-json\/wp\/v2\/media\/15547"}],"wp:attachment":[{"href":"https:\/\/www.promendoza.com\/en\/wp-json\/wp\/v2\/media?parent=15546"}],"wp:term":[{"taxonomy":"category","embeddable":true,"href":"https:\/\/www.promendoza.com\/en\/wp-json\/wp\/v2\/categories?post=15546"},{"taxonomy":"post_tag","embeddable":true,"href":"https:\/\/www.promendoza.com\/en\/wp-json\/wp\/v2\/tags?post=15546"}],"curies":[{"name":"wp","href":"https:\/\/api.w.org\/{rel}","templated":true}]}}