{"id":15770,"date":"2025-04-21T10:43:00","date_gmt":"2025-04-21T13:43:00","guid":{"rendered":"https:\/\/www.promendoza.com\/es\/?p=15770"},"modified":"2025-04-29T10:46:25","modified_gmt":"2025-04-29T13:46:25","slug":"convocan-a-bodegas-a-una-charla-informativa-sobre-vinexpo-explorer-mendoza","status":"publish","type":"post","link":"https:\/\/www.promendoza.com\/en\/convocan-a-bodegas-a-una-charla-informativa-sobre-vinexpo-explorer-mendoza\/","title":{"rendered":"Convocan a bodegas a una charla informativa sobre Vinexpo Explorer Mendoza"},"content":{"rendered":"<style type=\"text\/css\"><\/style>\n<figure class=\"wp-block-image\"><img alt=\"\"\/><\/figure>\n\n\n\n<h5>El encuentro de empresarios vitivin\u00edcolas se realizar\u00e1 del 6 al 9 de octubre en nuestra provincia. Para participar en la charla informativa, inscribirse en&nbsp;<a href=\"https:\/\/acortar.link\/P0jRY3\">https:\/\/acortar.link\/P0jRY3<\/a>.<\/h5>\n\n\n\n<p>Mendoza ser\u00e1 sede de un encuentro internacional clave para el sector vitivin\u00edcola. Del 6 al 9 de octubre se realizar\u00e1 la primera edici\u00f3n de Vinexpo Explorer Mendoza, organizada por el Gobierno de Mendoza, ProMendoza y la firma francesa Vinexposium, en lo que ser\u00e1 la primera actividad en Sudam\u00e9rica de esta reconocida organizaci\u00f3n.<\/p>\n\n\n\n<p>Ser\u00e1 la primera vez que Mendoza reciba de manera simult\u00e1nea a tantos empresarios del rubro, lo que marcar\u00e1 un hito en la historia del comercio exterior de la provincia.<\/p>\n\n\n\n<p>Para brindar todos los detalles sobre c\u00f3mo participar, ProMendoza invita a una charla virtual dirigida a bodegas mendocinas interesadas en formar parte de esta importante iniciativa.<\/p>\n\n\n\n<p>Patricia Gim\u00e9nez, gerenta general de ProMendoza, destac\u00f3 la relevancia del evento: \u201cEsta es una oportunidad \u00fanica para las bodegas mendocinas. Poder recibir compradores de mercados estrat\u00e9gicos en nuestra provincia, en un entorno pensado para generar negocios reales, es un paso clave para seguir posicionando nuestros vinos en el mundo. Desde ProMendoza queremos que todas las bodegas, grandes y peque\u00f1as, puedan conocer las condiciones de participaci\u00f3n y sumarse a esta iniciativa\u201d.<\/p>\n\n\n\n<p>Charla informativa:<\/p>\n\n\n\n<p>Jueves 24 de abril | Horario: 12 a 13.<\/p>\n\n\n\n<p>Plataforma: Microsoft Teams.<\/p>\n\n\n\n<p>El mismo jueves por la ma\u00f1ana se enviar\u00e1 por correo electr\u00f3nico el enlace de acceso a la reuni\u00f3n virtual.<\/p>\n\n\n\n<p>Inscripci\u00f3n a la charla:&nbsp;&nbsp;<a href=\"https:\/\/acortar.link\/P0jRY3\">https:\/\/acortar.link\/P0jRY3<\/a>.<\/p>\n\n\n\n<p><strong>\u00bfQu\u00e9 es Vinexpo Explorer Mendoza?<\/strong><\/p>\n\n\n\n<p>Un encuentro global exclusivo que reunir\u00e1 en Mendoza a 80 compradores internacionales provenientes de Am\u00e9rica del Norte, Europa y Asia, con el objetivo de generar oportunidades comerciales de alto impacto con bodegas mendocinas.<\/p>\n\n\n\n<p>El programa Vinexpo Explorer Mendoza ofrecer\u00e1 una experiencia inmersiva en nuestra ic\u00f3nica regi\u00f3n vitivin\u00edcola. Contar\u00e1 con presentaciones \u00fanicas, visitas exclusivas a vi\u00f1edos, degustaciones refinadas y reuniones de negocios estrat\u00e9gicas.<\/p>\n\n\n\n<p>Las bodegas podr\u00e1n inscribirse en dos modalidades de participaci\u00f3n:<\/p>\n\n\n\n<p>\u2022&nbsp; Anfitriones (<em>Hosts<\/em>)<\/p>\n\n\n\n<p>\u2022&nbsp; Rondas de negocios B2B y&nbsp;<em>tasting<\/em><\/p>\n\n\n\n<p>Adem\u00e1s, todas las bodegas que se preinscriban correctamente formar\u00e1n parte del primer Directorio Exportador y Oferta Exportable de Mendoza, que ser\u00e1 publicado en el sitio de internet de ProMendoza durante el primer semestre de 2025 y utilizado en todas las acciones de promoci\u00f3n comercial de la instituci\u00f3n.<\/p>\n\n\n\n<p>Fechas clave de inscripci\u00f3n:<\/p>\n\n\n\n<p>\u2022&nbsp; Anfitriones (<em>Hosts<\/em>): hasta el 30 de mayo de 2025<\/p>\n\n\n\n<p>\u2022&nbsp;&nbsp;<em>Tasting&nbsp;<\/em>y rondas B2B: hasta el 9 de julio de 2025<\/p>\n\n\n\n<p>La preinscripci\u00f3n no garantiza la participaci\u00f3n en la ronda de negocios, pero s\u00ed asegura la inclusi\u00f3n en el cat\u00e1logo promocional.<\/p>\n","protected":false},"excerpt":{"rendered":"<p>El encuentro de empresarios vitivin\u00edcolas se realizar\u00e1 del 6 al 9 de octubre en nuestra provincia. Para participar en la charla informativa, inscribirse en&nbsp;https:\/\/acortar.link\/P0jRY3. Mendoza ser\u00e1 sede de un encuentro&#8230;<\/p>\n","protected":false},"author":1,"featured_media":15771,"comment_status":"closed","ping_status":"closed","sticky":false,"template":"","format":"image","meta":[],"categories":[130],"tags":[],"_links":{"self":[{"href":"https:\/\/www.promendoza.com\/en\/wp-json\/wp\/v2\/posts\/15770"}],"collection":[{"href":"https:\/\/www.promendoza.com\/en\/wp-json\/wp\/v2\/posts"}],"about":[{"href":"https:\/\/www.promendoza.com\/en\/wp-json\/wp\/v2\/types\/post"}],"author":[{"embeddable":true,"href":"https:\/\/www.promendoza.com\/en\/wp-json\/wp\/v2\/users\/1"}],"replies":[{"embeddable":true,"href":"https:\/\/www.promendoza.com\/en\/wp-json\/wp\/v2\/comments?post=15770"}],"version-history":[{"count":2,"href":"https:\/\/www.promendoza.com\/en\/wp-json\/wp\/v2\/posts\/15770\/revisions"}],"predecessor-version":[{"id":15773,"href":"https:\/\/www.promendoza.com\/en\/wp-json\/wp\/v2\/posts\/15770\/revisions\/15773"}],"wp:featuredmedia":[{"embeddable":true,"href":"https:\/\/www.promendoza.com\/en\/wp-json\/wp\/v2\/media\/15771"}],"wp:attachment":[{"href":"https:\/\/www.promendoza.com\/en\/wp-json\/wp\/v2\/media?parent=15770"}],"wp:term":[{"taxonomy":"category","embeddable":true,"href":"https:\/\/www.promendoza.com\/en\/wp-json\/wp\/v2\/categories?post=15770"},{"taxonomy":"post_tag","embeddable":true,"href":"https:\/\/www.promendoza.com\/en\/wp-json\/wp\/v2\/tags?post=15770"}],"curies":[{"name":"wp","href":"https:\/\/api.w.org\/{rel}","templated":true}]}}