{"id":15775,"date":"2025-04-23T09:07:00","date_gmt":"2025-04-23T12:07:00","guid":{"rendered":"https:\/\/www.promendoza.com\/es\/?p=15775"},"modified":"2025-05-05T10:03:54","modified_gmt":"2025-05-05T13:03:54","slug":"renovacion-anual-de-autoridades-de-promendoza","status":"publish","type":"post","link":"https:\/\/www.promendoza.com\/en\/renovacion-anual-de-autoridades-de-promendoza\/","title":{"rendered":"Renovaci\u00f3n anual de autoridades de ProMendoza"},"content":{"rendered":"<style type=\"text\/css\"><\/style>\n<figure class=\"wp-block-image\"><img alt=\"\"\/><\/figure>\n\n\n\n<h5>Como cada a\u00f1o, cumpliendo con la normativa, la Fundaci\u00f3n ProMendoza renov\u00f3 sus autoridades y nombr\u00f3 como nuevo presidente a Luis Romano, presidente de la Bolsa de Comercio de Mendoza. La gerencia general contin\u00faa en manos de Patricia Gim\u00e9nez.<\/h5>\n\n\n\n<p>La Fundaci\u00f3n ProMendoza es una entidad p\u00fablico-privada formada por el Gobierno de Mendoza, la Uni\u00f3n Comercial e Industrial, la Bolsa de Comercio y la Federaci\u00f3n Econ\u00f3mica de Mendoza.<\/p>\n\n\n\n<p>Este mi\u00e9rcoles, los representantes de esas instituciones eligieron las autoridades que estar\u00e1n al frente del organismo durante los pr\u00f3ximos doce meses. La n\u00f3mina de autoridades a partir del 23 de abril de 2025 qued\u00f3 establecida de la siguiente manera:<\/p>\n\n\n\n<ul><li>Presidente: Luis Romano. Bolsa de Comercio de Mendoza SA.<\/li><li>Vicepresidente 1\u00ba: Rodolfo Vargas Arizu. Gobierno de Mendoza.<\/li><li>Vicepresidente 2\u00ba: Santiago Laugero. FEM.<\/li><li>Vicepresidente 3\u00ba: Daniel Ariosto. UCIM.<\/li><li>Secretario General: Santiago P\u00e9rez Araujo. Bolsa de Comercio de Mendoza SA.<\/li><li>Tesorero: Marcelo Daniel Japaz. Gobierno de Mendoza.<\/li><li>Pro-Tesorero: Graciela Rovera. FEM.<\/li><li>Vocal: Juan Enrique Jos\u00e9 Viciana. UCIM.<\/li><li>Gerente General: Patricia Gim\u00e9nez.<\/li><\/ul>\n\n\n\n<p><strong>Sobre la Unidad ProMendoza<\/strong><\/p>\n\n\n\n<p>Creada por la Ley de Ministerios 9501, sancionada el 6 de diciembre de 2023, la Unidad ProMendoza es el organismo de Gobierno responsable de formular pol\u00edticas de internacionalizaci\u00f3n de la producci\u00f3n, promoci\u00f3n de inversiones y promoci\u00f3n comercial de la provincia en foros y organismos internacionales.<\/p>\n\n\n\n<p>La Fundaci\u00f3n ProMendoza se integra a esta unidad sin modificar su objeto, estatuto y reglamentaci\u00f3n. La presidenta de la Unidad ProMendoza del Gobierno provincial es Patricia Gim\u00e9nez.<\/p>\n","protected":false},"excerpt":{"rendered":"<p>Como cada a\u00f1o, cumpliendo con la normativa, la Fundaci\u00f3n ProMendoza renov\u00f3 sus autoridades y nombr\u00f3 como nuevo presidente a Luis Romano, presidente de la Bolsa de Comercio de Mendoza. La&#8230;<\/p>\n","protected":false},"author":1,"featured_media":15776,"comment_status":"closed","ping_status":"closed","sticky":false,"template":"","format":"image","meta":[],"categories":[54],"tags":[],"_links":{"self":[{"href":"https:\/\/www.promendoza.com\/en\/wp-json\/wp\/v2\/posts\/15775"}],"collection":[{"href":"https:\/\/www.promendoza.com\/en\/wp-json\/wp\/v2\/posts"}],"about":[{"href":"https:\/\/www.promendoza.com\/en\/wp-json\/wp\/v2\/types\/post"}],"author":[{"embeddable":true,"href":"https:\/\/www.promendoza.com\/en\/wp-json\/wp\/v2\/users\/1"}],"replies":[{"embeddable":true,"href":"https:\/\/www.promendoza.com\/en\/wp-json\/wp\/v2\/comments?post=15775"}],"version-history":[{"count":2,"href":"https:\/\/www.promendoza.com\/en\/wp-json\/wp\/v2\/posts\/15775\/revisions"}],"predecessor-version":[{"id":15778,"href":"https:\/\/www.promendoza.com\/en\/wp-json\/wp\/v2\/posts\/15775\/revisions\/15778"}],"wp:featuredmedia":[{"embeddable":true,"href":"https:\/\/www.promendoza.com\/en\/wp-json\/wp\/v2\/media\/15776"}],"wp:attachment":[{"href":"https:\/\/www.promendoza.com\/en\/wp-json\/wp\/v2\/media?parent=15775"}],"wp:term":[{"taxonomy":"category","embeddable":true,"href":"https:\/\/www.promendoza.com\/en\/wp-json\/wp\/v2\/categories?post=15775"},{"taxonomy":"post_tag","embeddable":true,"href":"https:\/\/www.promendoza.com\/en\/wp-json\/wp\/v2\/tags?post=15775"}],"curies":[{"name":"wp","href":"https:\/\/api.w.org\/{rel}","templated":true}]}}